{"id":5285,"date":"2024-12-06T10:05:03","date_gmt":"2024-12-06T09:05:03","guid":{"rendered":"https:\/\/ecg.berlin\/?p=5285"},"modified":"2024-12-06T10:06:10","modified_gmt":"2024-12-06T09:06:10","slug":"adventskonzert-2024","status":"publish","type":"post","link":"https:\/\/ecg.berlin\/ru\/adventskonzert-2024\/","title":{"rendered":"Adventskonzert 2024"},"content":{"rendered":"\n<p>Datum:15.12.2024 <br>Uhrzeit: 18:00 Uhr &#8212; Einlass ab 17:30 Uhr <br>Eintritt kostenfrei<\/p>\n\n\n\n<p>Weihnachtliche Musik im Zeitgem\u00e4\u00dfen Stil.<br>Genie\u00dfen Sie traditionelle Weihnachtslieder im modernen Gewand, pr\u00e4sentiert von talentierten Musikern. Am 15.12.2024 um 18:00 Uhr im Havell\u00e4nder Ring 40. Seien Sie dabei! Es wird ein unvergesslicher Abend, der die Vorfreude auf den eigentlichen Grund des Weihnachtsfestes verst\u00e4rken wird: Jesus Christus, der Retter der Welt, wurde geboren.<\/p>\n\n\n\n<figure class=\"wp-block-image size-large\"><img loading=\"lazy\" decoding=\"async\" width=\"730\" height=\"1024\" src=\"https:\/\/ecg.berlin\/wp-content\/uploads\/2024\/12\/Adventskonzert-2024-730x1024.png\" alt=\"\" class=\"wp-image-5289\" srcset=\"https:\/\/ecg.berlin\/wp-content\/uploads\/2024\/12\/Adventskonzert-2024-730x1024.png 730w, https:\/\/ecg.berlin\/wp-content\/uploads\/2024\/12\/Adventskonzert-2024-214x300.png 214w, https:\/\/ecg.berlin\/wp-content\/uploads\/2024\/12\/Adventskonzert-2024-768x1077.png 768w, https:\/\/ecg.berlin\/wp-content\/uploads\/2024\/12\/Adventskonzert-2024.png 856w\" sizes=\"auto, (max-width: 730px) 100vw, 730px\" \/><\/figure>\n","protected":false},"excerpt":{"rendered":"<p>Datum:15.12.2024 Uhrzeit: 18:00 Uhr &#8212; Einlass ab 17:30 Uhr Eintritt kostenfrei Weihnachtliche Musik im Zeitgem\u00e4\u00dfen Stil.Genie\u00dfen Sie traditionelle Weihnachtslieder im modernen Gewand, pr\u00e4sentiert von talentierten Musikern. Am 15.12.2024 um 18:00 Uhr im Havell\u00e4nder Ring 40. Seien Sie dabei! Es wird ein unvergesslicher Abend, der die Vorfreude auf den eigentlichen Grund des Weihnachtsfestes verst\u00e4rken wird: Jesus<\/p>\n","protected":false},"author":25,"featured_media":5286,"comment_status":"closed","ping_status":"closed","sticky":false,"template":"","format":"standard","meta":{"footnotes":""},"categories":[22],"tags":[],"class_list":{"0":"post-5285","1":"post","2":"type-post","3":"status-publish","4":"format-standard","5":"has-post-thumbnail","7":"category-neuigkeiten"},"_links":{"self":[{"href":"https:\/\/ecg.berlin\/ru\/wp-json\/wp\/v2\/posts\/5285","targetHints":{"allow":["GET"]}}],"collection":[{"href":"https:\/\/ecg.berlin\/ru\/wp-json\/wp\/v2\/posts"}],"about":[{"href":"https:\/\/ecg.berlin\/ru\/wp-json\/wp\/v2\/types\/post"}],"author":[{"embeddable":true,"href":"https:\/\/ecg.berlin\/ru\/wp-json\/wp\/v2\/users\/25"}],"replies":[{"embeddable":true,"href":"https:\/\/ecg.berlin\/ru\/wp-json\/wp\/v2\/comments?post=5285"}],"version-history":[{"count":2,"href":"https:\/\/ecg.berlin\/ru\/wp-json\/wp\/v2\/posts\/5285\/revisions"}],"predecessor-version":[{"id":5291,"href":"https:\/\/ecg.berlin\/ru\/wp-json\/wp\/v2\/posts\/5285\/revisions\/5291"}],"wp:featuredmedia":[{"embeddable":true,"href":"https:\/\/ecg.berlin\/ru\/wp-json\/wp\/v2\/media\/5286"}],"wp:attachment":[{"href":"https:\/\/ecg.berlin\/ru\/wp-json\/wp\/v2\/media?parent=5285"}],"wp:term":[{"taxonomy":"category","embeddable":true,"href":"https:\/\/ecg.berlin\/ru\/wp-json\/wp\/v2\/categories?post=5285"},{"taxonomy":"post_tag","embeddable":true,"href":"https:\/\/ecg.berlin\/ru\/wp-json\/wp\/v2\/tags?post=5285"}],"curies":[{"name":"wp","href":"https:\/\/api.w.org\/{rel}","templated":true}]}}