{"id":3785,"date":"2022-03-10T16:34:24","date_gmt":"2022-03-10T15:34:24","guid":{"rendered":"https:\/\/ecg.berlin\/?p=3785"},"modified":"2023-02-18T12:40:23","modified_gmt":"2023-02-18T11:40:23","slug":"ukraine","status":"publish","type":"post","link":"https:\/\/ecg.berlin\/ru\/ukraine\/","title":{"rendered":"Updates zur Fl\u00fcchtlingshilfe"},"content":{"rendered":"\n<p style=\"font-size:12px\">Unter diesem Artikel berichten wir von der <a href=\"https:\/\/ecg.berlin\/hilfe-fuer-fluechtlinge-aus-ukraine\/\" data-type=\"post\" data-id=\"3749\">Hilfe<\/a> an Flucht suchenden Menschen in Berlin und in der <a href=\"https:\/\/ecg.berlin\/kindermissionarin-svetlana-rabokon\/\" data-type=\"post\" data-id=\"377\">Ukraine<\/a> durch unsere Missionarin <a href=\"https:\/\/ecg.berlin\/kindermissionarin-svetlana-rabokon\/\" data-type=\"post\" data-id=\"377\">Svetlana<\/a>. Wir empfehlen auch regelm\u00e4\u00dfige Infos vom <a href=\"https:\/\/www.ebtc.org\/blog\/updates-und-aktuelle-gebetsanliegen-betet-fuer-die-ukraine\" data-type=\"URL\" data-id=\"https:\/\/www.ebtc.org\/blog\/updates-und-aktuelle-gebetsanliegen-betet-fuer-die-ukraine\">EBTC<\/a>. In unseren R\u00e4umlichkeiten werden zeitweise w\u00f6chentlich bis zu 30 Personen mit einem Schlafplatz, sauberer Kleidung, Verpflegung und s\u00e4mtlicher humanit\u00e4rer Hilfe versorgt, sowie t\u00e4glich in Berlin, Deutschland und Europa bez\u00fcglich ihrer weiter Fahrt vermittelt und koordiniert. Wir fahren regelm\u00e4\u00dfig mit unseren Transportern und 1-2 Tonnen Lebensmitteln und weiteren Hilfsg\u00fctern an die ukrainische Grenze. Einige Mitarbeiter k\u00fcmmern sich derzeit ausschlie\u00dflich um die Koordinierung der Fl\u00fcchtlingshilfe.<\/p>\n\n\n\n<p class=\"has-small-font-size\">Fl\u00fcchtlinge <a href=\"https:\/\/ecg.berlin\/hilfe-fuer-fluechtlinge-aus-ukraine\/\">unterst\u00fctzen<\/a>:<\/p>\n\n\n\n<ul class=\"has-small-font-size wp-block-list\">\n<li>Mit <strong>Gebet<\/strong><\/li>\n\n\n\n<li>Mit <strong>Sachspenden<\/strong>: Pro Transport werden jeweils ca. 50\u2013100 kg ben\u00f6tigt: <em>Nudeln; Buchweizen oder \u00e4hnliche Getreidesorten; Reis; Gem\u00fcsekonserven; Fleischkonserven; Tomatenso\u00dfe; Sonnenblumen\u00f6l. kleinere Mengen: Kekse; Schokolade; Tee, Zahnpasta\/-b\u00fcrsten; Seife; Decken\/Schlafs\u00e4cke<\/em><\/li>\n\n\n\n<li>Mit <strong><a href=\"https:\/\/ecg.berlin\/hilfe-fuer-fluechtlinge-aus-ukraine\/\" data-type=\"post\" data-id=\"3749\">praktischer Hilfe<\/a><\/strong>, <strong><a href=\"https:\/\/docs.google.com\/forms\/d\/e\/1FAIpQLScNMNuymwlz9NMUQD97OOoWUQ97oLHKu2eZkjo-fgL2GZYqyw\/viewform\">\u00dcbernachtungsplatz<\/a><\/strong> oder <strong><a href=\"https:\/\/ecg.berlin\/hilfe-fuer-fluechtlinge-aus-ukraine\/\">Spenden<\/a><\/strong> f\u00fcr Sprit und evangelistischer Literatur sowie Versorgung <\/li>\n<\/ul>\n\n\n\n<hr class=\"wp-block-separator has-css-opacity\"\/>\n\n\n\n<p class=\"has-large-font-size\">Aktuell<\/p>\n\n\n\n<p><strong>&#x1f4ea; Update von Svetlana Rabokon vom 9. November\u00a02022<\/strong><br>Gott sei Dank! Die Gnade des Herrn ist in allem sichtbar \u2013 Wetter, Transport, Essen und Sein Wort! In dem Dorf, in dem ich dienen durfte, sind nur noch wenige Menschen \u00fcbrig. Es gibt praktisch kein mittleres Alter, haupts\u00e4chlich \u00e4ltere Menschen und junge Menschen, Teenager zwischen 12 und 17 Jahren. Sie sind sehr offen f\u00fcr das, was wir ihnen weitergeben. Nun gibt es fast keine Literatur mehr. Die Leute begannen, nach der Bibel auf Ukrainisch zu fragen, so eine in gr\u00fcner Farbe. Ich lese seit mehreren Tagen aus einer solchen Bibel, und es ist eine ziemlich gute \u00dcbersetzung! \u00a0Daher die Nachfrage: Wenn sich die Gelegenheit ergibt, freuen wir uns auf weitere Lieferungen.<\/p>\n\n\n\n<figure class=\"wp-block-image size-large is-resized\"><img loading=\"lazy\" decoding=\"async\" src=\"https:\/\/ecg.berlin\/wp-content\/uploads\/2022\/11\/WhatsApp-Image-2022-11-08-at-17.22.10-1024x1024.jpeg\" alt=\"\" class=\"wp-image-4698\" width=\"512\" height=\"512\" srcset=\"https:\/\/ecg.berlin\/wp-content\/uploads\/2022\/11\/WhatsApp-Image-2022-11-08-at-17.22.10-1024x1024.jpeg 1024w, https:\/\/ecg.berlin\/wp-content\/uploads\/2022\/11\/WhatsApp-Image-2022-11-08-at-17.22.10-300x300.jpeg 300w, https:\/\/ecg.berlin\/wp-content\/uploads\/2022\/11\/WhatsApp-Image-2022-11-08-at-17.22.10-150x150.jpeg 150w, https:\/\/ecg.berlin\/wp-content\/uploads\/2022\/11\/WhatsApp-Image-2022-11-08-at-17.22.10-768x768.jpeg 768w, https:\/\/ecg.berlin\/wp-content\/uploads\/2022\/11\/WhatsApp-Image-2022-11-08-at-17.22.10-60x60.jpeg 60w, https:\/\/ecg.berlin\/wp-content\/uploads\/2022\/11\/WhatsApp-Image-2022-11-08-at-17.22.10.jpeg 1200w\" sizes=\"auto, (max-width: 512px) 100vw, 512px\" \/><\/figure>\n\n\n\n<figure class=\"wp-block-gallery has-nested-images columns-default is-cropped wp-block-gallery-1 is-layout-flex wp-block-gallery-is-layout-flex\">\n<figure class=\"wp-block-image size-large\"><img loading=\"lazy\" decoding=\"async\" width=\"768\" height=\"1024\" data-id=\"4702\" src=\"https:\/\/ecg.berlin\/wp-content\/uploads\/2022\/11\/WhatsApp-Image-2022-10-20-at-14.00.15-768x1024.jpeg\" alt=\"\" class=\"wp-image-4702\" srcset=\"https:\/\/ecg.berlin\/wp-content\/uploads\/2022\/11\/WhatsApp-Image-2022-10-20-at-14.00.15-768x1024.jpeg 768w, https:\/\/ecg.berlin\/wp-content\/uploads\/2022\/11\/WhatsApp-Image-2022-10-20-at-14.00.15-225x300.jpeg 225w, https:\/\/ecg.berlin\/wp-content\/uploads\/2022\/11\/WhatsApp-Image-2022-10-20-at-14.00.15.jpeg 900w\" sizes=\"auto, (max-width: 768px) 100vw, 768px\" \/><figcaption class=\"wp-element-caption\">Wir sind dankbar f\u00fcr die Literaturlieferung von joyforukraine.com\/de<\/figcaption><\/figure>\n\n\n\n<figure class=\"wp-block-image size-large\"><img loading=\"lazy\" decoding=\"async\" width=\"768\" height=\"1024\" data-id=\"4700\" src=\"https:\/\/ecg.berlin\/wp-content\/uploads\/2022\/11\/WhatsApp-Image-2022-10-26-at-18.15.05.jpeg\" alt=\"\" class=\"wp-image-4700\" srcset=\"https:\/\/ecg.berlin\/wp-content\/uploads\/2022\/11\/WhatsApp-Image-2022-10-26-at-18.15.05.jpeg 768w, https:\/\/ecg.berlin\/wp-content\/uploads\/2022\/11\/WhatsApp-Image-2022-10-26-at-18.15.05-225x300.jpeg 225w\" sizes=\"auto, (max-width: 768px) 100vw, 768px\" \/><\/figure>\n<\/figure>\n\n\n\n<p><strong>&#x1f4ea; Update\u00a0vom 9. November\u00a02022<\/strong><br>Diese Lebensmittel (195 kg) und christliche Literatur (ca. 215 kg) sind ab Dienstag unterwegs zu Svetlana. Bitte betet f\u00fcr bleibende und ewige Frucht im Reich Gottes!<\/p>\n\n\n\n<figure class=\"wp-block-image size-full is-resized\"><img loading=\"lazy\" decoding=\"async\" src=\"https:\/\/ecg.berlin\/wp-content\/uploads\/2022\/11\/WhatsApp-Image-2022-11-08-at-17.22.30.jpeg\" alt=\"\" class=\"wp-image-4696\" width=\"512\" height=\"384\" srcset=\"https:\/\/ecg.berlin\/wp-content\/uploads\/2022\/11\/WhatsApp-Image-2022-11-08-at-17.22.30.jpeg 1024w, https:\/\/ecg.berlin\/wp-content\/uploads\/2022\/11\/WhatsApp-Image-2022-11-08-at-17.22.30-300x225.jpeg 300w, https:\/\/ecg.berlin\/wp-content\/uploads\/2022\/11\/WhatsApp-Image-2022-11-08-at-17.22.30-768x576.jpeg 768w\" sizes=\"auto, (max-width: 512px) 100vw, 512px\" \/><\/figure>\n\n\n\n<p><strong>&#x1f4ec; Nachricht von Svetlana vom 11. Oktober 2022<\/strong><br>Wir haben alles f\u00fcr morgen eingepackt. Es ist ein Besuch bei 15 Krisenfamilien geplant. Danke f\u00fcr Unterst\u00fctzung und Gebet! Des Weiteren ist ein Treffen mit Gefl\u00fcchteten angesetzt: Verteilung von Literatur, Fragen und Antworten zur Bibel, humanit\u00e4re Hilfe.<\/p>\n\n\n\n<figure class=\"wp-block-image size-large is-resized\"><img loading=\"lazy\" decoding=\"async\" src=\"https:\/\/ecg.berlin\/wp-content\/uploads\/2022\/11\/WhatsApp-Image-2022-10-11-at-18.13.41-1024x1024.jpeg\" alt=\"\" class=\"wp-image-4694\" width=\"512\" height=\"512\" srcset=\"https:\/\/ecg.berlin\/wp-content\/uploads\/2022\/11\/WhatsApp-Image-2022-10-11-at-18.13.41-1024x1024.jpeg 1024w, https:\/\/ecg.berlin\/wp-content\/uploads\/2022\/11\/WhatsApp-Image-2022-10-11-at-18.13.41-300x300.jpeg 300w, https:\/\/ecg.berlin\/wp-content\/uploads\/2022\/11\/WhatsApp-Image-2022-10-11-at-18.13.41-150x150.jpeg 150w, https:\/\/ecg.berlin\/wp-content\/uploads\/2022\/11\/WhatsApp-Image-2022-10-11-at-18.13.41-768x768.jpeg 768w, https:\/\/ecg.berlin\/wp-content\/uploads\/2022\/11\/WhatsApp-Image-2022-10-11-at-18.13.41-60x60.jpeg 60w, https:\/\/ecg.berlin\/wp-content\/uploads\/2022\/11\/WhatsApp-Image-2022-10-11-at-18.13.41.jpeg 1200w\" sizes=\"auto, (max-width: 512px) 100vw, 512px\" \/><\/figure>\n\n\n\n<p><strong>&#x1f4ea; Update von Svetlana Rabokon vom 27. Oktober 2022<\/strong><br>Heute ist die Sendung angekommen und bereits unterwegs zu den Herzen. \u00a0<\/p>\n\n\n\n<p>\u201eGr\u00fc\u00dfe an alle! Nach dem Mittagessen konnten wir den Menschen dienen, die innerhalb des Landes geflohen sind und in Podolsk Zuflucht gefunden haben. Neben der Weitergabe von Literatur ist der Austausch mit Menschen immer m\u00f6glich! Ab n\u00e4chster Woche, wenn Gott will und es um 16:00 Uhr Strom gibt, werden wir uns treffen, um die Bibel zu lesen. Es gibt viele Interessenten. Die Menschen erhalten auch Nahrungs- und Kleidungshilfe. Heute waren es 120 Personen. Dank Euch! Danke an die Literaturlieferanten. Die Menschen wollen etwas \u00fcber Gott wissen! Und ich hoffe, dass viele von ihnen Gott selbst kennenlernen wollen!\u201c<\/p>\n\n\n\n<figure class=\"wp-block-image size-large is-resized\"><img loading=\"lazy\" decoding=\"async\" src=\"https:\/\/ecg.berlin\/wp-content\/uploads\/2022\/11\/1d3aa4fc-cda3-3fea-d1a4-8bf5014d9820-1024x1024.jpeg\" alt=\"\" class=\"wp-image-4692\" width=\"512\" height=\"512\" srcset=\"https:\/\/ecg.berlin\/wp-content\/uploads\/2022\/11\/1d3aa4fc-cda3-3fea-d1a4-8bf5014d9820-1024x1024.jpeg 1024w, https:\/\/ecg.berlin\/wp-content\/uploads\/2022\/11\/1d3aa4fc-cda3-3fea-d1a4-8bf5014d9820-300x300.jpeg 300w, https:\/\/ecg.berlin\/wp-content\/uploads\/2022\/11\/1d3aa4fc-cda3-3fea-d1a4-8bf5014d9820-150x150.jpeg 150w, https:\/\/ecg.berlin\/wp-content\/uploads\/2022\/11\/1d3aa4fc-cda3-3fea-d1a4-8bf5014d9820-768x768.jpeg 768w, https:\/\/ecg.berlin\/wp-content\/uploads\/2022\/11\/1d3aa4fc-cda3-3fea-d1a4-8bf5014d9820-60x60.jpeg 60w, https:\/\/ecg.berlin\/wp-content\/uploads\/2022\/11\/1d3aa4fc-cda3-3fea-d1a4-8bf5014d9820.jpeg 1200w\" sizes=\"auto, (max-width: 512px) 100vw, 512px\" \/><\/figure>\n\n\n\n<p><strong>5. Oktober 2022<\/strong><\/p>\n\n\n\n<p>&#x1f64f;\u00a0Die neue Literaturlieferung konnte Svetlana am 5. Oktober in Empfang nehmen.<\/p>\n\n\n\n<figure class=\"wp-block-image size-large is-resized\"><img loading=\"lazy\" decoding=\"async\" src=\"https:\/\/ecg.berlin\/wp-content\/uploads\/2022\/11\/7a94b996-4aea-b893-4e91-d8dd0fc8c610-768x1024.jpeg\" alt=\"\" class=\"wp-image-4690\" width=\"384\" height=\"512\" srcset=\"https:\/\/ecg.berlin\/wp-content\/uploads\/2022\/11\/7a94b996-4aea-b893-4e91-d8dd0fc8c610-768x1024.jpeg 768w, https:\/\/ecg.berlin\/wp-content\/uploads\/2022\/11\/7a94b996-4aea-b893-4e91-d8dd0fc8c610-225x300.jpeg 225w, https:\/\/ecg.berlin\/wp-content\/uploads\/2022\/11\/7a94b996-4aea-b893-4e91-d8dd0fc8c610.jpeg 900w\" sizes=\"auto, (max-width: 384px) 100vw, 384px\" \/><\/figure>\n\n\n\n<p><strong>29. September 2022<\/strong><\/p>\n\n\n\n<p>Aktuell diese Woche Wir danken f\u00fcr die bewahrte Fahrt in die Ukraine mit verschiedener evangelistischer Literatur (ca. 120\u0445 \u201eJesus unser Schicksal\u201c und 36x Russische Bibeln) f\u00fcr den Einsatz in befreiten Gebieten und eine Lieferung an Svetlana Rabokon.<\/p>\n\n\n\n<p>Letzte Woche konnten wir durch die Fahrt in die Ukraine unter anderem weitere evangelisttische Literatur verteilen. Es gab lange Schlangen um eine Bibel zu erhalten.<\/p>\n\n\n\n<figure class=\"wp-block-gallery has-nested-images columns-default is-cropped wp-block-gallery-2 is-layout-flex wp-block-gallery-is-layout-flex\">\n<figure class=\"wp-block-image size-large\"><img loading=\"lazy\" decoding=\"async\" width=\"1024\" height=\"1024\" data-id=\"4667\" src=\"https:\/\/ecg.berlin\/wp-content\/uploads\/2022\/09\/WhatsApp-Image-2022-09-29-at-13.47.52-1024x1024.jpeg\" alt=\"\" class=\"wp-image-4667\" srcset=\"https:\/\/ecg.berlin\/wp-content\/uploads\/2022\/09\/WhatsApp-Image-2022-09-29-at-13.47.52-1024x1024.jpeg 1024w, https:\/\/ecg.berlin\/wp-content\/uploads\/2022\/09\/WhatsApp-Image-2022-09-29-at-13.47.52-300x300.jpeg 300w, https:\/\/ecg.berlin\/wp-content\/uploads\/2022\/09\/WhatsApp-Image-2022-09-29-at-13.47.52-150x150.jpeg 150w, https:\/\/ecg.berlin\/wp-content\/uploads\/2022\/09\/WhatsApp-Image-2022-09-29-at-13.47.52-768x768.jpeg 768w, https:\/\/ecg.berlin\/wp-content\/uploads\/2022\/09\/WhatsApp-Image-2022-09-29-at-13.47.52-60x60.jpeg 60w, https:\/\/ecg.berlin\/wp-content\/uploads\/2022\/09\/WhatsApp-Image-2022-09-29-at-13.47.52.jpeg 1200w\" sizes=\"auto, (max-width: 1024px) 100vw, 1024px\" \/><\/figure>\n\n\n\n<figure class=\"wp-block-image size-large\"><img loading=\"lazy\" decoding=\"async\" width=\"1024\" height=\"1024\" data-id=\"4669\" src=\"https:\/\/ecg.berlin\/wp-content\/uploads\/2022\/09\/WhatsApp-Image-2022-09-29-at-13.46.44-1024x1024.jpeg\" alt=\"\" class=\"wp-image-4669\" srcset=\"https:\/\/ecg.berlin\/wp-content\/uploads\/2022\/09\/WhatsApp-Image-2022-09-29-at-13.46.44-1024x1024.jpeg 1024w, https:\/\/ecg.berlin\/wp-content\/uploads\/2022\/09\/WhatsApp-Image-2022-09-29-at-13.46.44-300x300.jpeg 300w, https:\/\/ecg.berlin\/wp-content\/uploads\/2022\/09\/WhatsApp-Image-2022-09-29-at-13.46.44-150x150.jpeg 150w, https:\/\/ecg.berlin\/wp-content\/uploads\/2022\/09\/WhatsApp-Image-2022-09-29-at-13.46.44-768x768.jpeg 768w, https:\/\/ecg.berlin\/wp-content\/uploads\/2022\/09\/WhatsApp-Image-2022-09-29-at-13.46.44-60x60.jpeg 60w, https:\/\/ecg.berlin\/wp-content\/uploads\/2022\/09\/WhatsApp-Image-2022-09-29-at-13.46.44.jpeg 1200w\" sizes=\"auto, (max-width: 1024px) 100vw, 1024px\" \/><\/figure>\n<\/figure>\n\n\n\n<figure class=\"wp-block-image size-large is-resized\"><img loading=\"lazy\" decoding=\"async\" src=\"https:\/\/ecg.berlin\/wp-content\/uploads\/2022\/09\/WhatsApp-Image-2022-09-18-at-06.54.37-1024x1024.jpeg\" alt=\"\" class=\"wp-image-4673\" width=\"512\" height=\"512\" srcset=\"https:\/\/ecg.berlin\/wp-content\/uploads\/2022\/09\/WhatsApp-Image-2022-09-18-at-06.54.37-1024x1024.jpeg 1024w, https:\/\/ecg.berlin\/wp-content\/uploads\/2022\/09\/WhatsApp-Image-2022-09-18-at-06.54.37-300x300.jpeg 300w, https:\/\/ecg.berlin\/wp-content\/uploads\/2022\/09\/WhatsApp-Image-2022-09-18-at-06.54.37-150x150.jpeg 150w, https:\/\/ecg.berlin\/wp-content\/uploads\/2022\/09\/WhatsApp-Image-2022-09-18-at-06.54.37-768x768.jpeg 768w, https:\/\/ecg.berlin\/wp-content\/uploads\/2022\/09\/WhatsApp-Image-2022-09-18-at-06.54.37-60x60.jpeg 60w, https:\/\/ecg.berlin\/wp-content\/uploads\/2022\/09\/WhatsApp-Image-2022-09-18-at-06.54.37.jpeg 1200w\" sizes=\"auto, (max-width: 512px) 100vw, 512px\" \/><\/figure>\n\n\n\n<p><strong>Nachricht von Svetlana Rabokon vom 16. September<\/strong><\/p>\n\n\n\n<p>Ich blicke ein St\u00fcck zur\u00fcck zum Beginn des Krieges. Ich bin Gott unendlich dankbar f\u00fcr die Arbeit, die ich hier in der Ukraine tun kann, unter Menschen, die wegen des Krieges in st\u00e4ndiger Angst und Furcht leben&#8230; Manchmal m\u00f6chte ich meine Emotionen offen zeigen, um die sehr wichtigen Erfahrungen meines eigenen Lebens mitzuteilen. Eine Erfahrung ist sehr schwer in Worte zu fassen &#8212; eine Erfahrung kann nur \u00fcbermittelt werden, wenn auch die Emotionen sichtbar sind. In manchen Momenten h\u00e4tte es mir wie Millionen von Menschen in der Ukraine ergehen k\u00f6nnen. Verwirrung, Verzweiflung und Angst \u00fcber das, was ich h\u00f6rte, haben viele Menschen innerlich zerfressen. Aggressionen lie\u00dfen viele aus Hilflosigkeit aneinander aus oder zogen sich umgekehrt in die Stille zur\u00fcck. Innerlich hatte ich auch Schmerzen durch zerst\u00f6rte St\u00e4dte und der Schmerz \u00fcber den Verlust von Menschen hielt mich wach. \u00c4u\u00dferlich musste ich mich zusammenrei\u00dfen. Ich war die Missionarin, die von vielen Waisenkindern &#171;Mama&#187; genannt wurde. Manchmal versp\u00fcrte ich den Druck, diese Rollen unter diesen Kriegsumst\u00e4nden nicht wenigstens teilweise erf\u00fcllen zu k\u00f6nnen, aber ich zweifelte nie daran, dass Christus auch jetzt, in diesen schrecklichen Tagen, bei mir ist. Die Leute, die hier sind, m\u00fcssen mich als Unterst\u00fctzung gesehen haben. Und ich hielt mich zittrig fest, schluckte Tr\u00e4nen der Schw\u00e4che, aber ich teilte meinen Glauben an den Herrn! Der Glaube, der mein Zentrum in jeder Situation ist. Die Nachrichten, die ich las, die Ungewissheit und die Angst vieler Menschen um mich herum, der Schmerz derer, die mich um Hilfe baten, lie\u00dfen mein Herz erschauern. Die Unterst\u00fctzung der Gemeinde ist mir sehr wichtig &#8212; die Unterst\u00fctzung derer, die einen n\u00fcchternen Kopf, ein weiches Herz und eine besondere Sensibilit\u00e4t hatten, um alle meine Botschaften anzuh\u00f6ren, ohne mich zusammenbrechen zu lassen. Die W\u00e4rme der Hand eines Freundes sp\u00fcrt man besonders in kalten Wintern. Sie geben einem das Gef\u00fchl von W\u00e4rme!<\/p>\n\n\n\n<p>W\u00e4hrend des gesamten Krieges, der inzwischen mehr als zweihundert Tage andauert, setzte ich meinen ganzen Glauben und alle meine Mittel ein, um das Leben der Menschen zu retten und sie von der Erl\u00f6sung in Christus h\u00f6ren zu lassen. Und das tat ich so oft ich konnte. Lastwagenkonvois, Evakuierungen, Fl\u00fcchtlingsumsiedlung und Krisenhilfe &#8230; Manchmal war ich in solchen Situationen, in denen mein Schreibtisch als B\u00fcgelbrett diente. Aber ich habe meine Berufung gelebt! Und ich habe nie aufgeh\u00f6rt, anderen zu helfen, meinen Glauben mit ihnen zu teilen und sie anzustecken.<br>Dazwischen habe ich nie aufgeh\u00f6rt, in meinem Glauben und in meiner Hoffnung auf Gott zu wachsen.<br>Ich habe immer wieder dar\u00fcber nachgedacht, wie wichtig es ist, zu lernen, Gott im Anderen zu erkennen! Bei denen, die viel pers\u00f6nlichen Schmerz in sich tragen, und bei denen, die die Stimme des Zweifels in sich selbst h\u00f6ren, dass es keinen Ausweg gibt. Auf irgendeine Weise Menschen mit ihren Schmerzen verstehen zu k\u00f6nnen. Die Ungewissheit hilft uns manchmal, mehr daran zu denken, wie es Christus in Gethsemane erging.<\/p>\n\n\n\n<p>Trotz all meiner Erfahrungen habe ich nie den Schmerz der Einsamkeit gesp\u00fcrt, wie es bei viele Menschen heutzutage in der Ukraine der Fall ist. Ich bitte den Herrn oft um so viel W\u00e4rme in meinem Herzen, wie ich kann, damit es genug W\u00e4rme f\u00fcr alle gibt! Und ich bitte immer um Vergebung f\u00fcr die K\u00e4lte und den Luftzug in meinem eigenen Herzen. Wenn ich, obwohl ich liebevoll in irgendeiner Weise geholfen habe, so wenig getan habe. Ich bitte um die Kraft, treu zu sein, Christus in anderen zu sehen und noch viel mehr zu tun! Nicht, um mir dadurch Gastfreundschaft und Hilfe zu erwerben, sondern um die Schwierigkeiten eines Menschen gezielt auf Gottes Ruf der Liebe hin zu ver\u00e4ndern! Ich danke dem Herrn, dass er mich in solchen Momenten gelehrt hat, dass zwischen Glaube und Zeugnis auch Taten stehen m\u00fcssen! Ich danke meinem Erl\u00f6ser, dass er mich trotz dieser Gedanken an meine Unvollkommenheit friedlich schlafen l\u00e4sst. Ich danke ihm, dass er mich auf diese Weise gelehrt hat.<\/p>\n\n\n\n<p>Aber was kann ich manchmal sagen, au\u00dfer den Worten eines Fischers: &#171;Herr, Du wei\u00dft alles, Du wei\u00dft, dass ich Dich liebe!\u201c? Vielen Dank an alle, die an dem Dienst beteiligt sind, den der Herr und die Gemeinde mir anvertraut haben!<\/p>\n\n\n\n<p>Bitte betet f\u00fcr die Fortsetzung meines Dienstes. Nun bin ich &#8212; Gott sei Dank! &#8212; zu meinem Dienst unter den Kindern in den Waisenh\u00e4usern zur\u00fcckgekehrt, vorerst an zwei Tagen pro Woche&#8230; Derzeit leben 70 Kinder im Waisenhaus.<\/p>\n\n\n\n<figure class=\"wp-block-image size-large is-resized\"><img loading=\"lazy\" decoding=\"async\" src=\"https:\/\/ecg.berlin\/wp-content\/uploads\/2022\/11\/WhatsApp-Image-2022-09-18-at-06.54.37-1024x1024.jpeg\" alt=\"\" class=\"wp-image-4687\" width=\"512\" height=\"512\" srcset=\"https:\/\/ecg.berlin\/wp-content\/uploads\/2022\/11\/WhatsApp-Image-2022-09-18-at-06.54.37-1024x1024.jpeg 1024w, https:\/\/ecg.berlin\/wp-content\/uploads\/2022\/11\/WhatsApp-Image-2022-09-18-at-06.54.37-300x300.jpeg 300w, https:\/\/ecg.berlin\/wp-content\/uploads\/2022\/11\/WhatsApp-Image-2022-09-18-at-06.54.37-150x150.jpeg 150w, https:\/\/ecg.berlin\/wp-content\/uploads\/2022\/11\/WhatsApp-Image-2022-09-18-at-06.54.37-768x768.jpeg 768w, https:\/\/ecg.berlin\/wp-content\/uploads\/2022\/11\/WhatsApp-Image-2022-09-18-at-06.54.37-60x60.jpeg 60w, https:\/\/ecg.berlin\/wp-content\/uploads\/2022\/11\/WhatsApp-Image-2022-09-18-at-06.54.37.jpeg 1200w\" sizes=\"auto, (max-width: 512px) 100vw, 512px\" \/><\/figure>\n\n\n\n<p><strong>8. September 2022<\/strong><\/p>\n\n\n\n<p>Diese Woche war reich gef\u00fcllt im Dienst f\u00fcr den Herrn. Die Literatur ist bereits komplett verteilt. Wir hatten einige M\u00f6glichkeiten, auch Evangelisationseins\u00e4tze auf der Stra\u00dfe durchzuf\u00fchren. Diesen Dienst wollen wir auch weiter fortf\u00fchren. Wir hatten viele gute Gespr\u00e4che mit den Menschen und konnten die verbliebenen Neuen Testamente mitgeben.<\/p>\n\n\n\n<figure class=\"wp-block-image size-large is-resized\"><img loading=\"lazy\" decoding=\"async\" src=\"https:\/\/ecg.berlin\/wp-content\/uploads\/2022\/11\/WhatsApp-Image-2022-09-07-at-20.54.44-1024x1024.jpeg\" alt=\"\" class=\"wp-image-4684\" width=\"512\" height=\"512\" srcset=\"https:\/\/ecg.berlin\/wp-content\/uploads\/2022\/11\/WhatsApp-Image-2022-09-07-at-20.54.44-1024x1024.jpeg 1024w, https:\/\/ecg.berlin\/wp-content\/uploads\/2022\/11\/WhatsApp-Image-2022-09-07-at-20.54.44-300x300.jpeg 300w, https:\/\/ecg.berlin\/wp-content\/uploads\/2022\/11\/WhatsApp-Image-2022-09-07-at-20.54.44-150x150.jpeg 150w, https:\/\/ecg.berlin\/wp-content\/uploads\/2022\/11\/WhatsApp-Image-2022-09-07-at-20.54.44-768x768.jpeg 768w, https:\/\/ecg.berlin\/wp-content\/uploads\/2022\/11\/WhatsApp-Image-2022-09-07-at-20.54.44-60x60.jpeg 60w, https:\/\/ecg.berlin\/wp-content\/uploads\/2022\/11\/WhatsApp-Image-2022-09-07-at-20.54.44.jpeg 1200w\" sizes=\"auto, (max-width: 512px) 100vw, 512px\" \/><\/figure>\n\n\n\n<p><strong>4. September 2022<\/strong><\/p>\n\n\n\n<p>Svetlana Rabokon bedankt sich f\u00fcr die neue Literaturlieferung von uns als Gemeinde in dieser Woche. Sie sind nach Odessa gefahren um diese dort zu verteilen.<\/p>\n\n\n\n<figure class=\"wp-block-image size-large is-resized\"><img loading=\"lazy\" decoding=\"async\" src=\"https:\/\/ecg.berlin\/wp-content\/uploads\/2022\/11\/WhatsApp-Image-2022-09-04-at-09.19.24-1024x1024.jpeg\" alt=\"\" class=\"wp-image-4682\" width=\"512\" height=\"512\" srcset=\"https:\/\/ecg.berlin\/wp-content\/uploads\/2022\/11\/WhatsApp-Image-2022-09-04-at-09.19.24-1024x1024.jpeg 1024w, https:\/\/ecg.berlin\/wp-content\/uploads\/2022\/11\/WhatsApp-Image-2022-09-04-at-09.19.24-300x300.jpeg 300w, https:\/\/ecg.berlin\/wp-content\/uploads\/2022\/11\/WhatsApp-Image-2022-09-04-at-09.19.24-150x150.jpeg 150w, https:\/\/ecg.berlin\/wp-content\/uploads\/2022\/11\/WhatsApp-Image-2022-09-04-at-09.19.24-768x768.jpeg 768w, https:\/\/ecg.berlin\/wp-content\/uploads\/2022\/11\/WhatsApp-Image-2022-09-04-at-09.19.24-60x60.jpeg 60w, https:\/\/ecg.berlin\/wp-content\/uploads\/2022\/11\/WhatsApp-Image-2022-09-04-at-09.19.24.jpeg 1200w\" sizes=\"auto, (max-width: 512px) 100vw, 512px\" \/><\/figure>\n\n\n\n<p><strong>5. August 2022<\/strong><\/p>\n\n\n\n<p>Aktuelles aus dem russisch-ukrainischen Camp im Freizeitheim Wollin:<br>Es sind ca. 75 Teilnehmer und ca. 25 Mitarbeiter vor Ort. Wir beten um Bewahrung und die vollm\u00e4chtige Erweisung von Gottes Wort in den Kinderherzen.<\/p>\n\n\n\n<figure class=\"wp-block-gallery has-nested-images columns-default is-cropped wp-block-gallery-3 is-layout-flex wp-block-gallery-is-layout-flex\">\n<figure class=\"wp-block-image size-large\"><img loading=\"lazy\" decoding=\"async\" width=\"1024\" height=\"768\" data-id=\"4635\" src=\"https:\/\/ecg.berlin\/wp-content\/uploads\/2022\/08\/WhatsApp-Image-2022-08-03-at-12.15.34-1.jpeg\" alt=\"\" class=\"wp-image-4635\" srcset=\"https:\/\/ecg.berlin\/wp-content\/uploads\/2022\/08\/WhatsApp-Image-2022-08-03-at-12.15.34-1.jpeg 1024w, https:\/\/ecg.berlin\/wp-content\/uploads\/2022\/08\/WhatsApp-Image-2022-08-03-at-12.15.34-1-300x225.jpeg 300w, https:\/\/ecg.berlin\/wp-content\/uploads\/2022\/08\/WhatsApp-Image-2022-08-03-at-12.15.34-1-768x576.jpeg 768w\" sizes=\"auto, (max-width: 1024px) 100vw, 1024px\" \/><\/figure>\n\n\n\n<figure class=\"wp-block-image size-large\"><img loading=\"lazy\" decoding=\"async\" width=\"1024\" height=\"1024\" data-id=\"4637\" src=\"https:\/\/ecg.berlin\/wp-content\/uploads\/2022\/08\/WhatsApp-Image-2022-08-04-at-21.19.40-1-1024x1024.jpeg\" alt=\"\" class=\"wp-image-4637\" srcset=\"https:\/\/ecg.berlin\/wp-content\/uploads\/2022\/08\/WhatsApp-Image-2022-08-04-at-21.19.40-1.jpeg 1024w, https:\/\/ecg.berlin\/wp-content\/uploads\/2022\/08\/WhatsApp-Image-2022-08-04-at-21.19.40-1-300x300.jpeg 300w, https:\/\/ecg.berlin\/wp-content\/uploads\/2022\/08\/WhatsApp-Image-2022-08-04-at-21.19.40-1-150x150.jpeg 150w, https:\/\/ecg.berlin\/wp-content\/uploads\/2022\/08\/WhatsApp-Image-2022-08-04-at-21.19.40-1-768x768.jpeg 768w, https:\/\/ecg.berlin\/wp-content\/uploads\/2022\/08\/WhatsApp-Image-2022-08-04-at-21.19.40-1-60x60.jpeg 60w\" sizes=\"auto, (max-width: 1024px) 100vw, 1024px\" \/><\/figure>\n\n\n\n<figure class=\"wp-block-image size-large\"><img loading=\"lazy\" decoding=\"async\" width=\"1024\" height=\"576\" data-id=\"4639\" src=\"https:\/\/ecg.berlin\/wp-content\/uploads\/2022\/08\/WhatsApp-Image-2022-08-03-at-12.15.34-1024x576.jpeg\" alt=\"\" class=\"wp-image-4639\" srcset=\"https:\/\/ecg.berlin\/wp-content\/uploads\/2022\/08\/WhatsApp-Image-2022-08-03-at-12.15.34-1024x576.jpeg 1024w, https:\/\/ecg.berlin\/wp-content\/uploads\/2022\/08\/WhatsApp-Image-2022-08-03-at-12.15.34-300x169.jpeg 300w, https:\/\/ecg.berlin\/wp-content\/uploads\/2022\/08\/WhatsApp-Image-2022-08-03-at-12.15.34-768x432.jpeg 768w, https:\/\/ecg.berlin\/wp-content\/uploads\/2022\/08\/WhatsApp-Image-2022-08-03-at-12.15.34-1536x864.jpeg 1536w, https:\/\/ecg.berlin\/wp-content\/uploads\/2022\/08\/WhatsApp-Image-2022-08-03-at-12.15.34.jpeg 1600w\" sizes=\"auto, (max-width: 1024px) 100vw, 1024px\" \/><\/figure>\n\n\n\n<figure class=\"wp-block-image size-large\"><img loading=\"lazy\" decoding=\"async\" width=\"1024\" height=\"576\" data-id=\"4641\" src=\"https:\/\/ecg.berlin\/wp-content\/uploads\/2022\/08\/WhatsApp-Image-2022-08-03-at-12.15.34-2-1024x576.jpeg\" alt=\"\" class=\"wp-image-4641\" srcset=\"https:\/\/ecg.berlin\/wp-content\/uploads\/2022\/08\/WhatsApp-Image-2022-08-03-at-12.15.34-2-1024x576.jpeg 1024w, https:\/\/ecg.berlin\/wp-content\/uploads\/2022\/08\/WhatsApp-Image-2022-08-03-at-12.15.34-2-300x169.jpeg 300w, https:\/\/ecg.berlin\/wp-content\/uploads\/2022\/08\/WhatsApp-Image-2022-08-03-at-12.15.34-2-768x432.jpeg 768w, https:\/\/ecg.berlin\/wp-content\/uploads\/2022\/08\/WhatsApp-Image-2022-08-03-at-12.15.34-2-1536x864.jpeg 1536w, https:\/\/ecg.berlin\/wp-content\/uploads\/2022\/08\/WhatsApp-Image-2022-08-03-at-12.15.34-2.jpeg 1600w\" sizes=\"auto, (max-width: 1024px) 100vw, 1024px\" \/><figcaption class=\"wp-element-caption\">Freizeitheim Wollin<\/figcaption><\/figure>\n<\/figure>\n\n\n\n<figure class=\"wp-block-image size-large is-resized\"><img loading=\"lazy\" decoding=\"async\" src=\"https:\/\/ecg.berlin\/wp-content\/uploads\/2022\/08\/WhatsApp-Image-2022-08-04-at-21.19.40-1024x1024.jpeg\" alt=\"\" class=\"wp-image-4632\" width=\"512\" height=\"512\" srcset=\"https:\/\/ecg.berlin\/wp-content\/uploads\/2022\/08\/WhatsApp-Image-2022-08-04-at-21.19.40.jpeg 1024w, https:\/\/ecg.berlin\/wp-content\/uploads\/2022\/08\/WhatsApp-Image-2022-08-04-at-21.19.40-300x300.jpeg 300w, https:\/\/ecg.berlin\/wp-content\/uploads\/2022\/08\/WhatsApp-Image-2022-08-04-at-21.19.40-150x150.jpeg 150w, https:\/\/ecg.berlin\/wp-content\/uploads\/2022\/08\/WhatsApp-Image-2022-08-04-at-21.19.40-768x768.jpeg 768w, https:\/\/ecg.berlin\/wp-content\/uploads\/2022\/08\/WhatsApp-Image-2022-08-04-at-21.19.40-60x60.jpeg 60w\" sizes=\"auto, (max-width: 512px) 100vw, 512px\" \/><figcaption class=\"wp-element-caption\">Aus der Ukraine<\/figcaption><\/figure>\n\n\n\n<p><strong>4. August 2022<\/strong><\/p>\n\n\n\n<p>Nachricht von Svetlana Rabokon<br>Hallo liebe Gemeinde,<\/p>\n\n\n\n<p>heute habe ich einen freien Tag und obwohl die letzten Tage sehr anstrengend und voll waren, darf ich nach den Camps f\u00fcr die Waisenkinder viel Freude haben. Ich freue mich sehr, dass Gott dieses Lager durch die vielen helfenden H\u00e4nde m\u00f6glich gemacht hat. Es wurde nicht nur von unserer Gemeinde aus Berlin unterst\u00fctzt (finanziell), sondern Gott \u00f6ffnete auch den Menschen, die mich hier in der Ukraine umgeben, die Herzen, wodurch alle finanziellen L\u00fccken geschlossen worden sind.<br>Der Umgang mit den Waisenkindern in den Camps war nicht sehr einfach. Diese Kinder haben schon Situationen erlebt, die man niemanden w\u00fcnscht. Einige Kinder sind auch erst jetzt im Krieg zu Waisen geworden. Einen Teil der Kinder k\u00f6nnt ihr auch auf dem mitgeschickten Foto sehen.<\/p>\n\n\n\n<p>Das Thema der Freizeit war \u201eIch bin das Brot des Lebens\u201c (das sagte Jesus). Doch bevor wir mit den Kindern in die Bibel schauten, mussten wir einander intensiv kennenlernen. Wenn Kinder viel Not erlitten haben, ist es schwer, mit ihnen direkt in Gottes Wort zu schauen.<br>Diese Kinder haben den Krieg mit eigenen Augen gesehen. Und ein M\u00e4dchen, dessen Eltern Alkoholiker sind, wusste auch nicht, was ein K\u00fchlschrank ist. Sie hatte wochenlang nichts zu essen. Sie ging immer wilde Beeren sammeln oder nahm sich heimlich welche beim Nachbarn, um sich und ihren j\u00fcngeren Bruder zu versorgen. Sie ist 15 und ihr Bruder 12, welcher allerdings unterentwickelt ist. Sie sorgt sich immer sehr um ihren Bruder und l\u00e4sst auch seine Hand nicht los. Als ihre alkoholisierte Mutter eines Tages sah, wie sie Himbeeren f\u00fcr sich und ihren Bruder brachte, entriss sie diese dem M\u00e4dchen aus den H\u00e4nden und a\u00df sie selbst. Die Kinder blieben dann weiter hungrig und das so lange, bis Nachbarn es merkten und Hilfe holten.<br>Dann gab es auch noch zwei Br\u00fcder, der \u00e4ltere von ihnen (12 Jahre alt) hatte bereits versucht, sich zu erh\u00e4ngen, aber man konnte ihn in letzter Sekunde retten. Das sind nur wenige von vielen schlimmen Erlebnissen der Kinder.<br>In vielen Kindern ist der Schmerz f\u00f6rmlich einzementiert. Und um diesen Schmerz und die Erlebnisse zu verarbeiten, ist es sehr wichtig, dass diese Kinder Menschen um sich haben, die ihnen durch Gottes Hilfe helfen wollen. Sie m\u00fcssen wissen, dass Gott nicht nur ein Objekt ist, an das wir uns nur von Zeit zu Zeit erinnern. Gott ist jemand, der immer da ist, von dem wir immer Kraft sch\u00f6pfen k\u00f6nnen. Gott muss wie ein Vater, ein Freund werden, damit der Teufel nicht mal die M\u00f6glichkeit hat, sich diesen Kindern zu n\u00e4hern, ihrem Handeln und ihrem Denken.<\/p>\n\n\n\n<p>Auf der Freizeit war auch ein Mann, der f\u00fcr die Sicherheit der Kinder gesorgt hat (Security). F\u00fcr mich war es wichtig, dass es auf der Freizeit auch einen m\u00e4nnlichen Einfluss gab. Einige Kinder hatten bisher schlechte Erfahrungen mit den bisherigen M\u00e4nnern (V\u00e4ter etc.) in ihrem Leben, weshalb ihre Vorstellung eines Mannes verdreht ist.<br>Dieser Mann war nicht gl\u00e4ubig, aber er war sehr froh, dabei zu sein. Er hat viel Zeit mit den Kindern verbracht, viel mit ihnen gespielt, viel gesprochen und am dritten Tag hat dieser Mann (Bogdan) sogar seine ganze Familie mitgebracht. Er kam auch immer wieder zu mir und fragte mich nach Rat, wie er mit dem einen oder anderen Kind genau umgehen soll, wie er wen genau ansprechen kann und so weiter. Ich sprach mit ihm auch viel \u00fcber Gott und er erkannte, dass er in seinem Leben viel ges\u00fcndigt hat. Aber er sagte mir dann, dass er durch unseren Dienst, den Dienst der Gemeinde, dem Dienst an den Kindern verstand, dass er ein S\u00fcnder ist, seine Vorstellungen von Glauben falsch waren und, dass ein Glaube ohne Werke tot ist. Wir haben viel gemeinsam gelesen, gebetet und er war sehr offen f\u00fcr Gottes Wort.<br>Bogdan hatte auch eine eigene Sicherheitsfirma und Menschen riefen ihn an und fragten, wie auch sie in diesem Dienst helfen k\u00f6nnen und ich nannte ihnen einige Waisenh\u00e4user etc., die auch noch ohne Sicherheitskr\u00e4fte sind\u2026<\/p>\n\n\n\n<p>\u00dcber die Tage durfte ich dann sehen, wie die Kinder St\u00fcck f\u00fcr St\u00fcck ihre \u00c4ngste ablegten. Sie wurden immer offener. Ein Junge (13 Jahre) erz\u00e4hlte auch von sich aus, was f\u00fcr ihn das Thema der Freizeit inzwischen bedeutete. Er sagte, dass, wenn wir nicht Jesus, das Brot des Lebens, haben, wir dann wirklich nichts haben. Er erkannte, dass Jesus der ist, der uns wirklich h\u00e4lt. Ich durfte sehen, wie Gott Herzen ver\u00e4ndert.<\/p>\n\n\n\n<p>Ansonsten erz\u00e4hlte ich den Kindern auf der Freizeit von David, der mit Gottes Hilfe den Riesen Goliath erschlug. Ich zeigte ihnen, dass auch wir heute die Goliaths unseres Alltags besiegen k\u00f6nnen, wenn wir auf Gott vertrauen.<\/p>\n\n\n\n<p>Ich bin Gott sehr dankbar, dass er diese Zeit mit den Kindern sehr gesegnet hat. Es ist auch ein Zeichen und eine Motivation f\u00fcr andere, dass solche Camps, auch in solch schwierigen Zeiten, durch Gottes Hilfe m\u00f6glich sind. Es gibt nichts Gutes, dass wir tun k\u00f6nnen, was nicht von Gott kommt.<br>Ich bin Euch auch sehr dankbar f\u00fcr Eure Gebetsunterst\u00fctzung.<\/p>\n\n\n\n<p>Wir durften mit den Kindern viele verschiedene Dinge erleben. Wir haben einen Pferdehof besucht, waren gemeinsam schwimmen. Die Kinder bekamen ein L\u00e4cheln auf ihren Gesichtern. Auch das M\u00e4dchen, von dem ich Euch am Anfang erz\u00e4hlt habe (die immer Himbeeren f\u00fcr sich und ihren Bruder sammelte), habe ich nicht mehr ohne ein L\u00e4cheln gesehen.<\/p>\n\n\n\n<p>Es r\u00fchrt mich zu Tr\u00e4nen. Ich bin Gott so dankbar, dass ich hier sein darf, dienen und missionieren darf, was mein Leben sehr pr\u00e4gt. Gottes Wirken nimmt alle meine Zweifel weg. Das was wir gerade tun, ist ein gro\u00dfes Zeugnis, denn viele fragen mich, warum wir gerade dies und jenes tun, hier und da dienen. Und ich darf dann immer von der Gemeinde und unserer Liebe zu Gott erz\u00e4hlen.<\/p>\n\n\n\n<p>Das n\u00e4chste Lager ist nicht mehr weit entfernt. Es wird \u00fcber die \u00f6rtliche Gemeinde organisiert und ist hier in Podolsk schon angesagt worden. Ich freue mich \u00fcber jedes Gebet und jede finanzielle Unterst\u00fctzung.<br>Neben den Camps bleibt auch mein Dienst mit den Lebensmittelhilfen. Derzeit unterst\u00fctze ich etwa 30 Familien. Die geistliche Speise (Evangelium, Bibel etc.) habe ich schon vorbereitet, jetzt muss ich nur noch die Lebensmittel einkaufen. Auch hier freue ich mich \u00fcber jede Unterst\u00fctzung.<\/p>\n\n\n\n<p>Heute k\u00fcmmere ich mich um mich selbst, meinen Haushalt und meine junge Katze. Ich merke, wie mir daf\u00fcr oft die Zeit fehlt.<\/p>\n\n\n\n<p>Liebe Gr\u00fc\u00dfe<br>Eure Svetlana<\/p>\n\n\n\n<p>1<strong>6. Juli 2022<\/strong><\/p>\n\n\n\n<p>Liebe Geschwister, liebe Gemeinde, ich gr\u00fc\u00dfe Euch.<\/p>\n\n\n\n<p>Heute ist Montag und ich m\u00f6chte von meinem gesegneten Wochenende berichten, welches ich in der N\u00e4he von Odessa verbracht habe. Gerade befinde ich mich auf der R\u00fcckfahrt nach Podolsk.<br>Die letzten Tage waren sehr emotionsgeladen. Es gab viele M\u00f6glichkeiten, Zeugnis zu geben und christliche Literatur (neue Testamente, Kinderbibel etc.) zu verteilen, die ich aus Berlin mitgebracht hatte. Aber lasst mich nochmal von vorn beginnen.<\/p>\n\n\n\n<p>Ich bin seit ungef\u00e4hr einer Woche wieder hier (Ukraine), habe aber das Gef\u00fchl, schon seit einer Ewigkeit hier zu sein bzw. gar nicht weggefahren zu sein. Da ich allerdings die lange Fahrt in die Ukraine mit Hamid und der ganzen Literatur noch im Kopf habe, erinnert mich das, dass ich tats\u00e4chlich erst seit einer Woche hier bin.<br>Und tats\u00e4chlich ist es so, dass, wenn wir f\u00fcr den Herrn arbeiten, wir jegliches Zeitgef\u00fchl verlieren und \u00fcber emotionale Belastungen hinwegsehen.<\/p>\n\n\n\n<p>Das Kriegsgeschehen hat in Odessa leider noch nicht aufgeh\u00f6rt. Man h\u00f6rt und sieht es, aber wie ich in einem Interview in Eurer Jugend<br>erz\u00e4hlte, habe ich keine Angst &#8212; Sorgen und innere Unruhen allerdings schon.<br>So gab mir Gott die M\u00f6glichkeit, am Samstag und Sonntag mit Menschen aus dem Milit\u00e4r \u00fcber \u00c4ngste zu reden, die sehr offen daf\u00fcr waren, und ich habe ihnen christliche Literatur mitgegeben. Heute Morgen wurden diese Soldaten bereits wieder an die Front geschickt.<br>Ich freue mich sehr, dass ich unerwartet zwei Tage in dem Ort f\u00fcr den Herrn arbeiten durfte. Ich war einfach unterwegs, habe diesen St\u00fctzpunkt gesehen, neue Testamente angeboten und einer der Soldaten fragte, ob er einige mehr haben d\u00fcrfte, weil sie \u00f6fters nachts \u00fcberaus schwere Stunden haben. Er nahm mit seinen H\u00e4nden so viele Bibel, wie er nur nehmen konnte, und ich fragte, ob ich sonst irgendwie helfen k\u00f6nnte, ob sie irgendwelche Fragen haben. Er sagte ja und ich gab vielen dort Zeugnis von Gott, wie Gott in unseren Sorgen wirkt und handelt. Ich erz\u00e4hlte auch, dass wir uns zwar oft f\u00fcr Kinder Gottes halten, aber trotzdem in der Welt leben und an Irdischem festhalten.<br>In dem Ort gab es auch eine Gemeinde, die mir half, diese Literatur zu verteilen, und sie freuten sich auch, dass es Kinderliteratur gab.<br>So wirkt Gott: Wir planen das eine und Gott plant etwas anderes (besseres).<br>Ich danke Euch f\u00fcr Eure Gebete und, dass Ihr mit mir seid.<\/p>\n\n\n\n<p>Gerade fahre ich aus der N\u00e4he Odessas zur\u00fcck nach Podolsk. Urspr\u00fcnglich bin ich eigentlich losgefahren, um eine Mannschaft zu sammeln, damit diese mit mir in D\u00f6rfer f\u00e4hrt und die Arbeit des Herrn tut. Auf dem Weg bin ich dann allerdings stehen geblieben und Gott gab mir eine andere Aufgabe, n\u00e4mlich zu ungef\u00e4hr 100 bis 200 Soldaten zu sprechen.<br>Und ich freue mich, weil es so ein besonderes Licht f\u00fcr die Seelen dieser Menschen ist, die sowohl jung als auch alt sind. Sie verstanden, dass das, was in der Welt vor sich geht, nicht normal ist. Ich sagte ihnen, dass sie das nun geh\u00f6rte Evangelium festhalten m\u00fcssen, dass sie es nicht vergraben d\u00fcrfen. Viel mehr sollen sie einander immer wieder daran erinnern, auch die Familie und Verwandten. Gerade in den tiefsten Phasen des Lebens m\u00fcssen sie sich daran erinnern, dass Gott mit ihnen ist.<\/p>\n\n\n\n<p>In Podolsk warten schon Familien auf mich, mit denen ich mich verabredet habe. Heute muss ich noch 15 Lebensmittelpakete packen, f\u00fcr Familien, die weit unter der Armutsgrenze leben.<br>Viele aus Berlin fragen mich nach Berichten \u00fcber die Lebensmittelhilfe, wie sie sich seit Kriegsbeginn so entwickelt. Aber es geht bei diesen Hilfen nicht nur darum, dass die M\u00e4gen der Bed\u00fcrftigen gef\u00fcllt werden. Im Zentrum steht das Evangelium, welches wir zu den derzeit am wenigsten beachteten Menschen (den Armen\/Schwachen\/Kranken) bringen. Im Krieg werden diese Menschen noch weniger beachtet.<br>F\u00fcr mich ist wichtig, dass ihr wisst, dass diese Lebensmittelhilfen und damit verbunden das Evangelium nicht erst seit Kriegsbeginn verteilt werden. Christus ging schon immer zu den Menschen, die am bed\u00fcrftigsten waren. Sei es in der leiblichen, aber auch geistlichen Speise. Christus ist das Brot des Lebens.<\/p>\n\n\n\n<p>Bitte betet f\u00fcr die n\u00e4chsten, sehr vollen Tage. Betet bitte auch daf\u00fcr, dass ich genug Ruhe finde und meinen Wochenrythmus halten kann. Oftmals kommt Ruhe leider viel zu kurz in meinem Leben.<br>Auch m\u00f6chte ich berichten, dass mir ein K\u00e4tzchen geschenkt wurde. Ich bin nun nicht mehr alleine in der Wohnung, was mich freut und auch mein Wunsch war, dass ich einen Hund oder eine Katze habe. Auch das kommt von Gott.<\/p>\n\n\n\n<p>Ich freue mich, dass ich Euch haben darf und ihr f\u00fcr mich da seid. M\u00f6ge Gott Euch segnen.<br>Hoffentlich k\u00f6nnen wir bald wieder miteinander reden. Derzeit freut es mich schon, wenn ich in meinen Nachrichten (im Socialmedia) irgendwelche Smileys von euch geschickt bekomme.<br>Danke, dass ihr f\u00fcr mich betet, mir schreibt. Leider kann ich nicht immer allen antworten, aber ich bem\u00fche mich.<\/p>\n\n\n\n<p>Liebe Gr\u00fc\u00dfe und im Herrn verbunden<br>Eure Sveta<\/p>\n\n\n\n<figure class=\"wp-block-image size-large is-resized\"><img loading=\"lazy\" decoding=\"async\" src=\"https:\/\/ecg.berlin\/wp-content\/uploads\/2022\/07\/WhatsApp-Image-2022-07-15-at-11.29.35-1024x1024.jpeg\" alt=\"\" class=\"wp-image-4629\" width=\"512\" height=\"512\" srcset=\"https:\/\/ecg.berlin\/wp-content\/uploads\/2022\/07\/WhatsApp-Image-2022-07-15-at-11.29.35-1024x1024.jpeg 1024w, https:\/\/ecg.berlin\/wp-content\/uploads\/2022\/07\/WhatsApp-Image-2022-07-15-at-11.29.35-300x300.jpeg 300w, https:\/\/ecg.berlin\/wp-content\/uploads\/2022\/07\/WhatsApp-Image-2022-07-15-at-11.29.35-150x150.jpeg 150w, https:\/\/ecg.berlin\/wp-content\/uploads\/2022\/07\/WhatsApp-Image-2022-07-15-at-11.29.35-768x768.jpeg 768w, https:\/\/ecg.berlin\/wp-content\/uploads\/2022\/07\/WhatsApp-Image-2022-07-15-at-11.29.35-60x60.jpeg 60w, https:\/\/ecg.berlin\/wp-content\/uploads\/2022\/07\/WhatsApp-Image-2022-07-15-at-11.29.35.jpeg 1200w\" sizes=\"auto, (max-width: 512px) 100vw, 512px\" \/><\/figure>\n\n\n\n<p><strong>6. Juli 2022<\/strong><\/p>\n\n\n\n<p>Liebe Gemeinde und liebe Freunde, auch diese Woche durfte wieder ein weiterer Transport in die Ukraine gehen. Hiervon k\u00f6nnen wir euch nur aus Herzen f\u00fcr eure Unterst\u00fctzung danken. Unsere Missionarin<a href=\"https:\/\/ecg.berlin\/kindermissionarin-svetlana-rabokon\/\" data-type=\"post\" data-id=\"377\"> Svetlana<\/a> war im Heimataufenthalt in Deutschland und ist mit dem letzten Transport wieder zur\u00fcck in die Ukraine gefahren. Wir durften ihr insgesamt 1263 B\u00fccher (Bibeln, evangelistische Literatur, Kinderhefte) und Material f\u00fcr Kinderfreizeiten mit geben. <\/p>\n\n\n\n<figure class=\"wp-block-embed is-type-video is-provider-youtube wp-block-embed-youtube wp-embed-aspect-16-9 wp-has-aspect-ratio\"><div class=\"wp-block-embed__wrapper\">\n\t\t<div class=\"embed-privacy-container is-disabled embed-youtube\" data-embed-id=\"oembed_0fbf811d53395c8b54f3244b7a22c7e8\" data-embed-provider=\"youtube\" style=\"background-image: url(https:\/\/ecg.berlin\/wp-content\/uploads\/embed-privacy\/thumbnails\/youtube-mLwzTzQXdOg-maxresdefault.jpg?ver=1.12.3); aspect-ratio: 770\/433;\">\t\t\t\t\t\t<button type=\"button\" class=\"embed-privacy-enable screen-reader-text\">Display &quot;\ud83c\uddfa\ud83c\udde6Bericht von Kindermissionarin Svetlana Rabokon&quot; from YouTube<\/button>\t\t\t\t\t\t<div class=\"embed-privacy-overlay\">\t\t\t\t<div class=\"embed-privacy-inner\">\t\t\t\t\t<div class=\"embed-privacy-logo\" style=\"background-image: url(https:\/\/ecg.berlin\/wp-content\/plugins\/embed-privacy\/assets\/images\/embed-youtube.png?ver=1.12.3);\"><\/div>\t\t<p>\t\tHier klicken, um den Inhalt von YouTube anzuzeigen.\t\t\t\t\t<br>\t\t\t\t\tLearn more in <a href=\"https:\/\/policies.google.com\/privacy?hl=de\" target=\"_blank\">YouTube\u2019s privacy policy<\/a>.\t\t<\/p>\t\t<p class=\"embed-privacy-input-wrapper\">\t\t\t<input id=\"embed-privacy-store-youtube-0fbf811d53395c8b54f3244b7a22c7e8\" type=\"checkbox\" value=\"1\" class=\"embed-privacy-input\" data-embed-provider=\"youtube\">\t\t\t<label for=\"embed-privacy-store-youtube-0fbf811d53395c8b54f3244b7a22c7e8\" class=\"embed-privacy-label\" data-embed-provider=\"youtube\">\t\t\t\tAlways display content from YouTube\t\t\t<\/label>\t\t<\/p>\t\t\t\t\t\t<\/div>\t\t\t\t\t\t\t\t<div class=\"embed-privacy-footer\"><span class=\"embed-privacy-url\"><a href=\"https:\/\/youtu.be\/mLwzTzQXdOg\">Open &quot;\ud83c\uddfa\ud83c\udde6Bericht von Kindermissionarin Svetlana Rabokon&quot; directly<\/a><\/span><\/div>\t\t\t<\/div>\t\t\t\t\t\t<div class=\"embed-privacy-content\">\t\t\t\t<script>var _oembed_0fbf811d53395c8b54f3244b7a22c7e8 = '{\\\"embed\\\":\\\"&lt;iframe title=&quot;\\\\ud83c\\\\uddfa\\\\ud83c\\\\udde6Bericht von Kindermissionarin Svetlana Rabokon&quot; width=&quot;770&quot; height=&quot;433&quot; src=&quot;https:\\\\\/\\\\\/www.youtube-nocookie.com\\\\\/embed\\\\\/mLwzTzQXdOg?feature=oembed&quot; frameborder=&quot;0&quot; allow=&quot;accelerometer; autoplay; clipboard-write; encrypted-media; gyroscope; picture-in-picture; web-share&quot; referrerpolicy=&quot;strict-origin-when-cross-origin&quot; allowfullscreen&gt;&lt;\\\\\/iframe&gt;\\\"}';<\/script>\t\t\t<\/div>\t\t<\/div>\t\t\n<\/div><\/figure>\n\n\n<div class=\"wp-block-image\">\n<figure class=\"aligncenter size-large is-resized\"><img loading=\"lazy\" decoding=\"async\" src=\"https:\/\/ecg.berlin\/wp-content\/uploads\/2022\/07\/CFFB7462-0E33-4AC6-9650-B4DC35A9553A-1024x1024.jpg\" alt=\"\" class=\"wp-image-4625\" width=\"512\" height=\"512\" srcset=\"https:\/\/ecg.berlin\/wp-content\/uploads\/2022\/07\/CFFB7462-0E33-4AC6-9650-B4DC35A9553A-1024x1024.jpg 1024w, https:\/\/ecg.berlin\/wp-content\/uploads\/2022\/07\/CFFB7462-0E33-4AC6-9650-B4DC35A9553A-300x300.jpg 300w, https:\/\/ecg.berlin\/wp-content\/uploads\/2022\/07\/CFFB7462-0E33-4AC6-9650-B4DC35A9553A-150x150.jpg 150w, https:\/\/ecg.berlin\/wp-content\/uploads\/2022\/07\/CFFB7462-0E33-4AC6-9650-B4DC35A9553A-768x768.jpg 768w, https:\/\/ecg.berlin\/wp-content\/uploads\/2022\/07\/CFFB7462-0E33-4AC6-9650-B4DC35A9553A-60x60.jpg 60w, https:\/\/ecg.berlin\/wp-content\/uploads\/2022\/07\/CFFB7462-0E33-4AC6-9650-B4DC35A9553A.jpg 1200w\" sizes=\"auto, (max-width: 512px) 100vw, 512px\" \/><\/figure>\n<\/div>\n\n\n<p>Auch wenn wir hier nicht viel berichten, finden seit den letzten Wochen regelm\u00e4\u00dfig Fahrten humanit\u00e4rer Hilfe statt. F\u00fcr eure Unterst\u00fctzung danken wir weiterhin. Das <a href=\"https:\/\/www.ebtc.org\/blog\/updates-und-aktuelle-gebetsanliegen-betet-fuer-die-ukraine\" data-type=\"URL\" data-id=\"https:\/\/www.ebtc.org\/blog\/updates-und-aktuelle-gebetsanliegen-betet-fuer-die-ukraine\">EBTC<\/a>, welches die Fahrten mit organisiert, informiert auch regelm\u00e4\u00dfig.<\/p>\n\n\n\n<figure class=\"wp-block-embed is-type-video is-provider-youtube wp-block-embed-youtube wp-embed-aspect-16-9 wp-has-aspect-ratio\"><div class=\"wp-block-embed__wrapper\">\n\t\t<div class=\"embed-privacy-container is-disabled embed-youtube\" data-embed-id=\"oembed_b788554694d73b09961a73032b5d1cdc\" data-embed-provider=\"youtube\" style=\"background-image: url(https:\/\/ecg.berlin\/wp-content\/uploads\/embed-privacy\/thumbnails\/youtube-rjl7PDh527Y-maxresdefault.jpg?ver=1.12.3); aspect-ratio: 770\/433;\">\t\t\t\t\t\t<button type=\"button\" class=\"embed-privacy-enable screen-reader-text\">Display &quot;EBTC Ukraine-Update 30.06.2022&quot; from YouTube<\/button>\t\t\t\t\t\t<div class=\"embed-privacy-overlay\">\t\t\t\t<div class=\"embed-privacy-inner\">\t\t\t\t\t<div class=\"embed-privacy-logo\" style=\"background-image: url(https:\/\/ecg.berlin\/wp-content\/plugins\/embed-privacy\/assets\/images\/embed-youtube.png?ver=1.12.3);\"><\/div>\t\t<p>\t\tHier klicken, um den Inhalt von YouTube anzuzeigen.\t\t\t\t\t<br>\t\t\t\t\tLearn more in <a href=\"https:\/\/policies.google.com\/privacy?hl=de\" target=\"_blank\">YouTube\u2019s privacy policy<\/a>.\t\t<\/p>\t\t<p class=\"embed-privacy-input-wrapper\">\t\t\t<input id=\"embed-privacy-store-youtube-b788554694d73b09961a73032b5d1cdc\" type=\"checkbox\" value=\"1\" class=\"embed-privacy-input\" data-embed-provider=\"youtube\">\t\t\t<label for=\"embed-privacy-store-youtube-b788554694d73b09961a73032b5d1cdc\" class=\"embed-privacy-label\" data-embed-provider=\"youtube\">\t\t\t\tAlways display content from YouTube\t\t\t<\/label>\t\t<\/p>\t\t\t\t\t\t<\/div>\t\t\t\t\t\t\t\t<div class=\"embed-privacy-footer\"><span class=\"embed-privacy-url\"><a href=\"https:\/\/youtu.be\/rjl7PDh527Y\">Open &quot;EBTC Ukraine-Update 30.06.2022&quot; directly<\/a><\/span><\/div>\t\t\t<\/div>\t\t\t\t\t\t<div class=\"embed-privacy-content\">\t\t\t\t<script>var _oembed_b788554694d73b09961a73032b5d1cdc = '{\\\"embed\\\":\\\"&lt;iframe title=&quot;EBTC Ukraine-Update 30.06.2022&quot; width=&quot;770&quot; height=&quot;433&quot; src=&quot;https:\\\\\/\\\\\/www.youtube-nocookie.com\\\\\/embed\\\\\/rjl7PDh527Y?feature=oembed&quot; frameborder=&quot;0&quot; allow=&quot;accelerometer; autoplay; clipboard-write; encrypted-media; gyroscope; picture-in-picture; web-share&quot; allowfullscreen&gt;&lt;\\\\\/iframe&gt;\\\"}';<\/script>\t\t\t<\/div>\t\t<\/div>\t\t\n<\/div><\/figure>\n\n\n\n<p><strong>15. Juni 2022<\/strong><\/p>\n\n\n\n<p>Liebe Gemeinde, lieber Unterst\u00fctzer und Gebet, die Arbeit mit den Fl\u00fcchtlingen l\u00e4uft kontinuirlich. Es werden weiterhin w\u00f6chentliche Fahrten in die Ukraine organisiert. Viele der Menschen, die bei uns angekommen sind wurden zum Teil mit Wohnungen versorgt und d\u00fcrfen durch uns mit praktischen und geistlichen Fragen betreut werden. Auch wenn es euch nicht mehr so scheint, diese Arbeit ist weiterhin voll im Gange, die Situation im Land unver\u00e4ndert, die Not weiterhin fortw\u00e4hrend da. Wir danken euch f\u00fcr euer Mittragen und bitten weiterhin um Gebetsunterst\u00fctzung.<\/p>\n\n\n\n<p>&#x1f1fa;&#x1f1e6;&#x1f64f;&#x1f3fb;Gottes g\u00fctige Vorsorge inmitten von Flucht I Zeugnis eines Fl\u00fcchtlings<\/p>\n\n\n\n<p>Liebe Gemeinde, wir legen es euch sehr aufs Herz, das Zeugnis der Schwester Ina (&#x1f1fa;&#x1f1e6;Ukraine) anzuh\u00f6ren. Sie bezeugt Gottes gro\u00dfe Vorsorge inmitten von schweren Zeiten. Es dr\u00fcckt aber auch den Dank an euch als Gemeinde aus, die ihr mit euren H\u00e4nden betet, gebt und helft. &#x1f64f;&#x1f3fb;<\/p>\n\n\n\n<figure class=\"wp-block-embed is-type-video is-provider-youtube wp-block-embed-youtube wp-embed-aspect-16-9 wp-has-aspect-ratio\"><div class=\"wp-block-embed__wrapper\">\n\t\t<div class=\"embed-privacy-container is-disabled embed-youtube\" data-embed-id=\"oembed_9d3cf72cb9dd457608e89f3d83e72143\" data-embed-provider=\"youtube\" style=\"background-image: url(https:\/\/ecg.berlin\/wp-content\/uploads\/embed-privacy\/thumbnails\/youtube-kd7MYgwJ1AA-maxresdefault.jpg?ver=1.12.3); aspect-ratio: 770\/433;\">\t\t\t\t\t\t<button type=\"button\" class=\"embed-privacy-enable screen-reader-text\">Display &quot;\ud83c\uddfa\ud83c\udde6\ud83d\ude4f\ud83c\udffbGottes g\u00fctige Vorsorge inmitten von Flucht I Zeugnis eines Fl\u00fcchtlings&quot; from YouTube<\/button>\t\t\t\t\t\t<div class=\"embed-privacy-overlay\">\t\t\t\t<div class=\"embed-privacy-inner\">\t\t\t\t\t<div class=\"embed-privacy-logo\" style=\"background-image: url(https:\/\/ecg.berlin\/wp-content\/plugins\/embed-privacy\/assets\/images\/embed-youtube.png?ver=1.12.3);\"><\/div>\t\t<p>\t\tHier klicken, um den Inhalt von YouTube anzuzeigen.\t\t\t\t\t<br>\t\t\t\t\tLearn more in <a href=\"https:\/\/policies.google.com\/privacy?hl=de\" target=\"_blank\">YouTube\u2019s privacy policy<\/a>.\t\t<\/p>\t\t<p class=\"embed-privacy-input-wrapper\">\t\t\t<input id=\"embed-privacy-store-youtube-9d3cf72cb9dd457608e89f3d83e72143\" type=\"checkbox\" value=\"1\" class=\"embed-privacy-input\" data-embed-provider=\"youtube\">\t\t\t<label for=\"embed-privacy-store-youtube-9d3cf72cb9dd457608e89f3d83e72143\" class=\"embed-privacy-label\" data-embed-provider=\"youtube\">\t\t\t\tAlways display content from YouTube\t\t\t<\/label>\t\t<\/p>\t\t\t\t\t\t<\/div>\t\t\t\t\t\t\t\t<div class=\"embed-privacy-footer\"><span class=\"embed-privacy-url\"><a href=\"https:\/\/youtu.be\/kd7MYgwJ1AA\">Open &quot;\ud83c\uddfa\ud83c\udde6\ud83d\ude4f\ud83c\udffbGottes g\u00fctige Vorsorge inmitten von Flucht I Zeugnis eines Fl\u00fcchtlings&quot; directly<\/a><\/span><\/div>\t\t\t<\/div>\t\t\t\t\t\t<div class=\"embed-privacy-content\">\t\t\t\t<script>var _oembed_9d3cf72cb9dd457608e89f3d83e72143 = '{\\\"embed\\\":\\\"&lt;iframe title=&quot;\\\\ud83c\\\\uddfa\\\\ud83c\\\\udde6\\\\ud83d\\\\ude4f\\\\ud83c\\\\udffbGottes g&uuml;tige Vorsorge inmitten von Flucht I Zeugnis eines Fl&uuml;chtlings&quot; width=&quot;770&quot; height=&quot;433&quot; src=&quot;https:\\\\\/\\\\\/www.youtube-nocookie.com\\\\\/embed\\\\\/kd7MYgwJ1AA?feature=oembed&quot; frameborder=&quot;0&quot; allow=&quot;accelerometer; autoplay; clipboard-write; encrypted-media; gyroscope; picture-in-picture; web-share&quot; referrerpolicy=&quot;strict-origin-when-cross-origin&quot; allowfullscreen&gt;&lt;\\\\\/iframe&gt;\\\"}';<\/script>\t\t\t<\/div>\t\t<\/div>\t\t\n<\/div><\/figure>\n\n\n\n<p><strong>22. Mai 2022<\/strong><\/p>\n\n\n\n<figure class=\"wp-block-embed is-type-video is-provider-youtube wp-block-embed-youtube wp-embed-aspect-16-9 wp-has-aspect-ratio\"><div class=\"wp-block-embed__wrapper\">\n\t\t<div class=\"embed-privacy-container is-disabled embed-youtube\" data-embed-id=\"oembed_9350d340b1d350cd7d0f5d558c9ff2dc\" data-embed-provider=\"youtube\" style=\"background-image: url(https:\/\/ecg.berlin\/wp-content\/uploads\/embed-privacy\/thumbnails\/youtube-LcTeiNjvh-c-maxresdefault.jpg?ver=1.12.3); aspect-ratio: 770\/433;\">\t\t\t\t\t\t<button type=\"button\" class=\"embed-privacy-enable screen-reader-text\">Display &quot;\ud83c\uddfa\ud83c\udde6 Dienst an Fl\u00fcchtlingen (Zeugnis)&quot; from YouTube<\/button>\t\t\t\t\t\t<div class=\"embed-privacy-overlay\">\t\t\t\t<div class=\"embed-privacy-inner\">\t\t\t\t\t<div class=\"embed-privacy-logo\" style=\"background-image: url(https:\/\/ecg.berlin\/wp-content\/plugins\/embed-privacy\/assets\/images\/embed-youtube.png?ver=1.12.3);\"><\/div>\t\t<p>\t\tHier klicken, um den Inhalt von YouTube anzuzeigen.\t\t\t\t\t<br>\t\t\t\t\tLearn more in <a href=\"https:\/\/policies.google.com\/privacy?hl=de\" target=\"_blank\">YouTube\u2019s privacy policy<\/a>.\t\t<\/p>\t\t<p class=\"embed-privacy-input-wrapper\">\t\t\t<input id=\"embed-privacy-store-youtube-9350d340b1d350cd7d0f5d558c9ff2dc\" type=\"checkbox\" value=\"1\" class=\"embed-privacy-input\" data-embed-provider=\"youtube\">\t\t\t<label for=\"embed-privacy-store-youtube-9350d340b1d350cd7d0f5d558c9ff2dc\" class=\"embed-privacy-label\" data-embed-provider=\"youtube\">\t\t\t\tAlways display content from YouTube\t\t\t<\/label>\t\t<\/p>\t\t\t\t\t\t<\/div>\t\t\t\t\t\t\t\t<div class=\"embed-privacy-footer\"><span class=\"embed-privacy-url\"><a href=\"https:\/\/youtu.be\/LcTeiNjvh-c\">Open &quot;\ud83c\uddfa\ud83c\udde6 Dienst an Fl\u00fcchtlingen (Zeugnis)&quot; directly<\/a><\/span><\/div>\t\t\t<\/div>\t\t\t\t\t\t<div class=\"embed-privacy-content\">\t\t\t\t<script>var _oembed_9350d340b1d350cd7d0f5d558c9ff2dc = '{\\\"embed\\\":\\\"&lt;iframe title=&quot;\\\\ud83c\\\\uddfa\\\\ud83c\\\\udde6 Dienst an Fl&uuml;chtlingen (Zeugnis)&quot; width=&quot;770&quot; height=&quot;433&quot; src=&quot;https:\\\\\/\\\\\/www.youtube-nocookie.com\\\\\/embed\\\\\/LcTeiNjvh-c?feature=oembed&quot; frameborder=&quot;0&quot; allow=&quot;accelerometer; autoplay; clipboard-write; encrypted-media; gyroscope; picture-in-picture; web-share&quot; referrerpolicy=&quot;strict-origin-when-cross-origin&quot; allowfullscreen&gt;&lt;\\\\\/iframe&gt;\\\"}';<\/script>\t\t\t<\/div>\t\t<\/div>\t\t\n<\/div><figcaption class=\"wp-element-caption\">&#x1f1fa;&#x1f1e6; Dienst an Fl\u00fcchtlingen (Zeugnis)<\/figcaption><\/figure>\n\n\n\n<figure class=\"wp-block-embed is-type-video is-provider-youtube wp-block-embed-youtube wp-embed-aspect-16-9 wp-has-aspect-ratio\"><div class=\"wp-block-embed__wrapper\">\n\t\t<div class=\"embed-privacy-container is-disabled embed-youtube\" data-embed-id=\"oembed_6cd2242c897e52d989e545450d0bbc95\" data-embed-provider=\"youtube\" style=\"background-image: url(https:\/\/ecg.berlin\/wp-content\/uploads\/embed-privacy\/thumbnails\/youtube-x71QKYA6GEY-maxresdefault.jpg?ver=1.12.3); aspect-ratio: 770\/433;\">\t\t\t\t\t\t<button type=\"button\" class=\"embed-privacy-enable screen-reader-text\">Display &quot;\ud83c\uddfa\ud83c\udde6 \u0421\u043b\u0443\u0436\u0435\u043d\u0438\u0435 \u0431\u0435\u0436\u0435\u043d\u0446\u0430\u043c (\u0441\u0432\u0438\u0434\u0435\u0442\u0435\u043b\u044c\u0441\u0442\u0432\u043e)&quot; from YouTube<\/button>\t\t\t\t\t\t<div class=\"embed-privacy-overlay\">\t\t\t\t<div class=\"embed-privacy-inner\">\t\t\t\t\t<div class=\"embed-privacy-logo\" style=\"background-image: url(https:\/\/ecg.berlin\/wp-content\/plugins\/embed-privacy\/assets\/images\/embed-youtube.png?ver=1.12.3);\"><\/div>\t\t<p>\t\tHier klicken, um den Inhalt von YouTube anzuzeigen.\t\t\t\t\t<br>\t\t\t\t\tLearn more in <a href=\"https:\/\/policies.google.com\/privacy?hl=de\" target=\"_blank\">YouTube\u2019s privacy policy<\/a>.\t\t<\/p>\t\t<p class=\"embed-privacy-input-wrapper\">\t\t\t<input id=\"embed-privacy-store-youtube-6cd2242c897e52d989e545450d0bbc95\" type=\"checkbox\" value=\"1\" class=\"embed-privacy-input\" data-embed-provider=\"youtube\">\t\t\t<label for=\"embed-privacy-store-youtube-6cd2242c897e52d989e545450d0bbc95\" class=\"embed-privacy-label\" data-embed-provider=\"youtube\">\t\t\t\tAlways display content from YouTube\t\t\t<\/label>\t\t<\/p>\t\t\t\t\t\t<\/div>\t\t\t\t\t\t\t\t<div class=\"embed-privacy-footer\"><span class=\"embed-privacy-url\"><a href=\"https:\/\/youtu.be\/x71QKYA6GEY\">Open &quot;\ud83c\uddfa\ud83c\udde6 \u0421\u043b\u0443\u0436\u0435\u043d\u0438\u0435 \u0431\u0435\u0436\u0435\u043d\u0446\u0430\u043c (\u0441\u0432\u0438\u0434\u0435\u0442\u0435\u043b\u044c\u0441\u0442\u0432\u043e)&quot; directly<\/a><\/span><\/div>\t\t\t<\/div>\t\t\t\t\t\t<div class=\"embed-privacy-content\">\t\t\t\t<script>var _oembed_6cd2242c897e52d989e545450d0bbc95 = '{\\\"embed\\\":\\\"&lt;iframe title=&quot;\\\\ud83c\\\\uddfa\\\\ud83c\\\\udde6 \\\\u0421\\\\u043b\\\\u0443\\\\u0436\\\\u0435\\\\u043d\\\\u0438\\\\u0435 \\\\u0431\\\\u0435\\\\u0436\\\\u0435\\\\u043d\\\\u0446\\\\u0430\\\\u043c (\\\\u0441\\\\u0432\\\\u0438\\\\u0434\\\\u0435\\\\u0442\\\\u0435\\\\u043b\\\\u044c\\\\u0441\\\\u0442\\\\u0432\\\\u043e)&quot; width=&quot;770&quot; height=&quot;433&quot; src=&quot;https:\\\\\/\\\\\/www.youtube-nocookie.com\\\\\/embed\\\\\/x71QKYA6GEY?feature=oembed&quot; frameborder=&quot;0&quot; allow=&quot;accelerometer; autoplay; clipboard-write; encrypted-media; gyroscope; picture-in-picture; web-share&quot; referrerpolicy=&quot;strict-origin-when-cross-origin&quot; allowfullscreen&gt;&lt;\\\\\/iframe&gt;\\\"}';<\/script>\t\t\t<\/div>\t\t<\/div>\t\t\n<\/div><figcaption class=\"wp-element-caption\">&#x1f1fa;&#x1f1e6; \u0421\u043b\u0443\u0436\u0435\u043d\u0438\u0435 \u0431\u0435\u0436\u0435\u043d\u0446\u0430\u043c (\u0441\u0432\u0438\u0434\u0435\u0442\u0435\u043b\u044c\u0441\u0442\u0432\u043e)<\/figcaption><\/figure>\n\n\n\n<p><strong>11. Mai 2022<\/strong><\/p>\n\n\n\n<p>Vor der Situation in der Ukraine war Svetlana bei uns und wir konnten einen kleinen Einblick in ihre Arbeit erhalten. Nun ist sie seit Beginn der Situation in der Ukraine bis noch heute im Dienst f\u00fcr den Herrn dort.<\/p>\n\n\n\n<figure class=\"wp-block-embed is-type-video is-provider-youtube wp-block-embed-youtube wp-embed-aspect-16-9 wp-has-aspect-ratio\"><div class=\"wp-block-embed__wrapper\">\n\t\t<div class=\"embed-privacy-container is-disabled embed-youtube\" data-embed-id=\"oembed_e4aff17a7e439bcd1d68c306efa8e115\" data-embed-provider=\"youtube\" style=\"background-image: url(https:\/\/ecg.berlin\/wp-content\/uploads\/embed-privacy\/thumbnails\/youtube-i3271v9T8vM-maxresdefault.jpg?ver=1.12.3); aspect-ratio: 770\/433;\">\t\t\t\t\t\t<button type=\"button\" class=\"embed-privacy-enable screen-reader-text\">Display &quot;\ud83c\uddfa\ud83c\udde6Dienst in der Ukraine heute: Svetlana Rabokon I &quot;Wie Gott ver\u00e4ndert&quot; 5&quot; from YouTube<\/button>\t\t\t\t\t\t<div class=\"embed-privacy-overlay\">\t\t\t\t<div class=\"embed-privacy-inner\">\t\t\t\t\t<div class=\"embed-privacy-logo\" style=\"background-image: url(https:\/\/ecg.berlin\/wp-content\/plugins\/embed-privacy\/assets\/images\/embed-youtube.png?ver=1.12.3);\"><\/div>\t\t<p>\t\tHier klicken, um den Inhalt von YouTube anzuzeigen.\t\t\t\t\t<br>\t\t\t\t\tLearn more in <a href=\"https:\/\/policies.google.com\/privacy?hl=de\" target=\"_blank\">YouTube\u2019s privacy policy<\/a>.\t\t<\/p>\t\t<p class=\"embed-privacy-input-wrapper\">\t\t\t<input id=\"embed-privacy-store-youtube-e4aff17a7e439bcd1d68c306efa8e115\" type=\"checkbox\" value=\"1\" class=\"embed-privacy-input\" data-embed-provider=\"youtube\">\t\t\t<label for=\"embed-privacy-store-youtube-e4aff17a7e439bcd1d68c306efa8e115\" class=\"embed-privacy-label\" data-embed-provider=\"youtube\">\t\t\t\tAlways display content from YouTube\t\t\t<\/label>\t\t<\/p>\t\t\t\t\t\t<\/div>\t\t\t\t\t\t\t\t<div class=\"embed-privacy-footer\"><span class=\"embed-privacy-url\"><a href=\"https:\/\/youtu.be\/i3271v9T8vM\">Open &quot;\ud83c\uddfa\ud83c\udde6Dienst in der Ukraine heute: Svetlana Rabokon I &#171;Wie Gott ver\u00e4ndert&#187; 5&quot; directly<\/a><\/span><\/div>\t\t\t<\/div>\t\t\t\t\t\t<div class=\"embed-privacy-content\">\t\t\t\t<script>var _oembed_e4aff17a7e439bcd1d68c306efa8e115 = '{\\\"embed\\\":\\\"&lt;iframe title=&quot;\\\\ud83c\\\\uddfa\\\\ud83c\\\\udde6Dienst in der Ukraine heute: Svetlana Rabokon I &amp;quot;Wie Gott ver&auml;ndert&amp;quot; 5&quot; width=&quot;770&quot; height=&quot;433&quot; src=&quot;https:\\\\\/\\\\\/www.youtube-nocookie.com\\\\\/embed\\\\\/i3271v9T8vM?feature=oembed&quot; frameborder=&quot;0&quot; allow=&quot;accelerometer; autoplay; clipboard-write; encrypted-media; gyroscope; picture-in-picture; web-share&quot; referrerpolicy=&quot;strict-origin-when-cross-origin&quot; allowfullscreen&gt;&lt;\\\\\/iframe&gt;\\\"}';<\/script>\t\t\t<\/div>\t\t<\/div>\t\t\n<\/div><\/figure>\n\n\n\n<p><strong>7. Mai 2022<\/strong><\/p>\n\n\n\n<p><em>Nachricht von Svetlana<br><\/em>Liebe Schwestern, Frauen und G\u00e4ste des Gottesdienstes,<\/p>\n\n\n\n<p>gerade habe ich eine Pause und m\u00f6chte diese Gelegenheit daf\u00fcr nutzen, eine kurze Nachricht aufzunehmen, um Euch zum Muttertag zu gratulieren.<br>Ich m\u00f6chte jedem von Euch ein gro\u00dfes Dankesch\u00f6n sagen. Als M\u00fctter habt Ihr eine besondere Rolle. Jede Frau, die zu Ihrer Zeit Mutter geworden ist, versteht, dass Sie nicht nur irgendeine Funktion erf\u00fcllt, sondern dass Sie eine besondere Gabe hat. Eine Gabe, die es erm\u00f6glicht, einem anderen Menschen Leben zu schenken.<br>Am heutigen Tag w\u00fcnsche ich Euch, dass Ihr Gott nah und Dankbarkeit daf\u00fcr seid, dass Ihr in diese Welt Kinder bringen durftet. Wenn wir diese Gabe von Gott nicht h\u00e4tten, dann w\u00fcrde das Leben seinen Sinn verlieren.&nbsp;<br>F\u00fcr mich sind die Stellen der Bibel wichtig, in denen Gott sagt, dass er ein Gott der Waisen ist, ein Gott der Kinder, denen ich dienen darf. Und f\u00fcr mich sind es nicht nur einfache Worte. Sie bedeuten f\u00fcr mich, dass Gott dazu bereit ist, jede Finsternis dieser Kinder zu erhellen, sich ihnen zu offenbaren und sich in allem Schmerz und Leid zu verk\u00fcnden. Gott ist bereit in jeder Entt\u00e4uschung, in jeder Hoffnungslosigkeit und in jedem schwachen Gebet der Kinder ihr Vater zu sein. Und als ich damals diesen Dienst antrat, verstand ich, dass Gottes Offenbarungen nicht nur den Kindern, sondern auch mir galten.<br>Oft habe ich mir die Frage gestellt, ob ich ausreichend zuger\u00fcstet bin f\u00fcr die dunklen Vergangenheiten der Kinder, f\u00fcr ihre Entt\u00e4uschungen, Hoffnungslosigkeiten, Betr\u00fcbnisse, Bedr\u00e4ngnisse, Schmerzen und schwachen Gebete. Ich wusste, dass Gott das von mir erwartet, zuger\u00fcstet zu sein und mit Gottes Gnade und Seiner Hilfe bem\u00fche ich mich, diese Erwartungen zu erf\u00fcllen.<br>Hinter mir seht Ihr ein Portr\u00e4t von mir und meinem M\u00e4dchen, welches sie mir zum letzten Geburtstag geschenkt hat. Dies war f\u00fcr mich kein gew\u00f6hnliches Geschenk. Als dieses Geschenk per Post ankam, ich dieses gro\u00dfe Portr\u00e4t (1 m x 50 cm) auspackte, fragte ich mich, was der genaue Hintergrund dieses Geschenks ist. Ich verstand, dass Kinder, die nicht in der Lage sind, ihre Liebe zu ihren Eltern auf einfachem Wege zu \u00e4u\u00dfern, aber in den tiefen ihres Herzens Hochachtung und warme Gef\u00fchle haben, ihre Liebe manchmal im gro\u00dfen Ma\u00dfstab zeigen.<br>Die Gr\u00f6\u00dfe dieses Geschenks lie\u00df mich dann erkennen, was f\u00fcr eine gro\u00dfe Relevanz ich im Leben dieses Kindes spielen muss. Wenn Gott mich zu seiner Zeit nicht in diesen Dienst gestellt h\u00e4tte, dann h\u00e4tte es nicht diese M\u00f6glichkeit gegeben, Anteil am Leben solcher Kinder zu haben.<br>Ich w\u00fcnsche Euch, dass Ihr die Liebe Eurer Kinder immer erkennt. Sch\u00e4tz Eure Kinder, beh\u00fctet sie und bringt sie t\u00e4glich zu Gott, damit Er sie segnet.<br>M\u00f6ge Gott jeden von Euch darin segnen. Danke Euch!<\/p>\n\n\n\n<figure class=\"wp-block-embed is-type-video is-provider-youtube wp-block-embed-youtube wp-embed-aspect-16-9 wp-has-aspect-ratio\"><div class=\"wp-block-embed__wrapper\">\n\t\t<div class=\"embed-privacy-container is-disabled embed-youtube\" data-embed-id=\"oembed_536173e045e9dea82ffa0d9b9ea76e69\" data-embed-provider=\"youtube\" style=\"background-image: url(https:\/\/ecg.berlin\/wp-content\/uploads\/embed-privacy\/thumbnails\/youtube-FvrmEYgFqmg-maxresdefault.jpg?ver=1.12.3); aspect-ratio: 770\/433;\">\t\t\t\t\t\t<button type=\"button\" class=\"embed-privacy-enable screen-reader-text\">Display &quot;Svetlana Gru\u00dfwort zum Muttertag&quot; from YouTube<\/button>\t\t\t\t\t\t<div class=\"embed-privacy-overlay\">\t\t\t\t<div class=\"embed-privacy-inner\">\t\t\t\t\t<div class=\"embed-privacy-logo\" style=\"background-image: url(https:\/\/ecg.berlin\/wp-content\/plugins\/embed-privacy\/assets\/images\/embed-youtube.png?ver=1.12.3);\"><\/div>\t\t<p>\t\tHier klicken, um den Inhalt von YouTube anzuzeigen.\t\t\t\t\t<br>\t\t\t\t\tLearn more in <a href=\"https:\/\/policies.google.com\/privacy?hl=de\" target=\"_blank\">YouTube\u2019s privacy policy<\/a>.\t\t<\/p>\t\t<p class=\"embed-privacy-input-wrapper\">\t\t\t<input id=\"embed-privacy-store-youtube-536173e045e9dea82ffa0d9b9ea76e69\" type=\"checkbox\" value=\"1\" class=\"embed-privacy-input\" data-embed-provider=\"youtube\">\t\t\t<label for=\"embed-privacy-store-youtube-536173e045e9dea82ffa0d9b9ea76e69\" class=\"embed-privacy-label\" data-embed-provider=\"youtube\">\t\t\t\tAlways display content from YouTube\t\t\t<\/label>\t\t<\/p>\t\t\t\t\t\t<\/div>\t\t\t\t\t\t\t\t<div class=\"embed-privacy-footer\"><span class=\"embed-privacy-url\"><a href=\"https:\/\/youtu.be\/FvrmEYgFqmg\">Open &quot;Svetlana Gru\u00dfwort zum Muttertag&quot; directly<\/a><\/span><\/div>\t\t\t<\/div>\t\t\t\t\t\t<div class=\"embed-privacy-content\">\t\t\t\t<script>var _oembed_536173e045e9dea82ffa0d9b9ea76e69 = '{\\\"embed\\\":\\\"&lt;iframe title=&quot;Svetlana Gru&szlig;wort zum Muttertag&quot; width=&quot;770&quot; height=&quot;433&quot; src=&quot;https:\\\\\/\\\\\/www.youtube-nocookie.com\\\\\/embed\\\\\/FvrmEYgFqmg?feature=oembed&quot; frameborder=&quot;0&quot; allow=&quot;accelerometer; autoplay; clipboard-write; encrypted-media; gyroscope; picture-in-picture; web-share&quot; allowfullscreen&gt;&lt;\\\\\/iframe&gt;\\\"}';<\/script>\t\t\t<\/div>\t\t<\/div>\t\t\n<\/div><figcaption class=\"wp-element-caption\">(russisch)<\/figcaption><\/figure>\n\n\n\n<p>Vladislav Rudenko berichtet von ihrer Flucht aus der Ukraine und mutiger Evangelisation der herrlichen Botschaft des Evangeliums (auf russisch):<\/p>\n\n\n\n<figure class=\"wp-block-embed is-type-video is-provider-youtube wp-block-embed-youtube wp-embed-aspect-16-9 wp-has-aspect-ratio\"><div class=\"wp-block-embed__wrapper\">\n\t\t<div class=\"embed-privacy-container is-disabled embed-youtube\" data-embed-id=\"oembed_2f4482430e891bf84ecae136bb00b100\" data-embed-provider=\"youtube\" style=\"background-image: url(https:\/\/ecg.berlin\/wp-content\/uploads\/embed-privacy\/thumbnails\/youtube-lysPYsefsBM-maxresdefault.jpg?ver=1.12.3); aspect-ratio: 770\/433;\">\t\t\t\t\t\t<button type=\"button\" class=\"embed-privacy-enable screen-reader-text\">Display &quot;\ud83c\uddfa\ud83c\udde6\u0411\u0435\u0433\u0441\u0442\u0432\u043e \u0438\u0437 \u0423\u043a\u0440\u0430\u0438\u043d\u044b, \u0441\u043b\u0443\u0436\u0435\u043d\u0438\u0435 \u0411\u043e\u0433\u0443: Vladislav Rudenko I &quot;\u041a\u0430\u043a \u0411\u043e\u0433 \u043c\u0435\u043d\u044f\u0435\u0442 \u043d\u0430\u0441&quot; 3 I \u0421\u0432\u0438\u0434\u0435\u0442\u0435\u043b\u044c\u0441\u0442\u0432\u043e&quot; from YouTube<\/button>\t\t\t\t\t\t<div class=\"embed-privacy-overlay\">\t\t\t\t<div class=\"embed-privacy-inner\">\t\t\t\t\t<div class=\"embed-privacy-logo\" style=\"background-image: url(https:\/\/ecg.berlin\/wp-content\/plugins\/embed-privacy\/assets\/images\/embed-youtube.png?ver=1.12.3);\"><\/div>\t\t<p>\t\tHier klicken, um den Inhalt von YouTube anzuzeigen.\t\t\t\t\t<br>\t\t\t\t\tLearn more in <a href=\"https:\/\/policies.google.com\/privacy?hl=de\" target=\"_blank\">YouTube\u2019s privacy policy<\/a>.\t\t<\/p>\t\t<p class=\"embed-privacy-input-wrapper\">\t\t\t<input id=\"embed-privacy-store-youtube-2f4482430e891bf84ecae136bb00b100\" type=\"checkbox\" value=\"1\" class=\"embed-privacy-input\" data-embed-provider=\"youtube\">\t\t\t<label for=\"embed-privacy-store-youtube-2f4482430e891bf84ecae136bb00b100\" class=\"embed-privacy-label\" data-embed-provider=\"youtube\">\t\t\t\tAlways display content from YouTube\t\t\t<\/label>\t\t<\/p>\t\t\t\t\t\t<\/div>\t\t\t\t\t\t\t\t<div class=\"embed-privacy-footer\"><span class=\"embed-privacy-url\"><a href=\"https:\/\/youtu.be\/lysPYsefsBM\">Open &quot;\ud83c\uddfa\ud83c\udde6\u0411\u0435\u0433\u0441\u0442\u0432\u043e \u0438\u0437 \u0423\u043a\u0440\u0430\u0438\u043d\u044b, \u0441\u043b\u0443\u0436\u0435\u043d\u0438\u0435 \u0411\u043e\u0433\u0443: Vladislav Rudenko I &#171;\u041a\u0430\u043a \u0411\u043e\u0433 \u043c\u0435\u043d\u044f\u0435\u0442 \u043d\u0430\u0441&#187; 3 I \u0421\u0432\u0438\u0434\u0435\u0442\u0435\u043b\u044c\u0441\u0442\u0432\u043e&quot; directly<\/a><\/span><\/div>\t\t\t<\/div>\t\t\t\t\t\t<div class=\"embed-privacy-content\">\t\t\t\t<script>var _oembed_2f4482430e891bf84ecae136bb00b100 = '{\\\"embed\\\":\\\"&lt;iframe title=&quot;\\\\ud83c\\\\uddfa\\\\ud83c\\\\udde6\\\\u0411\\\\u0435\\\\u0433\\\\u0441\\\\u0442\\\\u0432\\\\u043e \\\\u0438\\\\u0437 \\\\u0423\\\\u043a\\\\u0440\\\\u0430\\\\u0438\\\\u043d\\\\u044b, \\\\u0441\\\\u043b\\\\u0443\\\\u0436\\\\u0435\\\\u043d\\\\u0438\\\\u0435 \\\\u0411\\\\u043e\\\\u0433\\\\u0443: Vladislav Rudenko I &amp;quot;\\\\u041a\\\\u0430\\\\u043a \\\\u0411\\\\u043e\\\\u0433 \\\\u043c\\\\u0435\\\\u043d\\\\u044f\\\\u0435\\\\u0442 \\\\u043d\\\\u0430\\\\u0441&amp;quot; 3 I \\\\u0421\\\\u0432\\\\u0438\\\\u0434\\\\u0435\\\\u0442\\\\u0435\\\\u043b\\\\u044c\\\\u0441\\\\u0442\\\\u0432\\\\u043e&quot; width=&quot;770&quot; height=&quot;433&quot; src=&quot;https:\\\\\/\\\\\/www.youtube-nocookie.com\\\\\/embed\\\\\/lysPYsefsBM?feature=oembed&quot; frameborder=&quot;0&quot; allow=&quot;accelerometer; autoplay; clipboard-write; encrypted-media; gyroscope; picture-in-picture; web-share&quot; referrerpolicy=&quot;strict-origin-when-cross-origin&quot; allowfullscreen&gt;&lt;\\\\\/iframe&gt;\\\"}';<\/script>\t\t\t<\/div>\t\t<\/div>\t\t\n<\/div><\/figure>\n\n\n\n<p><strong>6. Mai 2022<\/strong><\/p>\n\n\n\n<p>3 Sprinter + 2 Anh\u00e4nger sind wieder seid gestern unterwegs mit Lebensmittel + Literatur + Kleidung zu Hilfsbed\u00fcrftigen in die Ukraine. &#x1f64f;<\/p>\n\n\n<div class=\"wp-block-image\">\n<figure class=\"aligncenter size-large is-resized\"><img loading=\"lazy\" decoding=\"async\" src=\"https:\/\/ecg.berlin\/wp-content\/uploads\/2022\/05\/6D3A2CDF-1560-471E-9406-4A3488701D84-1024x1024.jpg\" alt=\"\" class=\"wp-image-4586\" width=\"512\" height=\"512\" srcset=\"https:\/\/ecg.berlin\/wp-content\/uploads\/2022\/05\/6D3A2CDF-1560-471E-9406-4A3488701D84-1024x1024.jpg 1024w, https:\/\/ecg.berlin\/wp-content\/uploads\/2022\/05\/6D3A2CDF-1560-471E-9406-4A3488701D84-300x300.jpg 300w, https:\/\/ecg.berlin\/wp-content\/uploads\/2022\/05\/6D3A2CDF-1560-471E-9406-4A3488701D84-150x150.jpg 150w, https:\/\/ecg.berlin\/wp-content\/uploads\/2022\/05\/6D3A2CDF-1560-471E-9406-4A3488701D84-768x768.jpg 768w, https:\/\/ecg.berlin\/wp-content\/uploads\/2022\/05\/6D3A2CDF-1560-471E-9406-4A3488701D84-60x60.jpg 60w, https:\/\/ecg.berlin\/wp-content\/uploads\/2022\/05\/6D3A2CDF-1560-471E-9406-4A3488701D84.jpg 1200w\" sizes=\"auto, (max-width: 512px) 100vw, 512px\" \/><\/figure>\n<\/div>\n\n\n<p><strong>5. Mai 2022<\/strong><\/p>\n\n\n\n<p><strong>Nachricht von Svetlana<br><\/strong>Liebe Gemeinde, ich gr\u00fc\u00dfe Euch alle.<\/p>\n\n\n\n<p>Meine letzte Nachricht war sehr spontan und kurz, da ich sehr m\u00fcde war und auch jetzt noch bin. Nichtsdestotrotz m\u00f6chte ich mir jetzt etwas mehr Zeit nehmen, um Euch von der vergangenen und kommenden Woche zu erz\u00e4hlen.<\/p>\n\n\n\n<p>Die meiste Zeit k\u00fcmmere ich mich um Lebensmittelhilfen f\u00fcr Alte und Schwache und mich freuen die finanziellen Gaben, die diesen Dienst \u00fcberhaupt erm\u00f6glichen.<\/p>\n\n\n\n<p>Gerne w\u00fcrde ich Euch mehr Bilder\/Eindr\u00fccke schicken, aber nicht immer ist das m\u00f6glich. Viele Familien befinden sich in Lebenszust\u00e4nden, dass sie diese verst\u00e4ndlicherweise ungern zeigen wollen. Einige der Bilder die Ihr seht sind \u00fcbrigens auch garnicht von mir pers\u00f6nlich gemacht, sondern vom Helferteam, welches hier auch immer weiter w\u00e4chst.<br>Gott ist gut und einige der Mitarbeiter, der L\u00e4den, in denen ich die Lebensmittelhilfen einkaufe, sind inzwischen ehrenamtliche Mitarbeiter geworden und helfen mir, Lebensmittel an bed\u00fcrftige Menschen auszuteilen.<\/p>\n\n\n\n<p>In der derzeitigen Situation haben bed\u00fcrftige Menschen leider noch weniger Aufmerksamkeit vom Staat, da s\u00e4mtliche Infrastrukturen nicht mehr richtig funktionieren und Beh\u00f6rden noch langsamer arbeiten. Aber ich bin froh, dass Gott mir diesen Dienst schenkt und es erm\u00f6glicht, dass wir diesen Menschen helfen k\u00f6nnen.<\/p>\n\n\n\n<p>Die Hilfe besteht dabei nicht nur aus Lebensmittelhilfen. Die Menschen brauchen auch jemanden, der mit ihnen reden und beten kann. So durfte ich ein interessantes Gespr\u00e4ch mit einer \u00e4lteren Frau f\u00fchren, die am Karfreitag bekannte, dass sie vieles \u00fcber Gott nicht versteht. Sie verstand nicht, weshalb wir uns taufen, warum wir finanzielle Gaben geben, warum wir immer wieder beten. Sie verstand nicht, was Gott von ihr pers\u00f6nlich fordert.<br>In ihren j\u00fcngeren Jahren hat sie eine orthodoxe Kirche besucht und ist in dieser Lehre auch bis ins hohe Alter geblieben, obwohl sie die Gemeinde aus gesundheitlichen Gr\u00fcnden schon lange nicht besucht hat.<br>Karfreitag erkannte sie dann, dass sie Gott vermutlich garnicht begegnet ist und den Sinn des Lebens nicht verstanden hat. Sie erkannte weiter, dass man sich zwar mit Gott auseinandersetzten und einen christlichen Lebensstil f\u00fchren kann, aber dabei dennoch nicht gerechtfertigt von der Schuld der S\u00fcnde ist.<br>Karfreitag betete sie zu Gott und bekannte Ihm, dass sie die Ereignisse von vor 2000 Jahren nicht mehr ber\u00fchrten. Sie wusste zwar was damals passiert ist, aber Bedeutung hatte es f\u00fcr sich nicht mehr. Sie erkannte, dass sie nicht Gott, sondern einen G\u00f6tzen damals gefunden hatte.<br>Sie weinte sehr, weil sie schon so lange Hunger nach der Wahrheit Gottes hatte, aber dieser nie gestillt wurde.<br>Als wir dann letztens gemeinsam beteten, da betete sie daf\u00fcr, dass sie wenigstens ein St\u00fcckchen von der Gnade und Herrlichkeit Gottes erkennt, dass Gott ihr Herz ber\u00fchrt und ihr neues Leben schenkt.<\/p>\n\n\n\n<p>Nach dem Gebet sagte ich ihr dann, dass ich nicht nur zum Reden gekommen bin, sondern auch eine T\u00fcte mit Lebensmitteln mitgebracht habe. Sie freue sich, umarmte mich und sagte, dass Gott ihr tats\u00e4chlich nah ist. Ich sagte ihr dann, dass Gott uns n\u00e4her ist als wir es erwarten.<\/p>\n\n\n\n<p>Ich bin Gott dankbar, dass wir diesen Dienst tun d\u00fcrfen und es ist wichtig dabei dem\u00fctig vor Gott zu bleiben. Wir d\u00fcrfen nicht dar\u00fcber nachdenken, was denn andere Menschen \u00fcber uns denken k\u00f6nnten. Denn wenn wir \u00fcber unser \u00e4u\u00dferes Erscheinungsbild nachdenken, kann Stolz zu unserem falschen Fundament werden. Stolz ist (verzeiht den Vergleich) wie Schwei\u00df. Wir schwitzen meist, ohne es zu merken und trotzdem erf\u00fcllt dieser unbemerkte Schwei\u00df seine Wirkung und \u00e4ndert (k\u00fchlt) unsere K\u00f6rpertemperatur. So auch unser Stolz, den wir nicht bemerken, welcher aber wirkt und unseren Charakter ver\u00e4ndert.<\/p>\n\n\n\n<p>Ich bin Gott dankbar, dass er Zeit gibt zum dem\u00fctigen Nachsinnen, damit wir uns Ver\u00e4ndern k\u00f6nnen. Auch im hohen Alter ist Ver\u00e4nderung notwendig. Bis zum Ende unserer Tage m\u00fcssen wir an uns arbeiten, damit wir Gott immer n\u00e4her kommen, uns nicht entfernen und nicht vergessen, dass Gott uns immer nah ist.<\/p>\n\n\n\n<p>Vielen Dank f\u00fcr alles, Br\u00fcder und Schwestern. In Christus vereint.<br>Eure Svetlana<\/p>\n\n\n\n<p><strong>1. Mai 2022<\/strong><\/p>\n\n\n\n<p>Heute um 16.00 Uhr haben wir den ersten Gemeinschaftsgottesdienst durchf\u00fchren k\u00f6nnen:<\/p>\n\n\n\n<figure class=\"wp-block-gallery has-nested-images columns-default is-cropped wp-block-gallery-4 is-layout-flex wp-block-gallery-is-layout-flex\">\n<figure class=\"wp-block-image size-large\"><img loading=\"lazy\" decoding=\"async\" width=\"1024\" height=\"768\" data-id=\"4580\" src=\"https:\/\/ecg.berlin\/wp-content\/uploads\/2022\/05\/WhatsApp-Image-2022-05-01-at-17.55.20-1024x768.jpeg\" alt=\"\" class=\"wp-image-4580\" srcset=\"https:\/\/ecg.berlin\/wp-content\/uploads\/2022\/05\/WhatsApp-Image-2022-05-01-at-17.55.20-1024x768.jpeg 1024w, https:\/\/ecg.berlin\/wp-content\/uploads\/2022\/05\/WhatsApp-Image-2022-05-01-at-17.55.20-300x225.jpeg 300w, https:\/\/ecg.berlin\/wp-content\/uploads\/2022\/05\/WhatsApp-Image-2022-05-01-at-17.55.20-768x576.jpeg 768w, https:\/\/ecg.berlin\/wp-content\/uploads\/2022\/05\/WhatsApp-Image-2022-05-01-at-17.55.20-1536x1152.jpeg 1536w, https:\/\/ecg.berlin\/wp-content\/uploads\/2022\/05\/WhatsApp-Image-2022-05-01-at-17.55.20.jpeg 1600w\" sizes=\"auto, (max-width: 1024px) 100vw, 1024px\" \/><\/figure>\n\n\n\n<figure class=\"wp-block-image size-large\"><img loading=\"lazy\" decoding=\"async\" width=\"1024\" height=\"768\" data-id=\"4582\" src=\"https:\/\/ecg.berlin\/wp-content\/uploads\/2022\/05\/WhatsApp-Image-2022-05-01-at-17.55.16-1024x768.jpeg\" alt=\"\" class=\"wp-image-4582\" srcset=\"https:\/\/ecg.berlin\/wp-content\/uploads\/2022\/05\/WhatsApp-Image-2022-05-01-at-17.55.16-1024x768.jpeg 1024w, https:\/\/ecg.berlin\/wp-content\/uploads\/2022\/05\/WhatsApp-Image-2022-05-01-at-17.55.16-300x225.jpeg 300w, https:\/\/ecg.berlin\/wp-content\/uploads\/2022\/05\/WhatsApp-Image-2022-05-01-at-17.55.16-768x576.jpeg 768w, https:\/\/ecg.berlin\/wp-content\/uploads\/2022\/05\/WhatsApp-Image-2022-05-01-at-17.55.16-1536x1152.jpeg 1536w, https:\/\/ecg.berlin\/wp-content\/uploads\/2022\/05\/WhatsApp-Image-2022-05-01-at-17.55.16.jpeg 1600w\" sizes=\"auto, (max-width: 1024px) 100vw, 1024px\" \/><\/figure>\n<\/figure>\n\n\n\n<p>Ein Fotobericht von Svetlana Rabokon<\/p>\n\n\n\n<figure class=\"wp-block-gallery has-nested-images columns-default is-cropped wp-block-gallery-5 is-layout-flex wp-block-gallery-is-layout-flex\">\n<figure class=\"wp-block-image size-large\"><img loading=\"lazy\" decoding=\"async\" width=\"1024\" height=\"1024\" data-id=\"4567\" src=\"https:\/\/ecg.berlin\/wp-content\/uploads\/2022\/05\/WhatsApp-Image-2022-05-01-at-15.48.53-1024x1024.jpeg\" alt=\"\" class=\"wp-image-4567\" srcset=\"https:\/\/ecg.berlin\/wp-content\/uploads\/2022\/05\/WhatsApp-Image-2022-05-01-at-15.48.53.jpeg 1024w, https:\/\/ecg.berlin\/wp-content\/uploads\/2022\/05\/WhatsApp-Image-2022-05-01-at-15.48.53-300x300.jpeg 300w, https:\/\/ecg.berlin\/wp-content\/uploads\/2022\/05\/WhatsApp-Image-2022-05-01-at-15.48.53-150x150.jpeg 150w, https:\/\/ecg.berlin\/wp-content\/uploads\/2022\/05\/WhatsApp-Image-2022-05-01-at-15.48.53-768x768.jpeg 768w, https:\/\/ecg.berlin\/wp-content\/uploads\/2022\/05\/WhatsApp-Image-2022-05-01-at-15.48.53-60x60.jpeg 60w\" sizes=\"auto, (max-width: 1024px) 100vw, 1024px\" \/><\/figure>\n\n\n\n<figure class=\"wp-block-image size-large\"><img loading=\"lazy\" decoding=\"async\" width=\"1024\" height=\"1024\" data-id=\"4569\" src=\"https:\/\/ecg.berlin\/wp-content\/uploads\/2022\/05\/WhatsApp-Image-2022-05-01-at-15.48.53-1-1024x1024.jpeg\" alt=\"\" class=\"wp-image-4569\" srcset=\"https:\/\/ecg.berlin\/wp-content\/uploads\/2022\/05\/WhatsApp-Image-2022-05-01-at-15.48.53-1.jpeg 1024w, https:\/\/ecg.berlin\/wp-content\/uploads\/2022\/05\/WhatsApp-Image-2022-05-01-at-15.48.53-1-300x300.jpeg 300w, https:\/\/ecg.berlin\/wp-content\/uploads\/2022\/05\/WhatsApp-Image-2022-05-01-at-15.48.53-1-150x150.jpeg 150w, https:\/\/ecg.berlin\/wp-content\/uploads\/2022\/05\/WhatsApp-Image-2022-05-01-at-15.48.53-1-768x768.jpeg 768w, https:\/\/ecg.berlin\/wp-content\/uploads\/2022\/05\/WhatsApp-Image-2022-05-01-at-15.48.53-1-60x60.jpeg 60w\" sizes=\"auto, (max-width: 1024px) 100vw, 1024px\" \/><\/figure>\n<\/figure>\n\n\n\n<p><strong>30. April 2022<\/strong><\/p>\n\n\n\n<p>B\u0435\u0447\u0435\u0440 \u043e\u0431\u0449\u0435\u043d\u0438\u044f I Gemeinschaftsabend<\/p>\n\n\n\n<p>\u041c\u044b \u0441\u0435\u0440\u0434\u0435\u0447\u043d\u043e \u043f\u0440\u0438\u0433\u043b\u0430\u0448\u0430\u0435\u043c \u0442\u0435\u0431\u044f: \u041a\u0430\u0436\u0434\u043e\u0435 \u0432\u043e\u0441\u043a\u0440\u0435\u0441\u0435\u043d\u044c\u0435 \u0432 16:00<br>\u0411\u0438\u0431\u043b\u0435\u0439\u0441\u043a\u0438\u0435 \u043d\u0430\u0441\u0442\u0430\u0432\u043b\u0435\u043d\u0438\u044f, \u0445\u0440\u0438\u0441\u0442\u0438\u0430\u043d\u0441\u043a\u0438\u0435 \u043f\u0435\u0441\u043d\u0438, \u0441\u0432\u0438\u0434\u0435\u0442\u0435\u043b\u044c\u0441\u0442\u0432\u0430, \u043e\u0431\u0449\u0435\u043d\u0438\u0435 \u0437\u0430 \u0447\u0430\u0448\u043a\u043e\u0439 \u0447\u0430\u044f.<\/p>\n\n\n\n<p><strong>Jeden Sonntag findet um 16:00 Uhr ein russisch\/ukrainischer Gottesdienst &amp; Gemeinschaftsabend mit Andacht, Gesang, Zeugnissen &amp; Kaffee mit evangelistischer Ausrichtung statt.<\/strong><\/p>\n\n\n\n<p>Wir bitten euch um Gebetsunterst\u00fctzung sowie praktische Hilfe.<\/p>\n\n\n\n<figure class=\"wp-block-gallery has-nested-images columns-default is-cropped wp-block-gallery-6 is-layout-flex wp-block-gallery-is-layout-flex\">\n<figure class=\"wp-block-image size-large\"><img loading=\"lazy\" decoding=\"async\" width=\"1024\" height=\"1023\" data-id=\"4572\" src=\"https:\/\/ecg.berlin\/wp-content\/uploads\/2022\/05\/WhatsApp-Image-2022-04-29-at-13.44.11.jpeg\" alt=\"\" class=\"wp-image-4572\" srcset=\"https:\/\/ecg.berlin\/wp-content\/uploads\/2022\/05\/WhatsApp-Image-2022-04-29-at-13.44.11.jpeg 1024w, https:\/\/ecg.berlin\/wp-content\/uploads\/2022\/05\/WhatsApp-Image-2022-04-29-at-13.44.11-300x300.jpeg 300w, https:\/\/ecg.berlin\/wp-content\/uploads\/2022\/05\/WhatsApp-Image-2022-04-29-at-13.44.11-150x150.jpeg 150w, https:\/\/ecg.berlin\/wp-content\/uploads\/2022\/05\/WhatsApp-Image-2022-04-29-at-13.44.11-768x767.jpeg 768w, https:\/\/ecg.berlin\/wp-content\/uploads\/2022\/05\/WhatsApp-Image-2022-04-29-at-13.44.11-60x60.jpeg 60w\" sizes=\"auto, (max-width: 1024px) 100vw, 1024px\" \/><\/figure>\n\n\n\n<figure class=\"wp-block-image size-large\"><img loading=\"lazy\" decoding=\"async\" width=\"1024\" height=\"1024\" data-id=\"4574\" src=\"https:\/\/ecg.berlin\/wp-content\/uploads\/2022\/05\/My-serdechno-priglashaem-tebya-1024x1024.png\" alt=\"\" class=\"wp-image-4574\" srcset=\"https:\/\/ecg.berlin\/wp-content\/uploads\/2022\/05\/My-serdechno-priglashaem-tebya-1024x1024.png 1024w, https:\/\/ecg.berlin\/wp-content\/uploads\/2022\/05\/My-serdechno-priglashaem-tebya-300x300.png 300w, https:\/\/ecg.berlin\/wp-content\/uploads\/2022\/05\/My-serdechno-priglashaem-tebya-150x150.png 150w, https:\/\/ecg.berlin\/wp-content\/uploads\/2022\/05\/My-serdechno-priglashaem-tebya-768x768.png 768w, https:\/\/ecg.berlin\/wp-content\/uploads\/2022\/05\/My-serdechno-priglashaem-tebya-60x60.png 60w, https:\/\/ecg.berlin\/wp-content\/uploads\/2022\/05\/My-serdechno-priglashaem-tebya.png 1080w\" sizes=\"auto, (max-width: 1024px) 100vw, 1024px\" \/><\/figure>\n<\/figure>\n\n\n\n<p><strong>22. April 2022<\/strong><\/p>\n\n\n\n<p>Auch weiterhin fahren w\u00f6chentlich mehrere Transporter mit humanit\u00e4rer Hilfe in die Ukraine. Wir bitten weiterhin um Gebetsunterst\u00fctzung.<\/p>\n\n\n\n<p>Svetlana Rabokon berichtet von ihrem Dienst in Odessa: <\/p>\n\n\n\n<p>Hallo, es ist gut, wieder heimzukommen. Gerade ert\u00f6nte wieder der Alarm, aber ich schaffe es nicht immer, in den Bunker zu gehen. Ich m\u00f6chte euch berichten, dass wir heute 100 Pakete f\u00fcr Arme und Rentner mit einer sehr niedrigen Rente versorgen konnten. Den meisten reicht die monatliche Versorgung abz\u00fcglich aller Ausgaben nur noch f\u00fcr Brot. Somit konnten wir zum Feiertag der Auferstehung Jesu Christi diesen Menschen ein besonderes Geschenk machen und dabei Zeugnis von der Auferstehung Jesu geben. Und viele h\u00f6ren gerne zu, halten meine H\u00e4nde und wollen gerne mit mir beten. Vor kurzer Zeit waren die Herzen der Menschen noch ganz anders ausgelegt und geschweige denn offen gegen\u00fcber der gro\u00dfartigen Botschaft der Auferstehung Jesu. Vor kurzer Zeit w\u00e4re das Osterfest noch spurlos an ihnen vor\u00fcber gegangen.<br>Tats\u00e4chlich versp\u00fcrt man auch schon eine gewisse Ersch\u00f6pfung. Aber in alledem erf\u00e4hrt man Ermutigung und Kraft f\u00fcr diese Arbeit.<\/p>\n\n\n\n<p>Ich danke f\u00fcr alle, die mich unterst\u00fctzen. Ich hatte gar nicht erwartet, dass wir diese 100 Pakete zusammenstellen k\u00f6nnen. Aber Gott hatte uns so gesegnet, dass wir ein Segen f\u00fcr diese Menschen in ihren physischen und vor allem den geistlichen Bed\u00fcrfnissen sein durften. Viele haben heute tats\u00e4chlich gesagt \u201eder Herr lebt\u201c und ich sagte ihnen: \u201eWahrhaftig, der Herr lebt. Er k\u00fcmmert sich durch seine Barmherzigkeit und G\u00fcte um euch! Der Herr k\u00fcmmert sich um euch durch Menschen, die 1000 Kilometer weit entfernt sind.\u201c<br>Lobt den Herrn! <a href=\"https:\/\/ecg.berlin\/kindermissionarin-svetlana-rabokon\/\" data-type=\"post\" data-id=\"377\">Svetlana<\/a>.<\/p>\n\n\n<div class=\"wp-block-image\">\n<figure class=\"aligncenter size-large is-resized\"><img loading=\"lazy\" decoding=\"async\" src=\"https:\/\/ecg.berlin\/wp-content\/uploads\/2022\/04\/WhatsApp-Image-2022-04-21-at-16.40.19-766x1024.jpeg\" alt=\"\" class=\"wp-image-4546\" width=\"383\" height=\"512\" srcset=\"https:\/\/ecg.berlin\/wp-content\/uploads\/2022\/04\/WhatsApp-Image-2022-04-21-at-16.40.19-766x1024.jpeg 766w, https:\/\/ecg.berlin\/wp-content\/uploads\/2022\/04\/WhatsApp-Image-2022-04-21-at-16.40.19-225x300.jpeg 225w, https:\/\/ecg.berlin\/wp-content\/uploads\/2022\/04\/WhatsApp-Image-2022-04-21-at-16.40.19-768x1026.jpeg 768w, https:\/\/ecg.berlin\/wp-content\/uploads\/2022\/04\/WhatsApp-Image-2022-04-21-at-16.40.19.jpeg 898w\" sizes=\"auto, (max-width: 383px) 100vw, 383px\" \/><\/figure>\n<\/div>\n\n\n<p><strong>20. April 2022<\/strong><\/p>\n\n\n\n<p>Einige G\u00e4ste, die wir vor ihrer Weiterfahrt in Berlin aufnehmen konnten.<\/p>\n\n\n\n<figure class=\"wp-block-gallery has-nested-images columns-default is-cropped wp-block-gallery-7 is-layout-flex wp-block-gallery-is-layout-flex\">\n<figure class=\"wp-block-image size-large\"><img loading=\"lazy\" decoding=\"async\" width=\"1024\" height=\"768\" data-id=\"4537\" src=\"https:\/\/ecg.berlin\/wp-content\/uploads\/2022\/04\/WhatsApp-Image-2022-04-18-at-22.49.36-1024x768.jpeg\" alt=\"\" class=\"wp-image-4537\" srcset=\"https:\/\/ecg.berlin\/wp-content\/uploads\/2022\/04\/WhatsApp-Image-2022-04-18-at-22.49.36-1024x768.jpeg 1024w, https:\/\/ecg.berlin\/wp-content\/uploads\/2022\/04\/WhatsApp-Image-2022-04-18-at-22.49.36-300x225.jpeg 300w, https:\/\/ecg.berlin\/wp-content\/uploads\/2022\/04\/WhatsApp-Image-2022-04-18-at-22.49.36-768x576.jpeg 768w, https:\/\/ecg.berlin\/wp-content\/uploads\/2022\/04\/WhatsApp-Image-2022-04-18-at-22.49.36.jpeg 1280w\" sizes=\"auto, (max-width: 1024px) 100vw, 1024px\" \/><\/figure>\n\n\n\n<figure class=\"wp-block-image size-large\"><img loading=\"lazy\" decoding=\"async\" width=\"1024\" height=\"768\" data-id=\"4540\" src=\"https:\/\/ecg.berlin\/wp-content\/uploads\/2022\/04\/WhatsApp-Image-2022-04-16-at-22.16.13-1024x768.jpeg\" alt=\"\" class=\"wp-image-4540\" srcset=\"https:\/\/ecg.berlin\/wp-content\/uploads\/2022\/04\/WhatsApp-Image-2022-04-16-at-22.16.13-1024x768.jpeg 1024w, https:\/\/ecg.berlin\/wp-content\/uploads\/2022\/04\/WhatsApp-Image-2022-04-16-at-22.16.13-300x225.jpeg 300w, https:\/\/ecg.berlin\/wp-content\/uploads\/2022\/04\/WhatsApp-Image-2022-04-16-at-22.16.13-768x576.jpeg 768w, https:\/\/ecg.berlin\/wp-content\/uploads\/2022\/04\/WhatsApp-Image-2022-04-16-at-22.16.13-1536x1152.jpeg 1536w, https:\/\/ecg.berlin\/wp-content\/uploads\/2022\/04\/WhatsApp-Image-2022-04-16-at-22.16.13.jpeg 1600w\" sizes=\"auto, (max-width: 1024px) 100vw, 1024px\" \/><\/figure>\n\n\n\n<figure class=\"wp-block-image size-large\"><img loading=\"lazy\" decoding=\"async\" width=\"768\" height=\"1024\" data-id=\"4539\" src=\"https:\/\/ecg.berlin\/wp-content\/uploads\/2022\/04\/WhatsApp-Image-2022-04-18-at-22.49.04-768x1024.jpeg\" alt=\"\" class=\"wp-image-4539\" srcset=\"https:\/\/ecg.berlin\/wp-content\/uploads\/2022\/04\/WhatsApp-Image-2022-04-18-at-22.49.04-768x1024.jpeg 768w, https:\/\/ecg.berlin\/wp-content\/uploads\/2022\/04\/WhatsApp-Image-2022-04-18-at-22.49.04-225x300.jpeg 225w, https:\/\/ecg.berlin\/wp-content\/uploads\/2022\/04\/WhatsApp-Image-2022-04-18-at-22.49.04.jpeg 900w\" sizes=\"auto, (max-width: 768px) 100vw, 768px\" \/><\/figure>\n<\/figure>\n\n\n\n<p><strong>19. April 2022<\/strong><\/p>\n\n\n\n<p>\u00dcber den aktuellen Lebensmittel Transport: Vielen Dank f\u00fcr eure Gebete. Wir wurden gerade \u00fcber die Grenze gelassen und sind jetzt auf dem Weg zur \u00dcbergabe aller Lebensmittel und Hilfsg\u00fcter\u2026&#x1f64f;<\/p>\n\n\n\n<p>Wir bitten weiter um Gebetsunterst\u00fctzung:<\/p>\n\n\n\n<p><em>Frieden hinterlasse ich euch; meinen Frieden gebe ich euch. Nicht wie die Welt gibt, gebe ich euch; euer Herz erschrecke nicht und verzage nicht!&nbsp;(Joh 14,27). [&#8230;] Dies habe ich zu euch geredet, damit ihr in mir Frieden habt. In der Welt habt ihr Bedr\u00e4ngnis; aber seid getrost, ich habe die Welt \u00fcberwunden! (Joh 16,33)<\/em><\/p>\n\n\n\n<ul class=\"wp-block-list\">\n<li>DANK: f\u00fcr bewahrte Fahrten humanit\u00e4rer Hilfe und der Hilfe aller Geschwister hier vor Ort in Gebet, Tat und Geben<\/li>\n\n\n\n<li>GEBET: dass Gott weiteren Menschen den Dienst und M\u00f6glichkeiten aufs Herz legt hier vor Ort zu helfen<\/li>\n\n\n\n<li>GEBET: dass Gott Herzen und M\u00f6glichkeiten f\u00fcr Gespr\u00e4che \u00fcber den Friedens des Evangeliums vorbereitet<\/li>\n\n\n\n<li>GEBET: f\u00fcr M\u00f6glichkeiten der Evangelisation durch unsere Gemeinde (ggf. evangelistischer Gottesdienst, Konzert, Literatur, Seelsorge)<\/li>\n\n\n\n<li>GEBET: dass Gott unsere Sinne vor s\u00fcndiger Parteilichkeit und Spaltung bewahrt<\/li>\n<\/ul>\n\n\n\n<p><strong>18. April 2022<\/strong><\/p>\n\n\n\n<p class=\"has-text-align-left wp-embed-aspect-16-9 wp-has-aspect-ratio\">Liebe Geschwister,<\/p>\n\n\n\n<p class=\"has-text-align-left wp-embed-aspect-16-9 wp-has-aspect-ratio\">das gr\u00f6\u00dfte Wunder f\u00fcr uns Christen ist geschehen: Jesus ist auferstanden.<\/p>\n\n\n\n<p class=\"has-text-align-left wp-embed-aspect-16-9 wp-has-aspect-ratio\">Gerade hatte ich eine Telefonkonferenz mit meinen Internatskindern, die sich momentan in Polen aufhalten. Wir haben \u00fcber die Auferstehung Jesu gesprochen und \u00fcber die Eindr\u00fccke, welche sie dort in Polen sammeln. Sie erz\u00e4hlten mir, dass sie ihre Heimat (Ukraine) sehr vermissen.<\/p>\n\n\n\n<p class=\"has-text-align-left wp-embed-aspect-16-9 wp-has-aspect-ratio\">Sie erz\u00e4hlen mir auch, dass sie in den letzten Tagen bemerkten, dass jeder seine eigene Herkunft und Heimat hat und, dass jeder Gott auf eine verschiedene Art und Weise kennenlernte. Sie fragten auch mich, wie und wo ich zum Glauben kam.<\/p>\n\n\n\n<p class=\"has-text-align-left wp-embed-aspect-16-9 wp-has-aspect-ratio\">Weiter wollten sie wissen, was f\u00fcr mich diese Feiertage und die Auferstehung bedeuten. Ich gab ihnen Zeugnis davon, dass die Erkenntnis dessen, dass Jesus auferstanden ist, der gr\u00f6\u00dfte Augenblick meines Lebens war. Das zeigte mir, dass Gott lebendig ist und ewig lebt.<\/p>\n\n\n\n<p class=\"has-text-align-left wp-embed-aspect-16-9 wp-has-aspect-ratio\">Ich teilte dann mit den Kindern ein Gedicht, welches ich in meinen ersten Glaubensjahren geschrieben habe und ich w\u00fcrde das Gedicht gerne auch Euch mitgeben.<\/p>\n\n\n\n<p class=\"has-text-align-left wp-embed-aspect-16-9 wp-has-aspect-ratio\">Gedicht: \u00dcbersetzungsbedingt nur auf russisch im Video<\/p>\n\n\n\n<p class=\"has-text-align-left wp-embed-aspect-16-9 wp-has-aspect-ratio\">Christus ist auferstanden, meine lieben Geschwister. Christus ist wahrhaftig auferstanden.<br>Eure Svetlana<\/p>\n\n\n\n<figure class=\"wp-block-embed is-type-video is-provider-youtube wp-block-embed-youtube wp-embed-aspect-16-9 wp-has-aspect-ratio\"><div class=\"wp-block-embed__wrapper\">\n\t\t<div class=\"embed-privacy-container is-disabled embed-youtube\" data-embed-id=\"oembed_f11569a8318c445fc2fa23464cf92fce\" data-embed-provider=\"youtube\" style=\"background-image: url(https:\/\/ecg.berlin\/wp-content\/uploads\/embed-privacy\/thumbnails\/youtube-_3mZZqY1NE4-hqdefault.jpg?ver=1.12.3); aspect-ratio: 770\/433;\">\t\t\t\t\t\t<button type=\"button\" class=\"embed-privacy-enable screen-reader-text\">Display &quot;Nachricht von Svetlana 17.04.22&quot; from YouTube<\/button>\t\t\t\t\t\t<div class=\"embed-privacy-overlay\">\t\t\t\t<div class=\"embed-privacy-inner\">\t\t\t\t\t<div class=\"embed-privacy-logo\" style=\"background-image: url(https:\/\/ecg.berlin\/wp-content\/plugins\/embed-privacy\/assets\/images\/embed-youtube.png?ver=1.12.3);\"><\/div>\t\t<p>\t\tHier klicken, um den Inhalt von YouTube anzuzeigen.\t\t\t\t\t<br>\t\t\t\t\tLearn more in <a href=\"https:\/\/policies.google.com\/privacy?hl=de\" target=\"_blank\">YouTube\u2019s privacy policy<\/a>.\t\t<\/p>\t\t<p class=\"embed-privacy-input-wrapper\">\t\t\t<input id=\"embed-privacy-store-youtube-f11569a8318c445fc2fa23464cf92fce\" type=\"checkbox\" value=\"1\" class=\"embed-privacy-input\" data-embed-provider=\"youtube\">\t\t\t<label for=\"embed-privacy-store-youtube-f11569a8318c445fc2fa23464cf92fce\" class=\"embed-privacy-label\" data-embed-provider=\"youtube\">\t\t\t\tAlways display content from YouTube\t\t\t<\/label>\t\t<\/p>\t\t\t\t\t\t<\/div>\t\t\t\t\t\t\t\t<div class=\"embed-privacy-footer\"><span class=\"embed-privacy-url\"><a href=\"https:\/\/youtu.be\/_3mZZqY1NE4\">Open &quot;Nachricht von Svetlana 17.04.22&quot; directly<\/a><\/span><\/div>\t\t\t<\/div>\t\t\t\t\t\t<div class=\"embed-privacy-content\">\t\t\t\t<script>var _oembed_f11569a8318c445fc2fa23464cf92fce = '{\\\"embed\\\":\\\"&lt;iframe title=&quot;Nachricht von Svetlana 17.04.22&quot; width=&quot;770&quot; height=&quot;433&quot; src=&quot;https:\\\\\/\\\\\/www.youtube-nocookie.com\\\\\/embed\\\\\/_3mZZqY1NE4?feature=oembed&quot; frameborder=&quot;0&quot; allow=&quot;accelerometer; autoplay; clipboard-write; encrypted-media; gyroscope; picture-in-picture; web-share&quot; allowfullscreen&gt;&lt;\\\\\/iframe&gt;\\\"}';<\/script>\t\t\t<\/div>\t\t<\/div>\t\t\n<\/div><\/figure>\n\n\n\n<p><strong>16. April 2022<\/strong><\/p>\n\n\n\n<p>Das <a href=\"https:\/\/www.tmai.org\/update\/gods-people-in-ukraine-and-europe\/\">TMAI<\/a> berichtet von einem TMAI-Professor in Kiew sagte k\u00fcrzlich Folgendes \u00fcber seine Situation:<\/p>\n\n\n\n<blockquote class=\"wp-block-quote is-layout-flow wp-block-quote-is-layout-flow\">\n<p>&#171;Jesus hat uns gesagt, dass wir uns nicht vor denen f\u00fcrchten sollen, die nur den K\u00f6rper t\u00f6ten k\u00f6nnen, sondern vor dem, der die Seele in der H\u00f6lle zerst\u00f6ren kann\u2026 Ich will nicht so tun, als w\u00e4re ich so tapfer oder mutig, denn das bin ich nicht, aber ich habe das Gef\u00fchl, dass Gottes Geist mir und anderen in unserer Gemeinde dient und uns hilft, nicht den Mut zu verlieren und diese himmlische Perspektive auf die Situation zu haben\u2026 Gott benutzt wirklich die Gebete seiner Leute, um uns sehr zu st\u00e4rken.&#187;<\/p>\n<cite>TMAI-Professor<\/cite><\/blockquote>\n\n\n\n<p>Bitte betet:<br>F\u00fcr alle, die noch in der Ukraine sind. Viele B\u00fcrger sind schwer traumatisiert, und in mehreren St\u00e4dten gibt es keine Lebensmittell\u00e4den oder Apotheken mehr. Betet bitte f\u00fcr sie und f\u00fcr die Gl\u00e4ubigen, die weiterhin mit Lebensmitteln, medizinischer Hilfe und dem Evangelium aushelfen.<br>Betet f\u00fcr die Fahrer, die Hilfsg\u00fcter und das Evangelium ausliefern, vor allem in den Kriegsgebieten. Einige Fahrzeuge sind w\u00e4hrend der Fahrten unter Beschuss geraten. Danken wir Gott, dass das <a href=\"http:\/\/www.ebtc.org\" data-type=\"URL\" data-id=\"www.ebtc.org\">EBTC<\/a> immer mehr Fahrzeuge und Hilfsg\u00fcter zur Verf\u00fcgung stellen kann. W\u00f6chentlich werden etwa 12.000 Tonnen an Hilfsg\u00fctern geliefert, von denen wir als <a href=\"http:\/\/www.ecg.berlin\" data-type=\"URL\" data-id=\"www.ecg.berlin\">Gemeinde<\/a> die Transporte mit organisieren. Betet f\u00fcr diejenigen, die fliehen m\u00fcssen. Betet f\u00fcr die Millionen von Fl\u00fcchtlingen, die sich derzeit in Europa aufhalten, und dass Gottes Volk in der gesamten Region sie weiterhin mit offenen Armen aufnimmt und ihnen dient.<\/p>\n\n\n\n<p><strong>14. April 2022<\/strong><\/p>\n\n\n\n<p><a href=\"https:\/\/ecg.berlin\/kindermissionarin-svetlana-rabokon\/\" data-type=\"post\" data-id=\"377\">Svetlana<\/a> Rabokon berichtet aus Odessa:<\/p>\n\n\n\n<p>Ich gr\u00fc\u00dfe Euch alle. Es ist f\u00fcr mich immer eine gro\u00dfe Freude, wenn meine Gr\u00fc\u00dfe geteilt werden, da Gott selbst durch solche kleinen Dinge wirkt.&nbsp;<br>Heute habe ich einen kleinen freien Tag und versuche so viel Ruhe wie m\u00f6glich zu finden. Gott sei Dank verlief die letzte Nacht ohne Alarm. Manchmal wachte ich zwar nachts auf und wartete auf einen Knall, aber es blieb die ganze Zeit ruhig.<br>Bisher kommen immer noch viele Menschen aus dem Osten der Ukraine bei uns an. Es ist ein hartes Zeugnis, wenn man h\u00f6rt, dass Menschen aus ersch\u00f6pft, ohne Besitz und ver\u00e4ngstigt ankommen. Man wird nie die richtigen Worte finden, um zu beschreiben, was diese Menschen tats\u00e4chlich durchlebt haben.&nbsp;<br>F\u00fcr mich ist es ein gro\u00dfes Privileg, in dieser Zeit dennoch arbeiten zu d\u00fcrfen. Heute Morgen habe ich Johannes 15, Vers 16 gelesen, wo steht: \u201eNicht ihr habt mich erw\u00e4hlt, sondern ich habe euch erw\u00e4hlt und euch dazu bestimmt, dass ihr hingeht und Frucht bringt und eure Frucht bleibt, damit der Vater euch gibt, was auch immer ihr ihn bitten werdet in meinem Namen.\u201c Und f\u00fcr mich ist es eine gro\u00dfe Ermutigung, dass der Herr sich f\u00fcr uns entschieden hat und wir auf seinen Ruf reagieren d\u00fcrfen. Gott will zu uns sprechen und durch unseren Dienst wirken. Das erfahre ich t\u00e4glich.<br>Wenn ich bed\u00fcrftigen Familien Lebensmittel verteile, komme ich mit den Menschen oft ins Gespr\u00e4ch. Und den Menschen, die sich in Not befinden, sage ich immer, dass wenn man den Ruf zu Gott auf ein \u201eSp\u00e4ter\u201c verschiebt, es passieren kann, dass dieses \u201eSp\u00e4ter\u201c nicht auftritt. Wir m\u00fcssen Gott im Hier und Jetzt anrufen und d\u00fcrfen dabei nicht z\u00f6gern.&nbsp;<br>Heute ist der 50. Tag dieses Krieges und ich habe dar\u00fcber nachgedacht, dass ich als Mensch nie gleichg\u00fcltig war. Als ich etwa 20 Jahre alt war, wurde ich gl\u00e4ubig und habe verstanden, dass ich niemals neutral zu Dingen eingestellt sein werde. Egal um welches Thema es sich dreht oder in welcher Situation ich stecke: Ich muss mich f\u00fcr Gott und seinen Willen entscheiden. Wir d\u00fcrfen nicht gleichg\u00fcltig sein oder uns f\u00fcr Links oder Rechts entscheiden und es wird nicht immer leicht sein, sich f\u00fcr Gott zu entscheiden, denn wir werden schnell parteiisch. Auch unser ungl\u00e4ubiges Umfeld wird uns nicht immer verstehen.&nbsp;<br>Ich pers\u00f6nlich erfahre das sehr oft, sogar in der Gemeinde. Aber ich bem\u00fche mich sehr, mich immer f\u00fcr Jesus Christus zu entscheiden.<br>Ich bin Gott dankbar, dass Er viel Kraft schenkt, um mit Menschen zu reden, zu beten und viele ihrer Fragen zu beantworten, auf die es unm\u00f6glich ist, sich vorzubereiten. Ich darf meinen Glauben teilen und wei\u00df, dass es f\u00fcr viele ermutigend und aufbauend ist.&nbsp;<br>Viele der Menschen haben keine wirkliche schlechte Lebensweise. Sind sie nicht bed\u00fcrftig, weil sie aufgrund ihrer Faulheit keinen Aufstieg im sozialen Leben geschafft haben. Sie sind einfach in Armut geboren und ich besuche diese Menschen. Ihre H\u00e4user sind sauber und die G\u00e4rten bepflanzt. Aber gerade, wenn sie viele Kinder haben und keine festen\/regul\u00e4ren Einnahmen, dann ist es f\u00fcr sie sehr schwer, \u00fcber die Runden zu kommen.<br>Sie freuen sich sehr \u00fcber die Lebensmittelspenden, klammern sich an jede Hilfe und sind unglaublich dankbar. Es gab wirklich niemanden, der nicht dankbar war.&nbsp;<br>Aber meine Aufgabe besteht nicht nur darin, die Menschen mit Lebensmitteln zu unterst\u00fctzen, ich erz\u00e4hle ihnen von Gott.&nbsp;<br>Ich bin allen dankbar, die mich in diesem Dienst unterst\u00fctzen. Meine Dankbarkeit kommt tief aus dem Herzen und ich bin oft bis zu Tr\u00e4nen ger\u00fchrt. Ich w\u00fcnsche allen Gottes Kraft und Segen im Dienst und beim Sammeln der Lebensmittelhilfen, damit diese die Menschen erreichen, die sie am n\u00f6tigsten haben.<\/p>\n\n\n\n<p>Im Herrn verbunden, Eure Svetlana Rabokon.<\/p>\n\n\n\n<p>PS: Um nicht nur Worte zu sagen, habe ich noch einige Bilder von der anstrengenden Woche geschickt.<\/p>\n\n\n\n<figure class=\"wp-block-gallery has-nested-images columns-default is-cropped wp-block-gallery-8 is-layout-flex wp-block-gallery-is-layout-flex\">\n<figure class=\"wp-block-image size-large\"><img loading=\"lazy\" decoding=\"async\" width=\"1024\" height=\"768\" data-id=\"4478\" src=\"https:\/\/ecg.berlin\/wp-content\/uploads\/2022\/04\/278454202_4796573807137532_5967537057623358491_n-1024x768.jpg\" alt=\"\" class=\"wp-image-4478\" srcset=\"https:\/\/ecg.berlin\/wp-content\/uploads\/2022\/04\/278454202_4796573807137532_5967537057623358491_n-1024x768.jpg 1024w, https:\/\/ecg.berlin\/wp-content\/uploads\/2022\/04\/278454202_4796573807137532_5967537057623358491_n-300x225.jpg 300w, https:\/\/ecg.berlin\/wp-content\/uploads\/2022\/04\/278454202_4796573807137532_5967537057623358491_n-768x576.jpg 768w, https:\/\/ecg.berlin\/wp-content\/uploads\/2022\/04\/278454202_4796573807137532_5967537057623358491_n-1536x1152.jpg 1536w, https:\/\/ecg.berlin\/wp-content\/uploads\/2022\/04\/278454202_4796573807137532_5967537057623358491_n.jpg 1600w\" sizes=\"auto, (max-width: 1024px) 100vw, 1024px\" \/><\/figure>\n\n\n\n<figure class=\"wp-block-image size-large\"><img loading=\"lazy\" decoding=\"async\" width=\"768\" height=\"1024\" data-id=\"4482\" src=\"https:\/\/ecg.berlin\/wp-content\/uploads\/2022\/04\/278316104_4796574950470751_3548474811102109881_n-768x1024.jpg\" alt=\"\" class=\"wp-image-4482\" srcset=\"https:\/\/ecg.berlin\/wp-content\/uploads\/2022\/04\/278316104_4796574950470751_3548474811102109881_n-768x1024.jpg 768w, https:\/\/ecg.berlin\/wp-content\/uploads\/2022\/04\/278316104_4796574950470751_3548474811102109881_n-225x300.jpg 225w, https:\/\/ecg.berlin\/wp-content\/uploads\/2022\/04\/278316104_4796574950470751_3548474811102109881_n.jpg 900w\" sizes=\"auto, (max-width: 768px) 100vw, 768px\" \/><\/figure>\n\n\n\n<figure class=\"wp-block-image size-large\"><img loading=\"lazy\" decoding=\"async\" width=\"768\" height=\"1024\" data-id=\"4466\" src=\"https:\/\/ecg.berlin\/wp-content\/uploads\/2022\/04\/278526966_4796574420470804_3989915987783475958_n-768x1024.jpg\" alt=\"\" class=\"wp-image-4466\" srcset=\"https:\/\/ecg.berlin\/wp-content\/uploads\/2022\/04\/278526966_4796574420470804_3989915987783475958_n-768x1024.jpg 768w, https:\/\/ecg.berlin\/wp-content\/uploads\/2022\/04\/278526966_4796574420470804_3989915987783475958_n-225x300.jpg 225w, https:\/\/ecg.berlin\/wp-content\/uploads\/2022\/04\/278526966_4796574420470804_3989915987783475958_n.jpg 900w\" sizes=\"auto, (max-width: 768px) 100vw, 768px\" \/><\/figure>\n\n\n\n<figure class=\"wp-block-image size-large\"><img loading=\"lazy\" decoding=\"async\" width=\"768\" height=\"1024\" data-id=\"4484\" src=\"https:\/\/ecg.berlin\/wp-content\/uploads\/2022\/04\/278407849_4796574140470832_4501291965550269347_n-768x1024.jpg\" alt=\"\" class=\"wp-image-4484\" srcset=\"https:\/\/ecg.berlin\/wp-content\/uploads\/2022\/04\/278407849_4796574140470832_4501291965550269347_n-768x1024.jpg 768w, https:\/\/ecg.berlin\/wp-content\/uploads\/2022\/04\/278407849_4796574140470832_4501291965550269347_n-225x300.jpg 225w, https:\/\/ecg.berlin\/wp-content\/uploads\/2022\/04\/278407849_4796574140470832_4501291965550269347_n.jpg 900w\" sizes=\"auto, (max-width: 768px) 100vw, 768px\" \/><\/figure>\n\n\n\n<figure class=\"wp-block-image size-large\"><img loading=\"lazy\" decoding=\"async\" width=\"768\" height=\"1024\" data-id=\"4490\" src=\"https:\/\/ecg.berlin\/wp-content\/uploads\/2022\/04\/277786164_4796574737137439_598721789297299792_n-768x1024.jpg\" alt=\"\" class=\"wp-image-4490\" srcset=\"https:\/\/ecg.berlin\/wp-content\/uploads\/2022\/04\/277786164_4796574737137439_598721789297299792_n-768x1024.jpg 768w, https:\/\/ecg.berlin\/wp-content\/uploads\/2022\/04\/277786164_4796574737137439_598721789297299792_n-225x300.jpg 225w, https:\/\/ecg.berlin\/wp-content\/uploads\/2022\/04\/277786164_4796574737137439_598721789297299792_n.jpg 900w\" sizes=\"auto, (max-width: 768px) 100vw, 768px\" \/><\/figure>\n\n\n\n<figure class=\"wp-block-image size-large\"><img loading=\"lazy\" decoding=\"async\" width=\"619\" height=\"1024\" data-id=\"4476\" src=\"https:\/\/ecg.berlin\/wp-content\/uploads\/2022\/04\/277776109_4796574180470828_7992853060801645269_n-619x1024.jpg\" alt=\"\" class=\"wp-image-4476\" srcset=\"https:\/\/ecg.berlin\/wp-content\/uploads\/2022\/04\/277776109_4796574180470828_7992853060801645269_n-619x1024.jpg 619w, https:\/\/ecg.berlin\/wp-content\/uploads\/2022\/04\/277776109_4796574180470828_7992853060801645269_n-181x300.jpg 181w, https:\/\/ecg.berlin\/wp-content\/uploads\/2022\/04\/277776109_4796574180470828_7992853060801645269_n.jpg 725w\" sizes=\"auto, (max-width: 619px) 100vw, 619px\" \/><\/figure>\n\n\n\n<figure class=\"wp-block-image size-large\"><img loading=\"lazy\" decoding=\"async\" width=\"768\" height=\"1024\" data-id=\"4487\" src=\"https:\/\/ecg.berlin\/wp-content\/uploads\/2022\/04\/278580852_4796573650470881_8349894533355326514_n-768x1024.jpg\" alt=\"\" class=\"wp-image-4487\" srcset=\"https:\/\/ecg.berlin\/wp-content\/uploads\/2022\/04\/278580852_4796573650470881_8349894533355326514_n-768x1024.jpg 768w, https:\/\/ecg.berlin\/wp-content\/uploads\/2022\/04\/278580852_4796573650470881_8349894533355326514_n-225x300.jpg 225w, https:\/\/ecg.berlin\/wp-content\/uploads\/2022\/04\/278580852_4796573650470881_8349894533355326514_n.jpg 900w\" sizes=\"auto, (max-width: 768px) 100vw, 768px\" \/><\/figure>\n\n\n\n<figure class=\"wp-block-image size-large\"><img loading=\"lazy\" decoding=\"async\" width=\"768\" height=\"1024\" data-id=\"4485\" src=\"https:\/\/ecg.berlin\/wp-content\/uploads\/2022\/04\/277817882_4796574533804126_4978477010048681805_n-768x1024.jpg\" alt=\"\" class=\"wp-image-4485\" srcset=\"https:\/\/ecg.berlin\/wp-content\/uploads\/2022\/04\/277817882_4796574533804126_4978477010048681805_n-768x1024.jpg 768w, https:\/\/ecg.berlin\/wp-content\/uploads\/2022\/04\/277817882_4796574533804126_4978477010048681805_n-225x300.jpg 225w, https:\/\/ecg.berlin\/wp-content\/uploads\/2022\/04\/277817882_4796574533804126_4978477010048681805_n.jpg 900w\" sizes=\"auto, (max-width: 768px) 100vw, 768px\" \/><\/figure>\n\n\n\n<figure class=\"wp-block-image size-large\"><img loading=\"lazy\" decoding=\"async\" width=\"775\" height=\"1024\" data-id=\"4480\" src=\"https:\/\/ecg.berlin\/wp-content\/uploads\/2022\/04\/277749948_4796573400470906_2851371467327944547_n-775x1024.jpg\" alt=\"\" class=\"wp-image-4480\" srcset=\"https:\/\/ecg.berlin\/wp-content\/uploads\/2022\/04\/277749948_4796573400470906_2851371467327944547_n-775x1024.jpg 775w, https:\/\/ecg.berlin\/wp-content\/uploads\/2022\/04\/277749948_4796573400470906_2851371467327944547_n-227x300.jpg 227w, https:\/\/ecg.berlin\/wp-content\/uploads\/2022\/04\/277749948_4796573400470906_2851371467327944547_n-768x1015.jpg 768w, https:\/\/ecg.berlin\/wp-content\/uploads\/2022\/04\/277749948_4796573400470906_2851371467327944547_n.jpg 908w\" sizes=\"auto, (max-width: 775px) 100vw, 775px\" \/><\/figure>\n\n\n\n<figure class=\"wp-block-image size-large\"><img loading=\"lazy\" decoding=\"async\" width=\"776\" height=\"1024\" data-id=\"4474\" src=\"https:\/\/ecg.berlin\/wp-content\/uploads\/2022\/04\/278231424_4796574890470757_8305084400986547478_n-776x1024.jpg\" alt=\"\" class=\"wp-image-4474\" srcset=\"https:\/\/ecg.berlin\/wp-content\/uploads\/2022\/04\/278231424_4796574890470757_8305084400986547478_n-776x1024.jpg 776w, https:\/\/ecg.berlin\/wp-content\/uploads\/2022\/04\/278231424_4796574890470757_8305084400986547478_n-227x300.jpg 227w, https:\/\/ecg.berlin\/wp-content\/uploads\/2022\/04\/278231424_4796574890470757_8305084400986547478_n-768x1014.jpg 768w, https:\/\/ecg.berlin\/wp-content\/uploads\/2022\/04\/278231424_4796574890470757_8305084400986547478_n.jpg 909w\" sizes=\"auto, (max-width: 776px) 100vw, 776px\" \/><\/figure>\n\n\n\n<figure class=\"wp-block-image size-large\"><img loading=\"lazy\" decoding=\"async\" width=\"801\" height=\"1024\" data-id=\"4470\" src=\"https:\/\/ecg.berlin\/wp-content\/uploads\/2022\/04\/278053477_4796573550470891_5866982345530765179_n-801x1024.jpg\" alt=\"\" class=\"wp-image-4470\" srcset=\"https:\/\/ecg.berlin\/wp-content\/uploads\/2022\/04\/278053477_4796573550470891_5866982345530765179_n-801x1024.jpg 801w, https:\/\/ecg.berlin\/wp-content\/uploads\/2022\/04\/278053477_4796573550470891_5866982345530765179_n-235x300.jpg 235w, https:\/\/ecg.berlin\/wp-content\/uploads\/2022\/04\/278053477_4796573550470891_5866982345530765179_n-768x981.jpg 768w, https:\/\/ecg.berlin\/wp-content\/uploads\/2022\/04\/278053477_4796573550470891_5866982345530765179_n.jpg 939w\" sizes=\"auto, (max-width: 801px) 100vw, 801px\" \/><\/figure>\n\n\n\n<figure class=\"wp-block-image size-large\"><img loading=\"lazy\" decoding=\"async\" width=\"787\" height=\"1024\" data-id=\"4472\" src=\"https:\/\/ecg.berlin\/wp-content\/uploads\/2022\/04\/277746714_4796574353804144_8542270879487155636_n-787x1024.jpg\" alt=\"\" class=\"wp-image-4472\" srcset=\"https:\/\/ecg.berlin\/wp-content\/uploads\/2022\/04\/277746714_4796574353804144_8542270879487155636_n-787x1024.jpg 787w, https:\/\/ecg.berlin\/wp-content\/uploads\/2022\/04\/277746714_4796574353804144_8542270879487155636_n-231x300.jpg 231w, https:\/\/ecg.berlin\/wp-content\/uploads\/2022\/04\/277746714_4796574353804144_8542270879487155636_n-768x1000.jpg 768w, https:\/\/ecg.berlin\/wp-content\/uploads\/2022\/04\/277746714_4796574353804144_8542270879487155636_n.jpg 922w\" sizes=\"auto, (max-width: 787px) 100vw, 787px\" \/><\/figure>\n\n\n\n<figure class=\"wp-block-image size-large\"><img loading=\"lazy\" decoding=\"async\" width=\"786\" height=\"1024\" data-id=\"4465\" src=\"https:\/\/ecg.berlin\/wp-content\/uploads\/2022\/04\/277760527_4796574813804098_435756938449401287_n-786x1024.jpg\" alt=\"\" class=\"wp-image-4465\" srcset=\"https:\/\/ecg.berlin\/wp-content\/uploads\/2022\/04\/277760527_4796574813804098_435756938449401287_n-786x1024.jpg 786w, https:\/\/ecg.berlin\/wp-content\/uploads\/2022\/04\/277760527_4796574813804098_435756938449401287_n-230x300.jpg 230w, https:\/\/ecg.berlin\/wp-content\/uploads\/2022\/04\/277760527_4796574813804098_435756938449401287_n-768x1001.jpg 768w, https:\/\/ecg.berlin\/wp-content\/uploads\/2022\/04\/277760527_4796574813804098_435756938449401287_n.jpg 921w\" sizes=\"auto, (max-width: 786px) 100vw, 786px\" \/><\/figure>\n\n\n\n<figure class=\"wp-block-image size-large\"><img loading=\"lazy\" decoding=\"async\" width=\"791\" height=\"1024\" data-id=\"4468\" src=\"https:\/\/ecg.berlin\/wp-content\/uploads\/2022\/04\/278248892_4796573387137574_7645892432476160276_n-791x1024.jpg\" alt=\"\" class=\"wp-image-4468\" srcset=\"https:\/\/ecg.berlin\/wp-content\/uploads\/2022\/04\/278248892_4796573387137574_7645892432476160276_n-791x1024.jpg 791w, https:\/\/ecg.berlin\/wp-content\/uploads\/2022\/04\/278248892_4796573387137574_7645892432476160276_n-232x300.jpg 232w, https:\/\/ecg.berlin\/wp-content\/uploads\/2022\/04\/278248892_4796573387137574_7645892432476160276_n-768x994.jpg 768w, https:\/\/ecg.berlin\/wp-content\/uploads\/2022\/04\/278248892_4796573387137574_7645892432476160276_n.jpg 927w\" sizes=\"auto, (max-width: 791px) 100vw, 791px\" \/><\/figure>\n<\/figure>\n\n\n\n<p><strong>13. April 2022<\/strong><\/p>\n\n\n\n<figure class=\"wp-block-gallery has-nested-images columns-default is-cropped wp-block-gallery-9 is-layout-flex wp-block-gallery-is-layout-flex\">\n<figure class=\"wp-block-image size-large\"><img loading=\"lazy\" decoding=\"async\" width=\"768\" height=\"1024\" data-id=\"4495\" src=\"https:\/\/ecg.berlin\/wp-content\/uploads\/2022\/04\/278493987_4793945717400341_1137638803410307368_n-768x1024.jpg\" alt=\"\" class=\"wp-image-4495\" srcset=\"https:\/\/ecg.berlin\/wp-content\/uploads\/2022\/04\/278493987_4793945717400341_1137638803410307368_n-768x1024.jpg 768w, https:\/\/ecg.berlin\/wp-content\/uploads\/2022\/04\/278493987_4793945717400341_1137638803410307368_n-225x300.jpg 225w, https:\/\/ecg.berlin\/wp-content\/uploads\/2022\/04\/278493987_4793945717400341_1137638803410307368_n.jpg 900w\" sizes=\"auto, (max-width: 768px) 100vw, 768px\" \/><\/figure>\n\n\n\n<figure class=\"wp-block-image size-large\"><img loading=\"lazy\" decoding=\"async\" width=\"768\" height=\"1024\" data-id=\"4493\" src=\"https:\/\/ecg.berlin\/wp-content\/uploads\/2022\/04\/278456914_4793946054066974_7505654248518335072_n-768x1024.jpg\" alt=\"\" class=\"wp-image-4493\" srcset=\"https:\/\/ecg.berlin\/wp-content\/uploads\/2022\/04\/278456914_4793946054066974_7505654248518335072_n-768x1024.jpg 768w, https:\/\/ecg.berlin\/wp-content\/uploads\/2022\/04\/278456914_4793946054066974_7505654248518335072_n-225x300.jpg 225w, https:\/\/ecg.berlin\/wp-content\/uploads\/2022\/04\/278456914_4793946054066974_7505654248518335072_n.jpg 900w\" sizes=\"auto, (max-width: 768px) 100vw, 768px\" \/><\/figure>\n\n\n\n<figure class=\"wp-block-image size-large\"><img loading=\"lazy\" decoding=\"async\" width=\"768\" height=\"1024\" data-id=\"4497\" src=\"https:\/\/ecg.berlin\/wp-content\/uploads\/2022\/04\/277772226_4793946274066952_3525285049603145592_n-768x1024.jpg\" alt=\"\" class=\"wp-image-4497\" srcset=\"https:\/\/ecg.berlin\/wp-content\/uploads\/2022\/04\/277772226_4793946274066952_3525285049603145592_n-768x1024.jpg 768w, https:\/\/ecg.berlin\/wp-content\/uploads\/2022\/04\/277772226_4793946274066952_3525285049603145592_n-225x300.jpg 225w, https:\/\/ecg.berlin\/wp-content\/uploads\/2022\/04\/277772226_4793946274066952_3525285049603145592_n.jpg 900w\" sizes=\"auto, (max-width: 768px) 100vw, 768px\" \/><\/figure>\n\n\n\n<figure class=\"wp-block-image size-large\"><img loading=\"lazy\" decoding=\"async\" width=\"768\" height=\"1024\" data-id=\"4513\" src=\"https:\/\/ecg.berlin\/wp-content\/uploads\/2022\/04\/278221589_4793945957400317_1129196186907509338_n-768x1024.jpg\" alt=\"\" class=\"wp-image-4513\" srcset=\"https:\/\/ecg.berlin\/wp-content\/uploads\/2022\/04\/278221589_4793945957400317_1129196186907509338_n-768x1024.jpg 768w, https:\/\/ecg.berlin\/wp-content\/uploads\/2022\/04\/278221589_4793945957400317_1129196186907509338_n-225x300.jpg 225w, https:\/\/ecg.berlin\/wp-content\/uploads\/2022\/04\/278221589_4793945957400317_1129196186907509338_n.jpg 900w\" sizes=\"auto, (max-width: 768px) 100vw, 768px\" \/><\/figure>\n\n\n\n<figure class=\"wp-block-image size-large\"><img loading=\"lazy\" decoding=\"async\" width=\"768\" height=\"1024\" data-id=\"4503\" src=\"https:\/\/ecg.berlin\/wp-content\/uploads\/2022\/04\/277778372_4793946237400289_2323612494844790591_n-768x1024.jpg\" alt=\"\" class=\"wp-image-4503\" srcset=\"https:\/\/ecg.berlin\/wp-content\/uploads\/2022\/04\/277778372_4793946237400289_2323612494844790591_n-768x1024.jpg 768w, https:\/\/ecg.berlin\/wp-content\/uploads\/2022\/04\/277778372_4793946237400289_2323612494844790591_n-225x300.jpg 225w, https:\/\/ecg.berlin\/wp-content\/uploads\/2022\/04\/277778372_4793946237400289_2323612494844790591_n.jpg 900w\" sizes=\"auto, (max-width: 768px) 100vw, 768px\" \/><\/figure>\n\n\n\n<figure class=\"wp-block-image size-large\"><img loading=\"lazy\" decoding=\"async\" width=\"768\" height=\"1024\" data-id=\"4517\" src=\"https:\/\/ecg.berlin\/wp-content\/uploads\/2022\/04\/277772153_4793945814066998_4952813068172264816_n-768x1024.jpg\" alt=\"\" class=\"wp-image-4517\" srcset=\"https:\/\/ecg.berlin\/wp-content\/uploads\/2022\/04\/277772153_4793945814066998_4952813068172264816_n-768x1024.jpg 768w, https:\/\/ecg.berlin\/wp-content\/uploads\/2022\/04\/277772153_4793945814066998_4952813068172264816_n-225x300.jpg 225w, https:\/\/ecg.berlin\/wp-content\/uploads\/2022\/04\/277772153_4793945814066998_4952813068172264816_n.jpg 900w\" sizes=\"auto, (max-width: 768px) 100vw, 768px\" \/><\/figure>\n\n\n\n<figure class=\"wp-block-image size-large\"><img loading=\"lazy\" decoding=\"async\" width=\"768\" height=\"1024\" data-id=\"4499\" src=\"https:\/\/ecg.berlin\/wp-content\/uploads\/2022\/04\/277768601_4793945804066999_2468274671602325206_n-768x1024.jpg\" alt=\"\" class=\"wp-image-4499\" srcset=\"https:\/\/ecg.berlin\/wp-content\/uploads\/2022\/04\/277768601_4793945804066999_2468274671602325206_n-768x1024.jpg 768w, https:\/\/ecg.berlin\/wp-content\/uploads\/2022\/04\/277768601_4793945804066999_2468274671602325206_n-225x300.jpg 225w, https:\/\/ecg.berlin\/wp-content\/uploads\/2022\/04\/277768601_4793945804066999_2468274671602325206_n.jpg 900w\" sizes=\"auto, (max-width: 768px) 100vw, 768px\" \/><\/figure>\n\n\n\n<figure class=\"wp-block-image size-large\"><img loading=\"lazy\" decoding=\"async\" width=\"768\" height=\"1024\" data-id=\"4501\" src=\"https:\/\/ecg.berlin\/wp-content\/uploads\/2022\/04\/277755343_4793946174066962_8348905452801278991_n-768x1024.jpg\" alt=\"\" class=\"wp-image-4501\" srcset=\"https:\/\/ecg.berlin\/wp-content\/uploads\/2022\/04\/277755343_4793946174066962_8348905452801278991_n-768x1024.jpg 768w, https:\/\/ecg.berlin\/wp-content\/uploads\/2022\/04\/277755343_4793946174066962_8348905452801278991_n-225x300.jpg 225w, https:\/\/ecg.berlin\/wp-content\/uploads\/2022\/04\/277755343_4793946174066962_8348905452801278991_n.jpg 900w\" sizes=\"auto, (max-width: 768px) 100vw, 768px\" \/><\/figure>\n\n\n\n<figure class=\"wp-block-image size-large\"><img loading=\"lazy\" decoding=\"async\" width=\"768\" height=\"1024\" data-id=\"4509\" src=\"https:\/\/ecg.berlin\/wp-content\/uploads\/2022\/04\/277680004_4793946217400291_4130061612945090097_n-768x1024.jpg\" alt=\"\" class=\"wp-image-4509\" srcset=\"https:\/\/ecg.berlin\/wp-content\/uploads\/2022\/04\/277680004_4793946217400291_4130061612945090097_n-768x1024.jpg 768w, https:\/\/ecg.berlin\/wp-content\/uploads\/2022\/04\/277680004_4793946217400291_4130061612945090097_n-225x300.jpg 225w, https:\/\/ecg.berlin\/wp-content\/uploads\/2022\/04\/277680004_4793946217400291_4130061612945090097_n.jpg 900w\" sizes=\"auto, (max-width: 768px) 100vw, 768px\" \/><\/figure>\n\n\n\n<figure class=\"wp-block-image size-large\"><img loading=\"lazy\" decoding=\"async\" width=\"768\" height=\"1024\" data-id=\"4505\" src=\"https:\/\/ecg.berlin\/wp-content\/uploads\/2022\/04\/278274904_4793946070733639_4091528915033990816_n-768x1024.jpg\" alt=\"\" class=\"wp-image-4505\" srcset=\"https:\/\/ecg.berlin\/wp-content\/uploads\/2022\/04\/278274904_4793946070733639_4091528915033990816_n-768x1024.jpg 768w, https:\/\/ecg.berlin\/wp-content\/uploads\/2022\/04\/278274904_4793946070733639_4091528915033990816_n-225x300.jpg 225w, https:\/\/ecg.berlin\/wp-content\/uploads\/2022\/04\/278274904_4793946070733639_4091528915033990816_n.jpg 900w\" sizes=\"auto, (max-width: 768px) 100vw, 768px\" \/><\/figure>\n\n\n\n<figure class=\"wp-block-image size-large\"><img loading=\"lazy\" decoding=\"async\" width=\"768\" height=\"1024\" data-id=\"4507\" src=\"https:\/\/ecg.berlin\/wp-content\/uploads\/2022\/04\/277757863_4793946304066949_2340234307836948708_n-768x1024.jpg\" alt=\"\" class=\"wp-image-4507\" srcset=\"https:\/\/ecg.berlin\/wp-content\/uploads\/2022\/04\/277757863_4793946304066949_2340234307836948708_n-768x1024.jpg 768w, https:\/\/ecg.berlin\/wp-content\/uploads\/2022\/04\/277757863_4793946304066949_2340234307836948708_n-225x300.jpg 225w, https:\/\/ecg.berlin\/wp-content\/uploads\/2022\/04\/277757863_4793946304066949_2340234307836948708_n.jpg 900w\" sizes=\"auto, (max-width: 768px) 100vw, 768px\" \/><\/figure>\n\n\n\n<figure class=\"wp-block-image size-large\"><img loading=\"lazy\" decoding=\"async\" width=\"768\" height=\"1024\" data-id=\"4511\" src=\"https:\/\/ecg.berlin\/wp-content\/uploads\/2022\/04\/277771808_4793946454066934_6974049081935878565_n-768x1024.jpg\" alt=\"\" class=\"wp-image-4511\" srcset=\"https:\/\/ecg.berlin\/wp-content\/uploads\/2022\/04\/277771808_4793946454066934_6974049081935878565_n-768x1024.jpg 768w, https:\/\/ecg.berlin\/wp-content\/uploads\/2022\/04\/277771808_4793946454066934_6974049081935878565_n-225x300.jpg 225w, https:\/\/ecg.berlin\/wp-content\/uploads\/2022\/04\/277771808_4793946454066934_6974049081935878565_n.jpg 900w\" sizes=\"auto, (max-width: 768px) 100vw, 768px\" \/><\/figure>\n\n\n\n<figure class=\"wp-block-image size-large\"><img loading=\"lazy\" decoding=\"async\" width=\"768\" height=\"1024\" data-id=\"4515\" src=\"https:\/\/ecg.berlin\/wp-content\/uploads\/2022\/04\/277813895_4793946497400263_6912952284228342376_n-768x1024.jpg\" alt=\"\" class=\"wp-image-4515\" srcset=\"https:\/\/ecg.berlin\/wp-content\/uploads\/2022\/04\/277813895_4793946497400263_6912952284228342376_n-768x1024.jpg 768w, https:\/\/ecg.berlin\/wp-content\/uploads\/2022\/04\/277813895_4793946497400263_6912952284228342376_n-225x300.jpg 225w, https:\/\/ecg.berlin\/wp-content\/uploads\/2022\/04\/277813895_4793946497400263_6912952284228342376_n.jpg 900w\" sizes=\"auto, (max-width: 768px) 100vw, 768px\" \/><\/figure>\n<\/figure>\n\n\n\n<p>Wir als Gemeinde organisieren gemeinsam mit dem <a href=\"http:\/\/www.ebtc.org\" data-type=\"URL\" data-id=\"www.ebtc.org\">EBTC<\/a> die Fahrten in die Ukraine. Ein kurzer R\u00fcck- und Vorblick.<\/p>\n\n\n\n<figure class=\"wp-block-embed is-type-video is-provider-youtube wp-block-embed-youtube wp-embed-aspect-16-9 wp-has-aspect-ratio\"><div class=\"wp-block-embed__wrapper\">\n\t\t<div class=\"embed-privacy-container is-disabled embed-youtube\" data-embed-id=\"oembed_25845e53783ab45a6edaed8d37c96743\" data-embed-provider=\"youtube\" style=\"background-image: url(https:\/\/ecg.berlin\/wp-content\/uploads\/embed-privacy\/thumbnails\/youtube-Lvm6mqoBahs-maxresdefault.jpg?ver=1.12.3); aspect-ratio: 770\/433;\">\t\t\t\t\t\t<button type=\"button\" class=\"embed-privacy-enable screen-reader-text\">Display &quot;EBTC Ukraine-Update \u2013 13.04.2022&quot; from YouTube<\/button>\t\t\t\t\t\t<div class=\"embed-privacy-overlay\">\t\t\t\t<div class=\"embed-privacy-inner\">\t\t\t\t\t<div class=\"embed-privacy-logo\" style=\"background-image: url(https:\/\/ecg.berlin\/wp-content\/plugins\/embed-privacy\/assets\/images\/embed-youtube.png?ver=1.12.3);\"><\/div>\t\t<p>\t\tHier klicken, um den Inhalt von YouTube anzuzeigen.\t\t\t\t\t<br>\t\t\t\t\tLearn more in <a href=\"https:\/\/policies.google.com\/privacy?hl=de\" target=\"_blank\">YouTube\u2019s privacy policy<\/a>.\t\t<\/p>\t\t<p class=\"embed-privacy-input-wrapper\">\t\t\t<input id=\"embed-privacy-store-youtube-25845e53783ab45a6edaed8d37c96743\" type=\"checkbox\" value=\"1\" class=\"embed-privacy-input\" data-embed-provider=\"youtube\">\t\t\t<label for=\"embed-privacy-store-youtube-25845e53783ab45a6edaed8d37c96743\" class=\"embed-privacy-label\" data-embed-provider=\"youtube\">\t\t\t\tAlways display content from YouTube\t\t\t<\/label>\t\t<\/p>\t\t\t\t\t\t<\/div>\t\t\t\t\t\t\t\t<div class=\"embed-privacy-footer\"><span class=\"embed-privacy-url\"><a href=\"https:\/\/youtu.be\/Lvm6mqoBahs\">Open &quot;EBTC Ukraine-Update \u2013 13.04.2022&quot; directly<\/a><\/span><\/div>\t\t\t<\/div>\t\t\t\t\t\t<div class=\"embed-privacy-content\">\t\t\t\t<script>var _oembed_25845e53783ab45a6edaed8d37c96743 = '{\\\"embed\\\":\\\"&lt;iframe title=&quot;EBTC Ukraine-Update &ndash; 13.04.2022&quot; width=&quot;770&quot; height=&quot;433&quot; src=&quot;https:\\\\\/\\\\\/www.youtube-nocookie.com\\\\\/embed\\\\\/Lvm6mqoBahs?feature=oembed&quot; frameborder=&quot;0&quot; allow=&quot;accelerometer; autoplay; clipboard-write; encrypted-media; gyroscope; picture-in-picture; web-share&quot; allowfullscreen&gt;&lt;\\\\\/iframe&gt;\\\"}';<\/script>\t\t\t<\/div>\t\t<\/div>\t\t\n<\/div><\/figure>\n\n\n\n<p><strong>12. April 2022<\/strong><\/p>\n\n\n\n<p>Der Transporter mit Anh\u00e4nger (EBTC) ist seit gestern Abend unterwegs mit Lebensmittel, Kleidung und Decken. Bitte bettet um Bewahrung und die Ehre Gottes hierdurch. Die Br\u00fcder haben um 09.00 Uhr die Grenze \u00fcberquert. <\/p>\n\n\n<div class=\"wp-block-image\">\n<figure class=\"aligncenter size-large is-resized\"><img loading=\"lazy\" decoding=\"async\" src=\"https:\/\/ecg.berlin\/wp-content\/uploads\/2022\/04\/WhatsApp-Image-2022-04-12-at-08.05.09-1024x1024.jpeg\" alt=\"\" class=\"wp-image-4443\" width=\"512\" height=\"512\" srcset=\"https:\/\/ecg.berlin\/wp-content\/uploads\/2022\/04\/WhatsApp-Image-2022-04-12-at-08.05.09-1024x1024.jpeg 1024w, https:\/\/ecg.berlin\/wp-content\/uploads\/2022\/04\/WhatsApp-Image-2022-04-12-at-08.05.09-300x300.jpeg 300w, https:\/\/ecg.berlin\/wp-content\/uploads\/2022\/04\/WhatsApp-Image-2022-04-12-at-08.05.09-150x150.jpeg 150w, https:\/\/ecg.berlin\/wp-content\/uploads\/2022\/04\/WhatsApp-Image-2022-04-12-at-08.05.09-768x768.jpeg 768w, https:\/\/ecg.berlin\/wp-content\/uploads\/2022\/04\/WhatsApp-Image-2022-04-12-at-08.05.09-60x60.jpeg 60w, https:\/\/ecg.berlin\/wp-content\/uploads\/2022\/04\/WhatsApp-Image-2022-04-12-at-08.05.09.jpeg 1200w\" sizes=\"auto, (max-width: 512px) 100vw, 512px\" \/><\/figure>\n<\/div>\n\n\n<p><strong>10. April 2022<\/strong><\/p>\n\n\n\n<p>Gr\u00fc\u00dfe euch alle Br\u00fcder und Schwestern, Freunde und alle, die sich k\u00fcmmern!<br>Nach mehreren Tagen Krankheit bin ich wieder auf dem Weg! Heute habe ich es geschafft, 30 Einkaufst\u00fcten zusammenzustellen. Gott sei Dank ist das heute noch m\u00f6glich. Aber es ist alles viel teurer geworden als noch vor einem Monat. Seit heute gibt es ein gro\u00dfes Problem mit dem Kraftstoff. In Podolsk gibt es heute nur eine einzige Tankstelle, und die ist nur auf Coupons und wichtige Fahrzeuge ge\u00f6ffnet. Gott sei Dank geh\u00f6rt mein Auto zu dieser Kategorie. Die Bezirksverwaltung hat angeordnet, dass ich 20 Liter Kraftstoff pro Liter erhalten soll. Jeden Tag kommen mehr und mehr Fl\u00fcchtlinge aus der Ostukraine in der Stadt an. Heute ist ein weiterer Evakuierungsflug aus Sloviansk eingetroffen. Mein Team und ich, die wir diese Lebensmittelpakete zusammenstellen, beten und bitten den Herrn um Gnade und Schutz! Vor dem Krieg haben einige dieser Menschen nicht einmal an den gro\u00dfen Festen an Gott gedacht. Jetzt ist es ihnen klar geworden &#8212; Gott ist alles in allem! Manchmal ist es schwer, das Gleichgewicht zu halten, aber es ist gro\u00dfe Not \u00fcber Christus zu sprechen. Ab Montag werden wir wieder Familien in Not in der Nachbarschaft mit Kindern besuchen. Ich danke allen f\u00fcr das Mittragen.<\/p>\n\n\n\n<figure class=\"wp-block-gallery has-nested-images columns-default is-cropped wp-block-gallery-10 is-layout-flex wp-block-gallery-is-layout-flex\">\n<figure class=\"wp-block-image size-large\"><img loading=\"lazy\" decoding=\"async\" width=\"766\" height=\"1024\" data-id=\"4432\" src=\"https:\/\/ecg.berlin\/wp-content\/uploads\/2022\/04\/WhatsApp-Image-2022-04-09-at-18.48.05-766x1024.jpeg\" alt=\"\" class=\"wp-image-4432\" srcset=\"https:\/\/ecg.berlin\/wp-content\/uploads\/2022\/04\/WhatsApp-Image-2022-04-09-at-18.48.05-766x1024.jpeg 766w, https:\/\/ecg.berlin\/wp-content\/uploads\/2022\/04\/WhatsApp-Image-2022-04-09-at-18.48.05-225x300.jpeg 225w, https:\/\/ecg.berlin\/wp-content\/uploads\/2022\/04\/WhatsApp-Image-2022-04-09-at-18.48.05-768x1026.jpeg 768w, https:\/\/ecg.berlin\/wp-content\/uploads\/2022\/04\/WhatsApp-Image-2022-04-09-at-18.48.05.jpeg 898w\" sizes=\"auto, (max-width: 766px) 100vw, 766px\" \/><\/figure>\n\n\n\n<figure class=\"wp-block-image size-large\"><img loading=\"lazy\" decoding=\"async\" width=\"766\" height=\"1024\" data-id=\"4434\" src=\"https:\/\/ecg.berlin\/wp-content\/uploads\/2022\/04\/WhatsApp-Image-2022-04-09-at-18.48.54-766x1024.jpeg\" alt=\"\" class=\"wp-image-4434\" srcset=\"https:\/\/ecg.berlin\/wp-content\/uploads\/2022\/04\/WhatsApp-Image-2022-04-09-at-18.48.54-766x1024.jpeg 766w, https:\/\/ecg.berlin\/wp-content\/uploads\/2022\/04\/WhatsApp-Image-2022-04-09-at-18.48.54-225x300.jpeg 225w, https:\/\/ecg.berlin\/wp-content\/uploads\/2022\/04\/WhatsApp-Image-2022-04-09-at-18.48.54-768x1026.jpeg 768w, https:\/\/ecg.berlin\/wp-content\/uploads\/2022\/04\/WhatsApp-Image-2022-04-09-at-18.48.54.jpeg 898w\" sizes=\"auto, (max-width: 766px) 100vw, 766px\" \/><\/figure>\n<\/figure>\n\n\n\n<p><strong>9. April 2022<\/strong><\/p>\n\n\n\n<p>Umgeladen wurde gestern fr\u00fch in Liev. Zwei Sprinter gingen nach Kiew. Der dritte nach Ivano Frankiwsk, um dann in weitere Gebiete zu fahren. Die Br\u00fcder sind heute Nachmittag wieder in Berlin eingetroffen.<\/p>\n\n\n\n<figure class=\"wp-block-gallery has-nested-images columns-default is-cropped wp-block-gallery-11 is-layout-flex wp-block-gallery-is-layout-flex\">\n<figure class=\"wp-block-image size-large\"><img loading=\"lazy\" decoding=\"async\" width=\"1024\" height=\"577\" data-id=\"4413\" src=\"https:\/\/ecg.berlin\/wp-content\/uploads\/2022\/04\/Gemeinde-Fotografie-Rerich.de-8.jpg\" alt=\"\" class=\"wp-image-4413\" srcset=\"https:\/\/ecg.berlin\/wp-content\/uploads\/2022\/04\/Gemeinde-Fotografie-Rerich.de-8.jpg 1024w, https:\/\/ecg.berlin\/wp-content\/uploads\/2022\/04\/Gemeinde-Fotografie-Rerich.de-8-300x169.jpg 300w, https:\/\/ecg.berlin\/wp-content\/uploads\/2022\/04\/Gemeinde-Fotografie-Rerich.de-8-768x433.jpg 768w\" sizes=\"auto, (max-width: 1024px) 100vw, 1024px\" \/><\/figure>\n\n\n\n<figure class=\"wp-block-image size-large\"><img loading=\"lazy\" decoding=\"async\" width=\"1024\" height=\"577\" data-id=\"4411\" src=\"https:\/\/ecg.berlin\/wp-content\/uploads\/2022\/04\/Gemeinde-Fotografie-Rerich.de-9.jpg\" alt=\"\" class=\"wp-image-4411\" srcset=\"https:\/\/ecg.berlin\/wp-content\/uploads\/2022\/04\/Gemeinde-Fotografie-Rerich.de-9.jpg 1024w, https:\/\/ecg.berlin\/wp-content\/uploads\/2022\/04\/Gemeinde-Fotografie-Rerich.de-9-300x169.jpg 300w, https:\/\/ecg.berlin\/wp-content\/uploads\/2022\/04\/Gemeinde-Fotografie-Rerich.de-9-768x433.jpg 768w\" sizes=\"auto, (max-width: 1024px) 100vw, 1024px\" \/><\/figure>\n\n\n\n<figure class=\"wp-block-image size-large\"><img loading=\"lazy\" decoding=\"async\" width=\"1024\" height=\"577\" data-id=\"4417\" src=\"https:\/\/ecg.berlin\/wp-content\/uploads\/2022\/04\/Gemeinde-Fotografie-Rerich.de-7.jpg\" alt=\"\" class=\"wp-image-4417\" srcset=\"https:\/\/ecg.berlin\/wp-content\/uploads\/2022\/04\/Gemeinde-Fotografie-Rerich.de-7.jpg 1024w, https:\/\/ecg.berlin\/wp-content\/uploads\/2022\/04\/Gemeinde-Fotografie-Rerich.de-7-300x169.jpg 300w, https:\/\/ecg.berlin\/wp-content\/uploads\/2022\/04\/Gemeinde-Fotografie-Rerich.de-7-768x433.jpg 768w\" sizes=\"auto, (max-width: 1024px) 100vw, 1024px\" \/><\/figure>\n\n\n\n<figure class=\"wp-block-image size-large\"><img loading=\"lazy\" decoding=\"async\" width=\"1024\" height=\"577\" data-id=\"4418\" src=\"https:\/\/ecg.berlin\/wp-content\/uploads\/2022\/04\/Gemeinde-Fotografie-Rerich.de-6.jpg\" alt=\"\" class=\"wp-image-4418\" srcset=\"https:\/\/ecg.berlin\/wp-content\/uploads\/2022\/04\/Gemeinde-Fotografie-Rerich.de-6.jpg 1024w, https:\/\/ecg.berlin\/wp-content\/uploads\/2022\/04\/Gemeinde-Fotografie-Rerich.de-6-300x169.jpg 300w, https:\/\/ecg.berlin\/wp-content\/uploads\/2022\/04\/Gemeinde-Fotografie-Rerich.de-6-768x433.jpg 768w\" sizes=\"auto, (max-width: 1024px) 100vw, 1024px\" \/><\/figure>\n\n\n\n<figure class=\"wp-block-image size-large\"><img loading=\"lazy\" decoding=\"async\" width=\"1024\" height=\"577\" data-id=\"4422\" src=\"https:\/\/ecg.berlin\/wp-content\/uploads\/2022\/04\/Gemeinde-Fotografie-Rerich.de-3.jpg\" alt=\"\" class=\"wp-image-4422\" srcset=\"https:\/\/ecg.berlin\/wp-content\/uploads\/2022\/04\/Gemeinde-Fotografie-Rerich.de-3.jpg 1024w, https:\/\/ecg.berlin\/wp-content\/uploads\/2022\/04\/Gemeinde-Fotografie-Rerich.de-3-300x169.jpg 300w, https:\/\/ecg.berlin\/wp-content\/uploads\/2022\/04\/Gemeinde-Fotografie-Rerich.de-3-768x433.jpg 768w\" sizes=\"auto, (max-width: 1024px) 100vw, 1024px\" \/><\/figure>\n\n\n\n<figure class=\"wp-block-image size-large\"><img loading=\"lazy\" decoding=\"async\" width=\"1024\" height=\"577\" data-id=\"4424\" src=\"https:\/\/ecg.berlin\/wp-content\/uploads\/2022\/04\/Gemeinde-Fotografie-Rerich.de-5.jpg\" alt=\"\" class=\"wp-image-4424\" srcset=\"https:\/\/ecg.berlin\/wp-content\/uploads\/2022\/04\/Gemeinde-Fotografie-Rerich.de-5.jpg 1024w, https:\/\/ecg.berlin\/wp-content\/uploads\/2022\/04\/Gemeinde-Fotografie-Rerich.de-5-300x169.jpg 300w, https:\/\/ecg.berlin\/wp-content\/uploads\/2022\/04\/Gemeinde-Fotografie-Rerich.de-5-768x433.jpg 768w\" sizes=\"auto, (max-width: 1024px) 100vw, 1024px\" \/><\/figure>\n\n\n\n<figure class=\"wp-block-image size-large\"><img loading=\"lazy\" decoding=\"async\" width=\"1024\" height=\"577\" data-id=\"4420\" src=\"https:\/\/ecg.berlin\/wp-content\/uploads\/2022\/04\/Gemeinde-Fotografie-Rerich.de-4.jpg\" alt=\"\" class=\"wp-image-4420\" srcset=\"https:\/\/ecg.berlin\/wp-content\/uploads\/2022\/04\/Gemeinde-Fotografie-Rerich.de-4.jpg 1024w, https:\/\/ecg.berlin\/wp-content\/uploads\/2022\/04\/Gemeinde-Fotografie-Rerich.de-4-300x169.jpg 300w, https:\/\/ecg.berlin\/wp-content\/uploads\/2022\/04\/Gemeinde-Fotografie-Rerich.de-4-768x433.jpg 768w\" sizes=\"auto, (max-width: 1024px) 100vw, 1024px\" \/><\/figure>\n\n\n\n<figure class=\"wp-block-image size-large\"><img loading=\"lazy\" decoding=\"async\" width=\"1024\" height=\"654\" data-id=\"4427\" src=\"https:\/\/ecg.berlin\/wp-content\/uploads\/2022\/04\/Gemeinde-Fotografie-Rerich.de-1-1024x654.jpg\" alt=\"\" class=\"wp-image-4427\" srcset=\"https:\/\/ecg.berlin\/wp-content\/uploads\/2022\/04\/Gemeinde-Fotografie-Rerich.de-1-1024x654.jpg 1024w, https:\/\/ecg.berlin\/wp-content\/uploads\/2022\/04\/Gemeinde-Fotografie-Rerich.de-1-300x192.jpg 300w, https:\/\/ecg.berlin\/wp-content\/uploads\/2022\/04\/Gemeinde-Fotografie-Rerich.de-1-768x491.jpg 768w, https:\/\/ecg.berlin\/wp-content\/uploads\/2022\/04\/Gemeinde-Fotografie-Rerich.de-1.jpg 1105w\" sizes=\"auto, (max-width: 1024px) 100vw, 1024px\" \/><\/figure>\n\n\n\n<figure class=\"wp-block-image size-large\"><img loading=\"lazy\" decoding=\"async\" width=\"1024\" height=\"577\" data-id=\"4415\" src=\"https:\/\/ecg.berlin\/wp-content\/uploads\/2022\/04\/Gemeinde-Fotografie-Rerich.de-2.jpg\" alt=\"\" class=\"wp-image-4415\" srcset=\"https:\/\/ecg.berlin\/wp-content\/uploads\/2022\/04\/Gemeinde-Fotografie-Rerich.de-2.jpg 1024w, https:\/\/ecg.berlin\/wp-content\/uploads\/2022\/04\/Gemeinde-Fotografie-Rerich.de-2-300x169.jpg 300w, https:\/\/ecg.berlin\/wp-content\/uploads\/2022\/04\/Gemeinde-Fotografie-Rerich.de-2-768x433.jpg 768w\" sizes=\"auto, (max-width: 1024px) 100vw, 1024px\" \/><\/figure>\n<\/figure>\n\n\n\n<p><strong>8. April 2022<\/strong><\/p>\n\n\n\n<p>Heute Morgen ist ein weiterer Transport in die UA unterwegs.<\/p>\n\n\n<div class=\"wp-block-image\">\n<figure class=\"aligncenter size-full is-resized\"><img loading=\"lazy\" decoding=\"async\" src=\"https:\/\/ecg.berlin\/wp-content\/uploads\/2022\/04\/WhatsApp-Image-2022-04-08-at-08.08.09.jpeg\" alt=\"\" class=\"wp-image-4383\" width=\"512\" height=\"384\" srcset=\"https:\/\/ecg.berlin\/wp-content\/uploads\/2022\/04\/WhatsApp-Image-2022-04-08-at-08.08.09.jpeg 1024w, https:\/\/ecg.berlin\/wp-content\/uploads\/2022\/04\/WhatsApp-Image-2022-04-08-at-08.08.09-300x225.jpeg 300w, https:\/\/ecg.berlin\/wp-content\/uploads\/2022\/04\/WhatsApp-Image-2022-04-08-at-08.08.09-768x576.jpeg 768w\" sizes=\"auto, (max-width: 512px) 100vw, 512px\" \/><\/figure>\n<\/div>\n\n<div class=\"wp-block-image\">\n<figure class=\"aligncenter size-large is-resized\"><img loading=\"lazy\" decoding=\"async\" src=\"https:\/\/ecg.berlin\/wp-content\/uploads\/2022\/04\/WhatsApp-Image-2022-04-04-at-11.38.47-1024x768.jpeg\" alt=\"\" class=\"wp-image-4437\" width=\"512\" height=\"384\" srcset=\"https:\/\/ecg.berlin\/wp-content\/uploads\/2022\/04\/WhatsApp-Image-2022-04-04-at-11.38.47-1024x768.jpeg 1024w, https:\/\/ecg.berlin\/wp-content\/uploads\/2022\/04\/WhatsApp-Image-2022-04-04-at-11.38.47-300x225.jpeg 300w, https:\/\/ecg.berlin\/wp-content\/uploads\/2022\/04\/WhatsApp-Image-2022-04-04-at-11.38.47-768x576.jpeg 768w, https:\/\/ecg.berlin\/wp-content\/uploads\/2022\/04\/WhatsApp-Image-2022-04-04-at-11.38.47-1536x1152.jpeg 1536w, https:\/\/ecg.berlin\/wp-content\/uploads\/2022\/04\/WhatsApp-Image-2022-04-04-at-11.38.47.jpeg 1600w\" sizes=\"auto, (max-width: 512px) 100vw, 512px\" \/><figcaption class=\"wp-element-caption\">Diese Familie haben wir zwischenweise aufgenommen<\/figcaption><\/figure>\n<\/div>\n\n\n<p><strong>7. April 2022<\/strong><\/p>\n\n\n\n<p>Gestern Nachmittag kam ein Sprinter, der zweite heute Morgen zur\u00fcck. Seit einigen Minuten sind wieder Transporter unterwegs mit Lebensmittel, Literatur und Kleidung in die Ukraine. Wir bitten um Gebetsunterst\u00fctzung &#x1f64f;&#x1f3fb;.<\/p>\n\n\n<div class=\"wp-block-image\">\n<figure class=\"aligncenter size-large is-resized\"><img loading=\"lazy\" decoding=\"async\" src=\"https:\/\/ecg.berlin\/wp-content\/uploads\/2022\/04\/7D8B59B4-10EE-4392-BF51-1B8EB8A4F476-1024x1024.jpg\" alt=\"\" class=\"wp-image-4379\" width=\"512\" height=\"512\" srcset=\"https:\/\/ecg.berlin\/wp-content\/uploads\/2022\/04\/7D8B59B4-10EE-4392-BF51-1B8EB8A4F476-1024x1024.jpg 1024w, https:\/\/ecg.berlin\/wp-content\/uploads\/2022\/04\/7D8B59B4-10EE-4392-BF51-1B8EB8A4F476-300x300.jpg 300w, https:\/\/ecg.berlin\/wp-content\/uploads\/2022\/04\/7D8B59B4-10EE-4392-BF51-1B8EB8A4F476-150x150.jpg 150w, https:\/\/ecg.berlin\/wp-content\/uploads\/2022\/04\/7D8B59B4-10EE-4392-BF51-1B8EB8A4F476-768x768.jpg 768w, https:\/\/ecg.berlin\/wp-content\/uploads\/2022\/04\/7D8B59B4-10EE-4392-BF51-1B8EB8A4F476-60x60.jpg 60w, https:\/\/ecg.berlin\/wp-content\/uploads\/2022\/04\/7D8B59B4-10EE-4392-BF51-1B8EB8A4F476.jpg 1200w\" sizes=\"auto, (max-width: 512px) 100vw, 512px\" \/><\/figure>\n<\/div>\n\n\n<p><strong>4. April 2022<\/strong><\/p>\n\n\n\n<p>Am Samstag Mittag kam auch der zweite Sprinter nach einigen Herausforderungen an der Grenze wohl bewahrt nach Hause. Ab heute Nachmittag sind zwei Sprinter unterwegs nach UA mit Lebensmittel und dringenden Medikamenten.<\/p>\n\n\n\n<p><strong>31. M\u00e4rz 2022<\/strong><\/p>\n\n\n\n<p>Die Transporter sind beh\u00fctet angekommen. Gott sei dank! Die Lebensmittel werden nun weiter in den Orten verteilt.<\/p>\n\n\n\n<figure class=\"wp-block-gallery has-nested-images columns-default is-cropped wp-block-gallery-12 is-layout-flex wp-block-gallery-is-layout-flex\">\n<figure class=\"wp-block-image size-large\"><img loading=\"lazy\" decoding=\"async\" width=\"800\" height=\"600\" data-id=\"4318\" src=\"https:\/\/ecg.berlin\/wp-content\/uploads\/2022\/03\/UA-31-03-1.jpg\" alt=\"\" class=\"wp-image-4318\" srcset=\"https:\/\/ecg.berlin\/wp-content\/uploads\/2022\/03\/UA-31-03-1.jpg 800w, https:\/\/ecg.berlin\/wp-content\/uploads\/2022\/03\/UA-31-03-1-300x225.jpg 300w, https:\/\/ecg.berlin\/wp-content\/uploads\/2022\/03\/UA-31-03-1-768x576.jpg 768w\" sizes=\"auto, (max-width: 800px) 100vw, 800px\" \/><\/figure>\n\n\n\n<figure class=\"wp-block-image size-large\"><img loading=\"lazy\" decoding=\"async\" width=\"277\" height=\"600\" data-id=\"4316\" src=\"https:\/\/ecg.berlin\/wp-content\/uploads\/2022\/03\/UA-31-03-2-2.jpg\" alt=\"\" class=\"wp-image-4316\" srcset=\"https:\/\/ecg.berlin\/wp-content\/uploads\/2022\/03\/UA-31-03-2-2.jpg 277w, https:\/\/ecg.berlin\/wp-content\/uploads\/2022\/03\/UA-31-03-2-2-139x300.jpg 139w\" sizes=\"auto, (max-width: 277px) 100vw, 277px\" \/><\/figure>\n\n\n\n<figure class=\"wp-block-image size-large\"><img loading=\"lazy\" decoding=\"async\" width=\"600\" height=\"800\" data-id=\"4320\" src=\"https:\/\/ecg.berlin\/wp-content\/uploads\/2022\/03\/UA-31-03-3.jpg\" alt=\"\" class=\"wp-image-4320\" srcset=\"https:\/\/ecg.berlin\/wp-content\/uploads\/2022\/03\/UA-31-03-3.jpg 600w, https:\/\/ecg.berlin\/wp-content\/uploads\/2022\/03\/UA-31-03-3-225x300.jpg 225w\" sizes=\"auto, (max-width: 600px) 100vw, 600px\" \/><\/figure>\n\n\n\n<figure class=\"wp-block-image size-large\"><img loading=\"lazy\" decoding=\"async\" width=\"600\" height=\"800\" data-id=\"4322\" src=\"https:\/\/ecg.berlin\/wp-content\/uploads\/2022\/03\/UA-31-03-4.jpg\" alt=\"\" class=\"wp-image-4322\" srcset=\"https:\/\/ecg.berlin\/wp-content\/uploads\/2022\/03\/UA-31-03-4.jpg 600w, https:\/\/ecg.berlin\/wp-content\/uploads\/2022\/03\/UA-31-03-4-225x300.jpg 225w\" sizes=\"auto, (max-width: 600px) 100vw, 600px\" \/><\/figure>\n\n\n\n<figure class=\"wp-block-image size-large\"><img loading=\"lazy\" decoding=\"async\" width=\"600\" height=\"800\" data-id=\"4326\" src=\"https:\/\/ecg.berlin\/wp-content\/uploads\/2022\/03\/UA-31-03-5.jpg\" alt=\"\" class=\"wp-image-4326\" srcset=\"https:\/\/ecg.berlin\/wp-content\/uploads\/2022\/03\/UA-31-03-5.jpg 600w, https:\/\/ecg.berlin\/wp-content\/uploads\/2022\/03\/UA-31-03-5-225x300.jpg 225w\" sizes=\"auto, (max-width: 600px) 100vw, 600px\" \/><\/figure>\n\n\n\n<figure class=\"wp-block-image size-large\"><img loading=\"lazy\" decoding=\"async\" width=\"600\" height=\"800\" data-id=\"4324\" src=\"https:\/\/ecg.berlin\/wp-content\/uploads\/2022\/03\/UA-31-03-6.jpg\" alt=\"\" class=\"wp-image-4324\" srcset=\"https:\/\/ecg.berlin\/wp-content\/uploads\/2022\/03\/UA-31-03-6.jpg 600w, https:\/\/ecg.berlin\/wp-content\/uploads\/2022\/03\/UA-31-03-6-225x300.jpg 225w\" sizes=\"auto, (max-width: 600px) 100vw, 600px\" \/><\/figure>\n<\/figure>\n\n\n\n<p><a href=\"https:\/\/ecg.berlin\/kindermissionarin-svetlana-rabokon\/\">Svetlana Rabokon:<\/a> <\/p>\n\n\n\n<p>Ich gr\u00fc\u00dfe euch und die ganze Gemeinde, all diejenigen, die mit Gebeten und Finanzen von Herzen helfen. Ich bin heute wieder ziemlich viele Kilometer gefahren. Ich schaue nicht einmal mehr auf den Tacho. Ich bin froh, dass ich die Menschen heute erreichen konnte. Sie ben\u00f6tigten es und sie bitten um solche Hilfen. Einige erwarteten bereits sehnlichst diese Lebensmittelpakete. Nicht alle Familien sind in der Lage zu arbeiten oder haben Gem\u00fcseg\u00e4rten. Ich habe Familien besucht, die nicht nur unter Ruinen leben, sondern eindeutig unter der Armutsgrenze liegen.<br>Ich bin froh, dass die Menschen offen sind. Ich habe nicht nur die M\u00f6glichkeit, das Evangelium oder die Bibel in die Hand dr\u00fccken und dar\u00fcber zu sprechen, sondern auch gute Gespr\u00e4che zu f\u00fchren, ihre Fragen anzuh\u00f6ren. Ich kann vorab Gott daf\u00fcr danken, dass er mir Kraft und Weisheit bei diesen M\u00f6glichkeiten gibt. Es ist manchmal so, als h\u00e4tte Gott mir die Antwort schon vorher an die Hand gegeben. Sehr oft werde ich gefragt, warum das heute in ihrem Leben passiert ist, warum sie in so schrecklichen Zeiten leben m\u00fcssen. Warum gibt es in ihrem Land einen Krieg? Warum? Warum? Warum? Freunde, ich wei\u00df nicht, warum ich jedem diese Frage beantworte. Pers\u00f6nlich wei\u00df ich, dass Gott mir eine M\u00f6glichkeit gegeben hat, um in dieser besonderen Zeit zu dienen. In Gottes Plan ist diese Zeit ein fester Bestandteil meines Lebens. Das habe ich inzwischen verstanden. Und das bedeutet, dass ich diese Reise als menschliches Wesen durchlaufen muss. Ich darf heute nach dem Bild Gottes Zeugin sein. Hier und jetzt. Genau unter diesen Umst\u00e4nden. Und ich bin dankbar, dass ihr bei mir seid.<\/p>\n\n\n\n<blockquote class=\"wp-block-quote is-layout-flow wp-block-quote-is-layout-flow\">\n<p><em>Pers\u00f6nlich wei\u00df ich, dass Gott mir eine M\u00f6glichkeit gegeben hat, um in dieser besonderen Zeit zu dienen. In Gottes Plan ist diese Zeit ein fester Bestandteil meines Lebens.<\/em><\/p>\n<cite>Svetlana<\/cite><\/blockquote>\n\n\n\n<figure class=\"wp-block-gallery has-nested-images columns-default is-cropped wp-block-gallery-13 is-layout-flex wp-block-gallery-is-layout-flex\">\n<figure class=\"wp-block-image size-large\"><img loading=\"lazy\" decoding=\"async\" width=\"768\" height=\"1024\" data-id=\"4335\" src=\"https:\/\/ecg.berlin\/wp-content\/uploads\/2022\/03\/WhatsApp-Image-2022-03-31-at-17.40.20-1.jpeg\" alt=\"\" class=\"wp-image-4335\" srcset=\"https:\/\/ecg.berlin\/wp-content\/uploads\/2022\/03\/WhatsApp-Image-2022-03-31-at-17.40.20-1.jpeg 768w, https:\/\/ecg.berlin\/wp-content\/uploads\/2022\/03\/WhatsApp-Image-2022-03-31-at-17.40.20-1-225x300.jpeg 225w\" sizes=\"auto, (max-width: 768px) 100vw, 768px\" \/><\/figure>\n\n\n\n<figure class=\"wp-block-image size-large\"><img loading=\"lazy\" decoding=\"async\" width=\"768\" height=\"1024\" data-id=\"4367\" src=\"https:\/\/ecg.berlin\/wp-content\/uploads\/2022\/03\/WhatsApp-Image-2022-03-31-at-17.40.20-2.jpeg\" alt=\"\" class=\"wp-image-4367\" srcset=\"https:\/\/ecg.berlin\/wp-content\/uploads\/2022\/03\/WhatsApp-Image-2022-03-31-at-17.40.20-2.jpeg 768w, https:\/\/ecg.berlin\/wp-content\/uploads\/2022\/03\/WhatsApp-Image-2022-03-31-at-17.40.20-2-225x300.jpeg 225w\" sizes=\"auto, (max-width: 768px) 100vw, 768px\" \/><\/figure>\n\n\n\n<figure class=\"wp-block-image size-large\"><img loading=\"lazy\" decoding=\"async\" width=\"768\" height=\"1024\" data-id=\"4343\" src=\"https:\/\/ecg.berlin\/wp-content\/uploads\/2022\/03\/WhatsApp-Image-2022-03-31-at-17.40.20-3.jpeg\" alt=\"\" class=\"wp-image-4343\" srcset=\"https:\/\/ecg.berlin\/wp-content\/uploads\/2022\/03\/WhatsApp-Image-2022-03-31-at-17.40.20-3.jpeg 768w, https:\/\/ecg.berlin\/wp-content\/uploads\/2022\/03\/WhatsApp-Image-2022-03-31-at-17.40.20-3-225x300.jpeg 225w\" sizes=\"auto, (max-width: 768px) 100vw, 768px\" \/><\/figure>\n\n\n\n<figure class=\"wp-block-image size-large\"><img loading=\"lazy\" decoding=\"async\" width=\"768\" height=\"1024\" data-id=\"4337\" src=\"https:\/\/ecg.berlin\/wp-content\/uploads\/2022\/03\/WhatsApp-Image-2022-03-31-at-17.40.20-8.jpeg\" alt=\"\" class=\"wp-image-4337\" srcset=\"https:\/\/ecg.berlin\/wp-content\/uploads\/2022\/03\/WhatsApp-Image-2022-03-31-at-17.40.20-8.jpeg 768w, https:\/\/ecg.berlin\/wp-content\/uploads\/2022\/03\/WhatsApp-Image-2022-03-31-at-17.40.20-8-225x300.jpeg 225w\" sizes=\"auto, (max-width: 768px) 100vw, 768px\" \/><\/figure>\n\n\n\n<figure class=\"wp-block-image size-large\"><img loading=\"lazy\" decoding=\"async\" width=\"768\" height=\"1024\" data-id=\"4371\" src=\"https:\/\/ecg.berlin\/wp-content\/uploads\/2022\/03\/WhatsApp-Image-2022-03-31-at-17.40.20-7.jpeg\" alt=\"\" class=\"wp-image-4371\" srcset=\"https:\/\/ecg.berlin\/wp-content\/uploads\/2022\/03\/WhatsApp-Image-2022-03-31-at-17.40.20-7.jpeg 768w, https:\/\/ecg.berlin\/wp-content\/uploads\/2022\/03\/WhatsApp-Image-2022-03-31-at-17.40.20-7-225x300.jpeg 225w\" sizes=\"auto, (max-width: 768px) 100vw, 768px\" \/><\/figure>\n\n\n\n<figure class=\"wp-block-image size-large\"><img loading=\"lazy\" decoding=\"async\" width=\"768\" height=\"1024\" data-id=\"4347\" src=\"https:\/\/ecg.berlin\/wp-content\/uploads\/2022\/03\/WhatsApp-Image-2022-03-31-at-17.40.20-6.jpeg\" alt=\"\" class=\"wp-image-4347\" srcset=\"https:\/\/ecg.berlin\/wp-content\/uploads\/2022\/03\/WhatsApp-Image-2022-03-31-at-17.40.20-6.jpeg 768w, https:\/\/ecg.berlin\/wp-content\/uploads\/2022\/03\/WhatsApp-Image-2022-03-31-at-17.40.20-6-225x300.jpeg 225w\" sizes=\"auto, (max-width: 768px) 100vw, 768px\" \/><\/figure>\n\n\n\n<figure class=\"wp-block-image size-large\"><img loading=\"lazy\" decoding=\"async\" width=\"550\" height=\"1024\" data-id=\"4341\" src=\"https:\/\/ecg.berlin\/wp-content\/uploads\/2022\/03\/WhatsApp-Image-2022-03-31-at-17.40.20-5.jpeg\" alt=\"\" class=\"wp-image-4341\" srcset=\"https:\/\/ecg.berlin\/wp-content\/uploads\/2022\/03\/WhatsApp-Image-2022-03-31-at-17.40.20-5.jpeg 550w, https:\/\/ecg.berlin\/wp-content\/uploads\/2022\/03\/WhatsApp-Image-2022-03-31-at-17.40.20-5-161x300.jpeg 161w\" sizes=\"auto, (max-width: 550px) 100vw, 550px\" \/><\/figure>\n\n\n\n<figure class=\"wp-block-image size-large\"><img loading=\"lazy\" decoding=\"async\" width=\"768\" height=\"1024\" data-id=\"4361\" src=\"https:\/\/ecg.berlin\/wp-content\/uploads\/2022\/03\/WhatsApp-Image-2022-03-31-at-17.40.20-4.jpeg\" alt=\"\" class=\"wp-image-4361\" srcset=\"https:\/\/ecg.berlin\/wp-content\/uploads\/2022\/03\/WhatsApp-Image-2022-03-31-at-17.40.20-4.jpeg 768w, https:\/\/ecg.berlin\/wp-content\/uploads\/2022\/03\/WhatsApp-Image-2022-03-31-at-17.40.20-4-225x300.jpeg 225w\" sizes=\"auto, (max-width: 768px) 100vw, 768px\" \/><\/figure>\n\n\n\n<figure class=\"wp-block-image size-large\"><img loading=\"lazy\" decoding=\"async\" width=\"768\" height=\"1024\" data-id=\"4339\" src=\"https:\/\/ecg.berlin\/wp-content\/uploads\/2022\/03\/WhatsApp-Image-2022-03-31-at-17.40.20-9.jpeg\" alt=\"\" class=\"wp-image-4339\" srcset=\"https:\/\/ecg.berlin\/wp-content\/uploads\/2022\/03\/WhatsApp-Image-2022-03-31-at-17.40.20-9.jpeg 768w, https:\/\/ecg.berlin\/wp-content\/uploads\/2022\/03\/WhatsApp-Image-2022-03-31-at-17.40.20-9-225x300.jpeg 225w\" sizes=\"auto, (max-width: 768px) 100vw, 768px\" \/><\/figure>\n\n\n\n<figure class=\"wp-block-image size-large\"><img loading=\"lazy\" decoding=\"async\" width=\"768\" height=\"1024\" data-id=\"4355\" src=\"https:\/\/ecg.berlin\/wp-content\/uploads\/2022\/03\/WhatsApp-Image-2022-03-31-at-17.40.21-3.jpeg\" alt=\"\" class=\"wp-image-4355\" srcset=\"https:\/\/ecg.berlin\/wp-content\/uploads\/2022\/03\/WhatsApp-Image-2022-03-31-at-17.40.21-3.jpeg 768w, https:\/\/ecg.berlin\/wp-content\/uploads\/2022\/03\/WhatsApp-Image-2022-03-31-at-17.40.21-3-225x300.jpeg 225w\" sizes=\"auto, (max-width: 768px) 100vw, 768px\" \/><\/figure>\n\n\n\n<figure class=\"wp-block-image size-large\"><img loading=\"lazy\" decoding=\"async\" width=\"768\" height=\"1024\" data-id=\"4354\" src=\"https:\/\/ecg.berlin\/wp-content\/uploads\/2022\/03\/WhatsApp-Image-2022-03-31-at-17.40.22.jpeg\" alt=\"\" class=\"wp-image-4354\" srcset=\"https:\/\/ecg.berlin\/wp-content\/uploads\/2022\/03\/WhatsApp-Image-2022-03-31-at-17.40.22.jpeg 768w, https:\/\/ecg.berlin\/wp-content\/uploads\/2022\/03\/WhatsApp-Image-2022-03-31-at-17.40.22-225x300.jpeg 225w\" sizes=\"auto, (max-width: 768px) 100vw, 768px\" \/><\/figure>\n\n\n\n<figure class=\"wp-block-image size-large\"><img loading=\"lazy\" decoding=\"async\" width=\"768\" height=\"1024\" data-id=\"4345\" src=\"https:\/\/ecg.berlin\/wp-content\/uploads\/2022\/03\/WhatsApp-Image-2022-03-31-at-17.40.21-4.jpeg\" alt=\"\" class=\"wp-image-4345\" srcset=\"https:\/\/ecg.berlin\/wp-content\/uploads\/2022\/03\/WhatsApp-Image-2022-03-31-at-17.40.21-4.jpeg 768w, https:\/\/ecg.berlin\/wp-content\/uploads\/2022\/03\/WhatsApp-Image-2022-03-31-at-17.40.21-4-225x300.jpeg 225w\" sizes=\"auto, (max-width: 768px) 100vw, 768px\" \/><\/figure>\n\n\n\n<figure class=\"wp-block-image size-large\"><img loading=\"lazy\" decoding=\"async\" width=\"768\" height=\"1024\" data-id=\"4369\" src=\"https:\/\/ecg.berlin\/wp-content\/uploads\/2022\/03\/WhatsApp-Image-2022-03-31-at-17.40.21-5.jpeg\" alt=\"\" class=\"wp-image-4369\" srcset=\"https:\/\/ecg.berlin\/wp-content\/uploads\/2022\/03\/WhatsApp-Image-2022-03-31-at-17.40.21-5.jpeg 768w, https:\/\/ecg.berlin\/wp-content\/uploads\/2022\/03\/WhatsApp-Image-2022-03-31-at-17.40.21-5-225x300.jpeg 225w\" sizes=\"auto, (max-width: 768px) 100vw, 768px\" \/><\/figure>\n\n\n\n<figure class=\"wp-block-image size-large\"><img loading=\"lazy\" decoding=\"async\" width=\"768\" height=\"1024\" data-id=\"4349\" src=\"https:\/\/ecg.berlin\/wp-content\/uploads\/2022\/03\/WhatsApp-Image-2022-03-31-at-17.40.22-1.jpeg\" alt=\"\" class=\"wp-image-4349\" srcset=\"https:\/\/ecg.berlin\/wp-content\/uploads\/2022\/03\/WhatsApp-Image-2022-03-31-at-17.40.22-1.jpeg 768w, https:\/\/ecg.berlin\/wp-content\/uploads\/2022\/03\/WhatsApp-Image-2022-03-31-at-17.40.22-1-225x300.jpeg 225w\" sizes=\"auto, (max-width: 768px) 100vw, 768px\" \/><\/figure>\n\n\n\n<figure class=\"wp-block-image size-large\"><img loading=\"lazy\" decoding=\"async\" width=\"768\" height=\"1024\" data-id=\"4353\" src=\"https:\/\/ecg.berlin\/wp-content\/uploads\/2022\/03\/WhatsApp-Image-2022-03-31-at-17.40.22-2.jpeg\" alt=\"\" class=\"wp-image-4353\" srcset=\"https:\/\/ecg.berlin\/wp-content\/uploads\/2022\/03\/WhatsApp-Image-2022-03-31-at-17.40.22-2.jpeg 768w, https:\/\/ecg.berlin\/wp-content\/uploads\/2022\/03\/WhatsApp-Image-2022-03-31-at-17.40.22-2-225x300.jpeg 225w\" sizes=\"auto, (max-width: 768px) 100vw, 768px\" \/><\/figure>\n\n\n\n<figure class=\"wp-block-image size-large\"><img loading=\"lazy\" decoding=\"async\" width=\"768\" height=\"1024\" data-id=\"4365\" src=\"https:\/\/ecg.berlin\/wp-content\/uploads\/2022\/03\/WhatsApp-Image-2022-03-31-at-17.40.21-2.jpeg\" alt=\"\" class=\"wp-image-4365\" srcset=\"https:\/\/ecg.berlin\/wp-content\/uploads\/2022\/03\/WhatsApp-Image-2022-03-31-at-17.40.21-2.jpeg 768w, https:\/\/ecg.berlin\/wp-content\/uploads\/2022\/03\/WhatsApp-Image-2022-03-31-at-17.40.21-2-225x300.jpeg 225w\" sizes=\"auto, (max-width: 768px) 100vw, 768px\" \/><\/figure>\n\n\n\n<figure class=\"wp-block-image size-large\"><img loading=\"lazy\" decoding=\"async\" width=\"768\" height=\"1024\" data-id=\"4351\" src=\"https:\/\/ecg.berlin\/wp-content\/uploads\/2022\/03\/WhatsApp-Image-2022-03-31-at-17.40.21-1.jpeg\" alt=\"\" class=\"wp-image-4351\" srcset=\"https:\/\/ecg.berlin\/wp-content\/uploads\/2022\/03\/WhatsApp-Image-2022-03-31-at-17.40.21-1.jpeg 768w, https:\/\/ecg.berlin\/wp-content\/uploads\/2022\/03\/WhatsApp-Image-2022-03-31-at-17.40.21-1-225x300.jpeg 225w\" sizes=\"auto, (max-width: 768px) 100vw, 768px\" \/><\/figure>\n\n\n\n<figure class=\"wp-block-image size-large\"><img loading=\"lazy\" decoding=\"async\" width=\"687\" height=\"1024\" data-id=\"4357\" src=\"https:\/\/ecg.berlin\/wp-content\/uploads\/2022\/03\/WhatsApp-Image-2022-03-31-at-17.40.20.jpeg\" alt=\"\" class=\"wp-image-4357\" srcset=\"https:\/\/ecg.berlin\/wp-content\/uploads\/2022\/03\/WhatsApp-Image-2022-03-31-at-17.40.20.jpeg 687w, https:\/\/ecg.berlin\/wp-content\/uploads\/2022\/03\/WhatsApp-Image-2022-03-31-at-17.40.20-201x300.jpeg 201w\" sizes=\"auto, (max-width: 687px) 100vw, 687px\" \/><\/figure>\n\n\n\n<figure class=\"wp-block-image size-large\"><img loading=\"lazy\" decoding=\"async\" width=\"768\" height=\"1024\" data-id=\"4363\" src=\"https:\/\/ecg.berlin\/wp-content\/uploads\/2022\/03\/WhatsApp-Image-2022-03-31-at-17.40.20-10.jpeg\" alt=\"\" class=\"wp-image-4363\" srcset=\"https:\/\/ecg.berlin\/wp-content\/uploads\/2022\/03\/WhatsApp-Image-2022-03-31-at-17.40.20-10.jpeg 768w, https:\/\/ecg.berlin\/wp-content\/uploads\/2022\/03\/WhatsApp-Image-2022-03-31-at-17.40.20-10-225x300.jpeg 225w\" sizes=\"auto, (max-width: 768px) 100vw, 768px\" \/><\/figure>\n<\/figure>\n\n\n\n<p>Diese Familien kommen zwischenzeitlich bei uns unter:<\/p>\n\n\n\n<figure class=\"wp-block-gallery has-nested-images columns-default is-cropped wp-block-gallery-14 is-layout-flex wp-block-gallery-is-layout-flex\">\n<figure class=\"wp-block-image size-large\"><img loading=\"lazy\" decoding=\"async\" width=\"1024\" height=\"484\" data-id=\"4310\" src=\"https:\/\/ecg.berlin\/wp-content\/uploads\/2022\/03\/WhatsApp-Image-2022-03-30-at-17.10.57-1024x484.jpeg\" alt=\"\" class=\"wp-image-4310\" srcset=\"https:\/\/ecg.berlin\/wp-content\/uploads\/2022\/03\/WhatsApp-Image-2022-03-30-at-17.10.57-1024x484.jpeg 1024w, https:\/\/ecg.berlin\/wp-content\/uploads\/2022\/03\/WhatsApp-Image-2022-03-30-at-17.10.57-300x142.jpeg 300w, https:\/\/ecg.berlin\/wp-content\/uploads\/2022\/03\/WhatsApp-Image-2022-03-30-at-17.10.57-768x363.jpeg 768w, https:\/\/ecg.berlin\/wp-content\/uploads\/2022\/03\/WhatsApp-Image-2022-03-30-at-17.10.57-1536x725.jpeg 1536w, https:\/\/ecg.berlin\/wp-content\/uploads\/2022\/03\/WhatsApp-Image-2022-03-30-at-17.10.57.jpeg 1599w\" sizes=\"auto, (max-width: 1024px) 100vw, 1024px\" \/><\/figure>\n\n\n\n<figure class=\"wp-block-image size-medium\"><img loading=\"lazy\" decoding=\"async\" width=\"225\" height=\"300\" data-id=\"4312\" src=\"https:\/\/ecg.berlin\/wp-content\/uploads\/2022\/03\/WhatsApp-Image-2022-03-30-at-17.10.21-225x300.jpeg\" alt=\"\" class=\"wp-image-4312\" srcset=\"https:\/\/ecg.berlin\/wp-content\/uploads\/2022\/03\/WhatsApp-Image-2022-03-30-at-17.10.21-225x300.jpeg 225w, https:\/\/ecg.berlin\/wp-content\/uploads\/2022\/03\/WhatsApp-Image-2022-03-30-at-17.10.21.jpeg 768w\" sizes=\"auto, (max-width: 225px) 100vw, 225px\" \/><figcaption class=\"wp-element-caption\">Gemeinde <a href=\"https:\/\/spandau.ecg-berlin.de\" data-type=\"URL\" data-id=\"https:\/\/spandau.ecg-berlin.de\">ECG Spandau<\/a><\/figcaption><\/figure>\n\n\n\n<figure class=\"wp-block-image size-large\"><img loading=\"lazy\" decoding=\"async\" width=\"768\" height=\"1024\" data-id=\"4330\" src=\"https:\/\/ecg.berlin\/wp-content\/uploads\/2022\/03\/WhatsApp-Image-2022-03-31-at-11.10.34-768x1024.jpeg\" alt=\"\" class=\"wp-image-4330\" srcset=\"https:\/\/ecg.berlin\/wp-content\/uploads\/2022\/03\/WhatsApp-Image-2022-03-31-at-11.10.34-768x1024.jpeg 768w, https:\/\/ecg.berlin\/wp-content\/uploads\/2022\/03\/WhatsApp-Image-2022-03-31-at-11.10.34-225x300.jpeg 225w, https:\/\/ecg.berlin\/wp-content\/uploads\/2022\/03\/WhatsApp-Image-2022-03-31-at-11.10.34.jpeg 900w\" sizes=\"auto, (max-width: 768px) 100vw, 768px\" \/><\/figure>\n<\/figure>\n\n\n\n<p><strong>30. M\u00e4rz 2022<\/strong><\/p>\n\n\n\n<p><a href=\"https:\/\/ecg.berlin\/hilfe-fuer-fluechtlinge-aus-ukraine\/\" data-type=\"post\" data-id=\"3749\">Bei uns<\/a>: Lebensmittel, Hygieneartikel, Kleidung und Schuhe, sowie die B\u00fccher \u201eJesus unser Schicksal\u201c sind seit gestern Abend unterwegs nach Ivano Frankiwsk in eine Christus- &amp; Menschen-liebende Gemeinde. Aus Ivano Frankiwsk geht die Hilfe dann auf weitere Touren zu den Notleidenden.<\/p>\n\n\n\n<p>Das <a href=\"https:\/\/www.tmai.org\" data-type=\"URL\" data-id=\"https:\/\/www.tmai.org\">TMAI<\/a> berichtet davon, dass ein ukrainischer Mann zu Christus gefunden hat! Dieser Mann konnte aus medizinischen Gr\u00fcnden nicht zum ukrainischen Milit\u00e4r gehen, blieb aber dennoch im Land, um den Soldaten auf andere Weise zu helfen. W\u00e4hrend er in der Gemeinde eines TMAI-Missionars Zuflucht fand, wohin unter anderem auch unsere Lebensmittelhilfen gebracht werden, brachte der Herr diesen Mann zum rettenden Glauben.<\/p>\n\n\n\n<p>Wir bitten weiter um Unterst\u00fctzung im Gebet f\u00fcr eine bewahrte Fahrt und Gelingen bei der weiteren Verteilung.<\/p>\n\n\n\n<figure class=\"wp-block-video\"><video height=\"480\" style=\"aspect-ratio: 848 \/ 480;\" width=\"848\" controls src=\"https:\/\/ecg.berlin\/wp-content\/uploads\/2022\/03\/b21b2693-7e0f-423b-966f-ebf2287de28f.mov\"><\/video><\/figure>\n\n\n\n<figure class=\"wp-block-gallery has-nested-images columns-default is-cropped wp-block-gallery-15 is-layout-flex wp-block-gallery-is-layout-flex\">\n<figure class=\"wp-block-image size-large\"><img loading=\"lazy\" decoding=\"async\" width=\"1024\" height=\"768\" data-id=\"4213\" src=\"https:\/\/ecg.berlin\/wp-content\/uploads\/2022\/03\/WhatsApp-Image-2022-03-29-at-23.49.31.jpeg\" alt=\"\" class=\"wp-image-4213\" srcset=\"https:\/\/ecg.berlin\/wp-content\/uploads\/2022\/03\/WhatsApp-Image-2022-03-29-at-23.49.31.jpeg 1024w, https:\/\/ecg.berlin\/wp-content\/uploads\/2022\/03\/WhatsApp-Image-2022-03-29-at-23.49.31-300x225.jpeg 300w, https:\/\/ecg.berlin\/wp-content\/uploads\/2022\/03\/WhatsApp-Image-2022-03-29-at-23.49.31-768x576.jpeg 768w\" sizes=\"auto, (max-width: 1024px) 100vw, 1024px\" \/><figcaption class=\"wp-element-caption\">Weitere Lebensmittelspenden unserer Geschwister aus der <a href=\"http:\/\/www.cccberlin.org\/\" data-type=\"URL\" data-id=\"http:\/\/www.cccberlin.org\/\">chinesischen Gemeinde Berlin<\/a> sowie einzelne Personen<\/figcaption><\/figure>\n\n\n\n<figure class=\"wp-block-image size-large\"><img loading=\"lazy\" decoding=\"async\" width=\"1024\" height=\"768\" data-id=\"4212\" src=\"https:\/\/ecg.berlin\/wp-content\/uploads\/2022\/03\/WhatsApp-Image-2022-03-29-at-23.23.32.jpeg\" alt=\"\" class=\"wp-image-4212\" srcset=\"https:\/\/ecg.berlin\/wp-content\/uploads\/2022\/03\/WhatsApp-Image-2022-03-29-at-23.23.32.jpeg 1024w, https:\/\/ecg.berlin\/wp-content\/uploads\/2022\/03\/WhatsApp-Image-2022-03-29-at-23.23.32-300x225.jpeg 300w, https:\/\/ecg.berlin\/wp-content\/uploads\/2022\/03\/WhatsApp-Image-2022-03-29-at-23.23.32-768x576.jpeg 768w\" sizes=\"auto, (max-width: 1024px) 100vw, 1024px\" \/><figcaption class=\"wp-element-caption\">Gestern wurden die Lebensmittel verladen<\/figcaption><\/figure>\n<\/figure>\n\n\n\n<figure class=\"wp-block-gallery has-nested-images columns-default is-cropped wp-block-gallery-16 is-layout-flex wp-block-gallery-is-layout-flex\">\n<figure class=\"wp-block-image size-large\"><img loading=\"lazy\" decoding=\"async\" width=\"1024\" height=\"768\" data-id=\"4243\" src=\"https:\/\/ecg.berlin\/wp-content\/uploads\/2022\/03\/WhatsApp-Image-2022-03-28-at-17.08.07-5.jpeg\" alt=\"\" class=\"wp-image-4243\" srcset=\"https:\/\/ecg.berlin\/wp-content\/uploads\/2022\/03\/WhatsApp-Image-2022-03-28-at-17.08.07-5.jpeg 1024w, https:\/\/ecg.berlin\/wp-content\/uploads\/2022\/03\/WhatsApp-Image-2022-03-28-at-17.08.07-5-300x225.jpeg 300w, https:\/\/ecg.berlin\/wp-content\/uploads\/2022\/03\/WhatsApp-Image-2022-03-28-at-17.08.07-5-768x576.jpeg 768w\" sizes=\"auto, (max-width: 1024px) 100vw, 1024px\" \/><figcaption class=\"wp-element-caption\">Die Lebensmittel werden in gro\u00dfen Mengen vom <a href=\"http:\/\/www.ebtc.org\" data-type=\"URL\" data-id=\"www.ebtc.org\">EBTC<\/a> (Sonderspenden) sowie weiteren Gemeinden aus Berlin gekauft.<\/figcaption><\/figure>\n\n\n\n<figure class=\"wp-block-image size-large\"><img loading=\"lazy\" decoding=\"async\" width=\"1024\" height=\"768\" data-id=\"4245\" src=\"https:\/\/ecg.berlin\/wp-content\/uploads\/2022\/03\/WhatsApp-Image-2022-03-28-at-17.08.07-1-1.jpeg\" alt=\"\" class=\"wp-image-4245\" srcset=\"https:\/\/ecg.berlin\/wp-content\/uploads\/2022\/03\/WhatsApp-Image-2022-03-28-at-17.08.07-1-1.jpeg 1024w, https:\/\/ecg.berlin\/wp-content\/uploads\/2022\/03\/WhatsApp-Image-2022-03-28-at-17.08.07-1-1-300x225.jpeg 300w, https:\/\/ecg.berlin\/wp-content\/uploads\/2022\/03\/WhatsApp-Image-2022-03-28-at-17.08.07-1-1-768x576.jpeg 768w\" sizes=\"auto, (max-width: 1024px) 100vw, 1024px\" \/><\/figure>\n\n\n\n<figure class=\"wp-block-image size-large\"><img loading=\"lazy\" decoding=\"async\" width=\"461\" height=\"1024\" data-id=\"4279\" src=\"https:\/\/ecg.berlin\/wp-content\/uploads\/2022\/03\/WhatsApp-Image-2022-03-28-at-19.29.31-1-461x1024.jpeg\" alt=\"\" class=\"wp-image-4279\" srcset=\"https:\/\/ecg.berlin\/wp-content\/uploads\/2022\/03\/WhatsApp-Image-2022-03-28-at-19.29.31-1-461x1024.jpeg 461w, https:\/\/ecg.berlin\/wp-content\/uploads\/2022\/03\/WhatsApp-Image-2022-03-28-at-19.29.31-1-135x300.jpeg 135w, https:\/\/ecg.berlin\/wp-content\/uploads\/2022\/03\/WhatsApp-Image-2022-03-28-at-19.29.31-1.jpeg 540w\" sizes=\"auto, (max-width: 461px) 100vw, 461px\" \/><figcaption class=\"wp-element-caption\">Gespendete Babynahrung f\u00fcr die Ukraine<\/figcaption><\/figure>\n<\/figure>\n\n\n<div class=\"wp-block-image\">\n<figure class=\"aligncenter size-large is-resized\"><img loading=\"lazy\" decoding=\"async\" src=\"https:\/\/ecg.berlin\/wp-content\/uploads\/2022\/03\/WhatsApp-Image-2022-03-30-at-11.26.00-1024x768.jpeg\" alt=\"\" class=\"wp-image-4304\" width=\"512\" height=\"384\" srcset=\"https:\/\/ecg.berlin\/wp-content\/uploads\/2022\/03\/WhatsApp-Image-2022-03-30-at-11.26.00-1024x768.jpeg 1024w, https:\/\/ecg.berlin\/wp-content\/uploads\/2022\/03\/WhatsApp-Image-2022-03-30-at-11.26.00-300x225.jpeg 300w, https:\/\/ecg.berlin\/wp-content\/uploads\/2022\/03\/WhatsApp-Image-2022-03-30-at-11.26.00-768x576.jpeg 768w, https:\/\/ecg.berlin\/wp-content\/uploads\/2022\/03\/WhatsApp-Image-2022-03-30-at-11.26.00-1536x1152.jpeg 1536w, https:\/\/ecg.berlin\/wp-content\/uploads\/2022\/03\/WhatsApp-Image-2022-03-30-at-11.26.00.jpeg 1600w\" sizes=\"auto, (max-width: 512px) 100vw, 512px\" \/><figcaption class=\"wp-element-caption\">Eine der Familien, die in Berlin angekommen sind<\/figcaption><\/figure>\n<\/div>\n\n\n<p>Die weiteren Bilder zeigen die Hilfen, die durch die Fahrten zuvor bereits im Land angekommen sind. Gestern Abend wurde die Hilfe in Charkow verteilt.<\/p>\n\n\n\n<figure class=\"wp-block-gallery has-nested-images columns-default is-cropped wp-block-gallery-17 is-layout-flex wp-block-gallery-is-layout-flex\">\n<figure class=\"wp-block-image size-large\"><img loading=\"lazy\" decoding=\"async\" width=\"1024\" height=\"755\" data-id=\"4256\" src=\"https:\/\/ecg.berlin\/wp-content\/uploads\/2022\/03\/WhatsApp-Image-2022-03-30-at-09.32.37-1024x755.jpeg\" alt=\"\" class=\"wp-image-4256\" srcset=\"https:\/\/ecg.berlin\/wp-content\/uploads\/2022\/03\/WhatsApp-Image-2022-03-30-at-09.32.37-1024x755.jpeg 1024w, https:\/\/ecg.berlin\/wp-content\/uploads\/2022\/03\/WhatsApp-Image-2022-03-30-at-09.32.37-300x221.jpeg 300w, https:\/\/ecg.berlin\/wp-content\/uploads\/2022\/03\/WhatsApp-Image-2022-03-30-at-09.32.37-768x566.jpeg 768w, https:\/\/ecg.berlin\/wp-content\/uploads\/2022\/03\/WhatsApp-Image-2022-03-30-at-09.32.37.jpeg 1080w\" sizes=\"auto, (max-width: 1024px) 100vw, 1024px\" \/><\/figure>\n\n\n\n<figure class=\"wp-block-image size-large\"><img loading=\"lazy\" decoding=\"async\" width=\"768\" height=\"1024\" data-id=\"4260\" src=\"https:\/\/ecg.berlin\/wp-content\/uploads\/2022\/03\/WhatsApp-Image-2022-03-30-at-09.33.55.jpeg\" alt=\"\" class=\"wp-image-4260\" srcset=\"https:\/\/ecg.berlin\/wp-content\/uploads\/2022\/03\/WhatsApp-Image-2022-03-30-at-09.33.55.jpeg 768w, https:\/\/ecg.berlin\/wp-content\/uploads\/2022\/03\/WhatsApp-Image-2022-03-30-at-09.33.55-225x300.jpeg 225w\" sizes=\"auto, (max-width: 768px) 100vw, 768px\" \/><\/figure>\n\n\n\n<figure class=\"wp-block-image size-large\"><img loading=\"lazy\" decoding=\"async\" width=\"768\" height=\"1024\" data-id=\"4264\" src=\"https:\/\/ecg.berlin\/wp-content\/uploads\/2022\/03\/WhatsApp-Image-2022-03-30-at-09.35.07.jpeg\" alt=\"\" class=\"wp-image-4264\" srcset=\"https:\/\/ecg.berlin\/wp-content\/uploads\/2022\/03\/WhatsApp-Image-2022-03-30-at-09.35.07.jpeg 768w, https:\/\/ecg.berlin\/wp-content\/uploads\/2022\/03\/WhatsApp-Image-2022-03-30-at-09.35.07-225x300.jpeg 225w\" sizes=\"auto, (max-width: 768px) 100vw, 768px\" \/><\/figure>\n\n\n\n<figure class=\"wp-block-image size-large\"><img loading=\"lazy\" decoding=\"async\" width=\"768\" height=\"1024\" data-id=\"4258\" src=\"https:\/\/ecg.berlin\/wp-content\/uploads\/2022\/03\/WhatsApp-Image-2022-03-30-at-09.35.52.jpeg\" alt=\"\" class=\"wp-image-4258\" srcset=\"https:\/\/ecg.berlin\/wp-content\/uploads\/2022\/03\/WhatsApp-Image-2022-03-30-at-09.35.52.jpeg 768w, https:\/\/ecg.berlin\/wp-content\/uploads\/2022\/03\/WhatsApp-Image-2022-03-30-at-09.35.52-225x300.jpeg 225w\" sizes=\"auto, (max-width: 768px) 100vw, 768px\" \/><\/figure>\n\n\n\n<figure class=\"wp-block-image size-large\"><img loading=\"lazy\" decoding=\"async\" width=\"768\" height=\"1024\" data-id=\"4268\" src=\"https:\/\/ecg.berlin\/wp-content\/uploads\/2022\/03\/WhatsApp-Image-2022-03-30-at-09.35.52-1.jpeg\" alt=\"\" class=\"wp-image-4268\" srcset=\"https:\/\/ecg.berlin\/wp-content\/uploads\/2022\/03\/WhatsApp-Image-2022-03-30-at-09.35.52-1.jpeg 768w, https:\/\/ecg.berlin\/wp-content\/uploads\/2022\/03\/WhatsApp-Image-2022-03-30-at-09.35.52-1-225x300.jpeg 225w\" sizes=\"auto, (max-width: 768px) 100vw, 768px\" \/><\/figure>\n\n\n\n<figure class=\"wp-block-image size-large\"><img loading=\"lazy\" decoding=\"async\" width=\"768\" height=\"1024\" data-id=\"4262\" src=\"https:\/\/ecg.berlin\/wp-content\/uploads\/2022\/03\/WhatsApp-Image-2022-03-30-at-09.35.52-2.jpeg\" alt=\"\" class=\"wp-image-4262\" srcset=\"https:\/\/ecg.berlin\/wp-content\/uploads\/2022\/03\/WhatsApp-Image-2022-03-30-at-09.35.52-2.jpeg 768w, https:\/\/ecg.berlin\/wp-content\/uploads\/2022\/03\/WhatsApp-Image-2022-03-30-at-09.35.52-2-225x300.jpeg 225w\" sizes=\"auto, (max-width: 768px) 100vw, 768px\" \/><\/figure>\n\n\n\n<figure class=\"wp-block-image size-large\"><img loading=\"lazy\" decoding=\"async\" width=\"768\" height=\"1024\" data-id=\"4266\" src=\"https:\/\/ecg.berlin\/wp-content\/uploads\/2022\/03\/WhatsApp-Image-2022-03-30-at-09.35.52-3.jpeg\" alt=\"\" class=\"wp-image-4266\" srcset=\"https:\/\/ecg.berlin\/wp-content\/uploads\/2022\/03\/WhatsApp-Image-2022-03-30-at-09.35.52-3.jpeg 768w, https:\/\/ecg.berlin\/wp-content\/uploads\/2022\/03\/WhatsApp-Image-2022-03-30-at-09.35.52-3-225x300.jpeg 225w\" sizes=\"auto, (max-width: 768px) 100vw, 768px\" \/><\/figure>\n\n\n\n<figure class=\"wp-block-image size-large\"><img loading=\"lazy\" decoding=\"async\" width=\"768\" height=\"1024\" data-id=\"4270\" src=\"https:\/\/ecg.berlin\/wp-content\/uploads\/2022\/03\/WhatsApp-Image-2022-03-30-at-09.37.22.jpeg\" alt=\"\" class=\"wp-image-4270\" srcset=\"https:\/\/ecg.berlin\/wp-content\/uploads\/2022\/03\/WhatsApp-Image-2022-03-30-at-09.37.22.jpeg 768w, https:\/\/ecg.berlin\/wp-content\/uploads\/2022\/03\/WhatsApp-Image-2022-03-30-at-09.37.22-225x300.jpeg 225w\" sizes=\"auto, (max-width: 768px) 100vw, 768px\" \/><\/figure>\n<\/figure>\n\n\n\n<p><a href=\"https:\/\/ecg.berlin\/kindermissionarin-svetlana-rabokon\/\" data-type=\"post\" data-id=\"377\">Svetlana<\/a> Rabokon aus Odessa: Vielen Dank f\u00fcr die Unterst\u00fctzung! Gott sei Dank f\u00fcr euch alle! Heute wurden 40 Lebensmittelpakete zusammengestellt! Morgen geht es auf den Weg\u2026<\/p>\n\n\n\n<p>Hallo, ich bin gerade von den gesegneten Besorgungen zur\u00fcck. Zum Gl\u00fcck ist das noch m\u00f6glich. Heute habe ich aus dem Kanister die letzten Liter Diesel in mein Auto gef\u00fcllt. Heute konnten wir wieder 40 P\u00e4ckchen packen. In den letzten Wochen seit Beginn des Krieges bin ich insgesamt 3982 Kilometer gefahren. Das ist ein gemeinsamer Dienst von uns! Durch den Segen des Herrn habt ihr gegeben, um ein Segen f\u00fcr die Menschen in Not hier sein zu k\u00f6nnen.<\/p>\n\n\n\n<p>Wir haben somit insgesamt 600 Einkaufst\u00fcten besorgen k\u00f6nnen. Ein Paket kostet im Schnitt 550 Griwna. Wir haben also Lebensmittel im Wert von 330.000 Griwna zusammengestellt. Die wurden p\u00fcnktlich, t\u00e4glich dorthin geliefert, wo sie wirklich ben\u00f6tigt werden. Umgerechnet sind das 10.315 \u20ac. Bei etwa 250 zus\u00e4tzlichen Artikeln handelt es sich um Hygieneprodukte f\u00fcr ca. 500 \u20ac. Hierin habe ich gar nicht die Hilfe f\u00fcr Fl\u00fcchtlinge einberechnet, die Decken, warme Unterw\u00e4sche und Thermoskannen beinhaltet. Das w\u00e4ren nochmal bis zu 1.500 \u20ac. Insgesamt sind es also bereits 13.000 \u20ac, und der Dienst geht heute weiter.<\/p>\n\n\n\n<p>Ich w\u00e4re froh, wenn sich das in den n\u00e4chsten Wochen \u00e4ndern w\u00fcrde. Ich bin hier, um zu helfen. Ich kann hier \u00fcber die wichtigsten Dinge sprechen. Ich kann sprechen, dass Gott gut ist, unsere Zuversicht, unser Frieden. Der Segen des Landes h\u00e4ngt davon ab, wie sehr wir t\u00e4glich die Entfernung zu Gott verringern.<\/p>\n\n\n\n<blockquote class=\"wp-block-quote is-layout-flow wp-block-quote-is-layout-flow\">\n<p><em>Ich bin hier, um zu helfen. Ich kann hier \u00fcber die wichtigsten Dinge sprechen. Ich kann sprechen, dass Gott gut ist, unsere Zuversicht, unser Frieden.&nbsp;<\/em><\/p>\n<cite>Svetlana Rabokon<\/cite><\/blockquote>\n\n\n\n<p>Ich arbeite nach wie vor mit den Verwaltungen zusammen, denn ohne die Verwaltung komme ich nicht an die Stellen heran, wo heute ein besonderer Bedarf besteht. Ich bin also froh, dass ich arbeiten und mich an Gott halten kann. Viele Leute hier wissen das, denn wenn sie mich sehen, treffen sie mich und sagen: Also, da ist wirklich der Herr, der dich aufrecht h\u00e4lt, du gibst nicht auf. Ich sage ja, weil ich wei\u00df, dass viele f\u00fcr mich im Gebet einstehen, damit ich Weisheit, Geduld und Kraft habe. Nun, ich bin so optimistisch, heute war ich im Internat, wir haben mit dem Direktor gesprochen, wir schauen uns Optionen f\u00fcr meinen zuk\u00fcnftigen Dienst an. Die Leute wollen mich nicht gehen lassen. Sie sagen, wir brauchen dich, wir glauben, dass die Kinder bald zur\u00fcckkommen. Und sie haben mir heute schon gesagt, dass sie mein Auto hier in der Garage verstecken werden, falls ich eine Weile weg bin. Und die Leiterin des Internats in Balta sagte in unserem Gespr\u00e4ch, dass sie sich w\u00fcnschen, dass ich weiterhin mit den Kindern arbeite.<\/p>\n\n\n\n<p>Als ich in dem Internat war, tat mein Herz weh, ich konnte die Stimmen der Kinder nicht h\u00f6ren. Es hallt nach. Ich wei\u00df noch, wie Kinder mir entgegenliefen, als ich das Internat betrat. Es ist jetzt eine Zeit, die es zu \u00fcberstehen gilt. Ich versuche, mit Gottes Hilfe weiter zu dienen. Ich danke euch vielmals. Gott befohlen.<\/p>\n\n\n\n<figure class=\"wp-block-gallery has-nested-images columns-default is-cropped wp-block-gallery-18 is-layout-flex wp-block-gallery-is-layout-flex\">\n<figure class=\"wp-block-image size-large\"><img loading=\"lazy\" decoding=\"async\" width=\"842\" height=\"1024\" data-id=\"4235\" src=\"https:\/\/ecg.berlin\/wp-content\/uploads\/2022\/03\/WhatsApp-Image-2022-03-29-at-23.15.53-2-842x1024.jpeg\" alt=\"\" class=\"wp-image-4235\" srcset=\"https:\/\/ecg.berlin\/wp-content\/uploads\/2022\/03\/WhatsApp-Image-2022-03-29-at-23.15.53-2-842x1024.jpeg 842w, https:\/\/ecg.berlin\/wp-content\/uploads\/2022\/03\/WhatsApp-Image-2022-03-29-at-23.15.53-2-247x300.jpeg 247w, https:\/\/ecg.berlin\/wp-content\/uploads\/2022\/03\/WhatsApp-Image-2022-03-29-at-23.15.53-2-768x934.jpeg 768w, https:\/\/ecg.berlin\/wp-content\/uploads\/2022\/03\/WhatsApp-Image-2022-03-29-at-23.15.53-2.jpeg 987w\" sizes=\"auto, (max-width: 842px) 100vw, 842px\" \/><figcaption class=\"wp-element-caption\">Links die Direktorin des Balti-Internats<\/figcaption><\/figure>\n\n\n\n<figure class=\"wp-block-image size-large\"><img loading=\"lazy\" decoding=\"async\" width=\"766\" height=\"1024\" data-id=\"4233\" src=\"https:\/\/ecg.berlin\/wp-content\/uploads\/2022\/03\/WhatsApp-Image-2022-03-29-at-23.16.52-2-766x1024.jpeg\" alt=\"\" class=\"wp-image-4233\" srcset=\"https:\/\/ecg.berlin\/wp-content\/uploads\/2022\/03\/WhatsApp-Image-2022-03-29-at-23.16.52-2-766x1024.jpeg 766w, https:\/\/ecg.berlin\/wp-content\/uploads\/2022\/03\/WhatsApp-Image-2022-03-29-at-23.16.52-2-225x300.jpeg 225w, https:\/\/ecg.berlin\/wp-content\/uploads\/2022\/03\/WhatsApp-Image-2022-03-29-at-23.16.52-2-768x1026.jpeg 768w, https:\/\/ecg.berlin\/wp-content\/uploads\/2022\/03\/WhatsApp-Image-2022-03-29-at-23.16.52-2.jpeg 898w\" sizes=\"auto, (max-width: 766px) 100vw, 766px\" \/><figcaption class=\"wp-element-caption\">Dank f\u00fcr Unterst\u00fctzung konnten weitere 40 Lebensmittelpakete besorgt werden<\/figcaption><\/figure>\n<\/figure>\n\n\n\n<p><strong>28. M\u00e4rz 2022<\/strong><\/p>\n\n\n\n<p>Wir bereiten derzeit wieder neue Lieferungen vor&#8230;<\/p>\n\n\n\n<figure class=\"wp-block-embed aligncenter is-type-video is-provider-youtube wp-block-embed-youtube wp-embed-aspect-16-9 wp-has-aspect-ratio\"><div class=\"wp-block-embed__wrapper\">\n\t\t<div class=\"embed-privacy-container is-disabled embed-youtube\" data-embed-id=\"oembed_e4e10120e0534def625fbaabc1672e10\" data-embed-provider=\"youtube\" style=\"background-image: url(https:\/\/ecg.berlin\/wp-content\/uploads\/embed-privacy\/thumbnails\/youtube-gRY3CQbk92w-maxresdefault.jpg?ver=1.12.3); aspect-ratio: 770\/433;\">\t\t\t\t\t\t<button type=\"button\" class=\"embed-privacy-enable screen-reader-text\">Display &quot;\ud83c\uddfa\ud83c\udde6\ud83e\udd32\ud83c\udffb Einblick in die Fl\u00fcchtlingshilfe (M\u00e4rz 22)&quot; from YouTube<\/button>\t\t\t\t\t\t<div class=\"embed-privacy-overlay\">\t\t\t\t<div class=\"embed-privacy-inner\">\t\t\t\t\t<div class=\"embed-privacy-logo\" style=\"background-image: url(https:\/\/ecg.berlin\/wp-content\/plugins\/embed-privacy\/assets\/images\/embed-youtube.png?ver=1.12.3);\"><\/div>\t\t<p>\t\tHier klicken, um den Inhalt von YouTube anzuzeigen.\t\t\t\t\t<br>\t\t\t\t\tLearn more in <a href=\"https:\/\/policies.google.com\/privacy?hl=de\" target=\"_blank\">YouTube\u2019s privacy policy<\/a>.\t\t<\/p>\t\t<p class=\"embed-privacy-input-wrapper\">\t\t\t<input id=\"embed-privacy-store-youtube-e4e10120e0534def625fbaabc1672e10\" type=\"checkbox\" value=\"1\" class=\"embed-privacy-input\" data-embed-provider=\"youtube\">\t\t\t<label for=\"embed-privacy-store-youtube-e4e10120e0534def625fbaabc1672e10\" class=\"embed-privacy-label\" data-embed-provider=\"youtube\">\t\t\t\tAlways display content from YouTube\t\t\t<\/label>\t\t<\/p>\t\t\t\t\t\t<\/div>\t\t\t\t\t\t\t\t<div class=\"embed-privacy-footer\"><span class=\"embed-privacy-url\"><a href=\"https:\/\/youtu.be\/gRY3CQbk92w\">Open &quot;\ud83c\uddfa\ud83c\udde6\ud83e\udd32\ud83c\udffb Einblick in die Fl\u00fcchtlingshilfe (M\u00e4rz 22)&quot; directly<\/a><\/span><\/div>\t\t\t<\/div>\t\t\t\t\t\t<div class=\"embed-privacy-content\">\t\t\t\t<script>var _oembed_e4e10120e0534def625fbaabc1672e10 = '{\\\"embed\\\":\\\"&lt;iframe title=&quot;\\\\ud83c\\\\uddfa\\\\ud83c\\\\udde6\\\\ud83e\\\\udd32\\\\ud83c\\\\udffb Einblick in die Fl&uuml;chtlingshilfe (M&auml;rz 22)&quot; width=&quot;770&quot; height=&quot;433&quot; src=&quot;https:\\\\\/\\\\\/www.youtube-nocookie.com\\\\\/embed\\\\\/gRY3CQbk92w?feature=oembed&quot; frameborder=&quot;0&quot; allow=&quot;accelerometer; autoplay; clipboard-write; encrypted-media; gyroscope; picture-in-picture; web-share&quot; referrerpolicy=&quot;strict-origin-when-cross-origin&quot; allowfullscreen&gt;&lt;\\\\\/iframe&gt;\\\"}';<\/script>\t\t\t<\/div>\t\t<\/div>\t\t\n<\/div><\/figure>\n\n\n\n<figure class=\"wp-block-gallery has-nested-images columns-default is-cropped wp-block-gallery-19 is-layout-flex wp-block-gallery-is-layout-flex\">\n<figure class=\"wp-block-image size-large\"><img loading=\"lazy\" decoding=\"async\" width=\"1024\" height=\"768\" data-id=\"4194\" src=\"https:\/\/ecg.berlin\/wp-content\/uploads\/2022\/03\/WhatsApp-Image-2022-03-28-at-17.08.07-2.jpeg\" alt=\"\" class=\"wp-image-4194\" srcset=\"https:\/\/ecg.berlin\/wp-content\/uploads\/2022\/03\/WhatsApp-Image-2022-03-28-at-17.08.07-2.jpeg 1024w, https:\/\/ecg.berlin\/wp-content\/uploads\/2022\/03\/WhatsApp-Image-2022-03-28-at-17.08.07-2-300x225.jpeg 300w, https:\/\/ecg.berlin\/wp-content\/uploads\/2022\/03\/WhatsApp-Image-2022-03-28-at-17.08.07-2-768x576.jpeg 768w\" sizes=\"auto, (max-width: 1024px) 100vw, 1024px\" \/><\/figure>\n\n\n\n<figure class=\"wp-block-image size-large\"><img loading=\"lazy\" decoding=\"async\" width=\"1024\" height=\"768\" data-id=\"4198\" src=\"https:\/\/ecg.berlin\/wp-content\/uploads\/2022\/03\/WhatsApp-Image-2022-03-28-at-17.08.07-3.jpeg\" alt=\"\" class=\"wp-image-4198\" srcset=\"https:\/\/ecg.berlin\/wp-content\/uploads\/2022\/03\/WhatsApp-Image-2022-03-28-at-17.08.07-3.jpeg 1024w, https:\/\/ecg.berlin\/wp-content\/uploads\/2022\/03\/WhatsApp-Image-2022-03-28-at-17.08.07-3-300x225.jpeg 300w, https:\/\/ecg.berlin\/wp-content\/uploads\/2022\/03\/WhatsApp-Image-2022-03-28-at-17.08.07-3-768x576.jpeg 768w\" sizes=\"auto, (max-width: 1024px) 100vw, 1024px\" \/><\/figure>\n\n\n\n<figure class=\"wp-block-image size-large\"><img loading=\"lazy\" decoding=\"async\" width=\"826\" height=\"790\" data-id=\"4202\" src=\"https:\/\/ecg.berlin\/wp-content\/uploads\/2022\/03\/UA-24-3-22-1.jpg\" alt=\"\" class=\"wp-image-4202\" srcset=\"https:\/\/ecg.berlin\/wp-content\/uploads\/2022\/03\/UA-24-3-22-1.jpg 826w, https:\/\/ecg.berlin\/wp-content\/uploads\/2022\/03\/UA-24-3-22-1-300x287.jpg 300w, https:\/\/ecg.berlin\/wp-content\/uploads\/2022\/03\/UA-24-3-22-1-768x735.jpg 768w\" sizes=\"auto, (max-width: 826px) 100vw, 826px\" \/><figcaption class=\"wp-element-caption\">Unser ehemaliger Gemeindebus, der nun den Menschen in der Ukraine \u00fcberlassen wurde<\/figcaption><\/figure>\n\n\n\n<figure class=\"wp-block-image size-large\"><img loading=\"lazy\" decoding=\"async\" width=\"826\" height=\"906\" data-id=\"4204\" src=\"https:\/\/ecg.berlin\/wp-content\/uploads\/2022\/03\/UA-24-3-22-2.jpg\" alt=\"\" class=\"wp-image-4204\" srcset=\"https:\/\/ecg.berlin\/wp-content\/uploads\/2022\/03\/UA-24-3-22-2.jpg 826w, https:\/\/ecg.berlin\/wp-content\/uploads\/2022\/03\/UA-24-3-22-2-274x300.jpg 274w, https:\/\/ecg.berlin\/wp-content\/uploads\/2022\/03\/UA-24-3-22-2-768x842.jpg 768w\" sizes=\"auto, (max-width: 826px) 100vw, 826px\" \/><figcaption class=\"wp-element-caption\">Lebensmittellieferungen, die in der Ukraine eingetroffen sind<\/figcaption><\/figure>\n<\/figure>\n\n\n\n<p><strong>24. M\u00e4rz 2022<\/strong><\/p>\n\n\n\n<p>Die in der Ukraine angekommenen Lebensmittel werden in Sumy, bei Charkow verteilt.<\/p>\n\n\n\n<figure class=\"wp-block-video\"><video height=\"720\" style=\"aspect-ratio: 1280 \/ 720;\" width=\"1280\" controls src=\"https:\/\/ecg.berlin\/wp-content\/uploads\/2022\/03\/WhatsApp-Video-2022-03-25-at-12.30.57.mp4\"><\/video><\/figure>\n\n\n\n<figure class=\"wp-block-gallery has-nested-images columns-default is-cropped wp-block-gallery-20 is-layout-flex wp-block-gallery-is-layout-flex\">\n<figure class=\"wp-block-image size-large\"><img loading=\"lazy\" decoding=\"async\" width=\"768\" height=\"1024\" data-id=\"4171\" src=\"https:\/\/ecg.berlin\/wp-content\/uploads\/2022\/03\/WhatsApp-Image-2022-03-25-at-12.30.57-5.jpeg\" alt=\"\" class=\"wp-image-4171\" srcset=\"https:\/\/ecg.berlin\/wp-content\/uploads\/2022\/03\/WhatsApp-Image-2022-03-25-at-12.30.57-5.jpeg 768w, https:\/\/ecg.berlin\/wp-content\/uploads\/2022\/03\/WhatsApp-Image-2022-03-25-at-12.30.57-5-225x300.jpeg 225w\" sizes=\"auto, (max-width: 768px) 100vw, 768px\" \/><\/figure>\n\n\n\n<figure class=\"wp-block-image size-large\"><img loading=\"lazy\" decoding=\"async\" width=\"1024\" height=\"768\" data-id=\"4173\" src=\"https:\/\/ecg.berlin\/wp-content\/uploads\/2022\/03\/WhatsApp-Image-2022-03-25-at-12.30.57-1.jpeg\" alt=\"\" class=\"wp-image-4173\" srcset=\"https:\/\/ecg.berlin\/wp-content\/uploads\/2022\/03\/WhatsApp-Image-2022-03-25-at-12.30.57-1.jpeg 1024w, https:\/\/ecg.berlin\/wp-content\/uploads\/2022\/03\/WhatsApp-Image-2022-03-25-at-12.30.57-1-300x225.jpeg 300w, https:\/\/ecg.berlin\/wp-content\/uploads\/2022\/03\/WhatsApp-Image-2022-03-25-at-12.30.57-1-768x576.jpeg 768w\" sizes=\"auto, (max-width: 1024px) 100vw, 1024px\" \/><\/figure>\n\n\n\n<figure class=\"wp-block-image size-large\"><img loading=\"lazy\" decoding=\"async\" width=\"1024\" height=\"768\" data-id=\"4177\" src=\"https:\/\/ecg.berlin\/wp-content\/uploads\/2022\/03\/WhatsApp-Image-2022-03-25-at-12.30.57-2.jpeg\" alt=\"\" class=\"wp-image-4177\" srcset=\"https:\/\/ecg.berlin\/wp-content\/uploads\/2022\/03\/WhatsApp-Image-2022-03-25-at-12.30.57-2.jpeg 1024w, https:\/\/ecg.berlin\/wp-content\/uploads\/2022\/03\/WhatsApp-Image-2022-03-25-at-12.30.57-2-300x225.jpeg 300w, https:\/\/ecg.berlin\/wp-content\/uploads\/2022\/03\/WhatsApp-Image-2022-03-25-at-12.30.57-2-768x576.jpeg 768w\" sizes=\"auto, (max-width: 1024px) 100vw, 1024px\" \/><\/figure>\n\n\n\n<figure class=\"wp-block-image size-large\"><img loading=\"lazy\" decoding=\"async\" width=\"1024\" height=\"768\" data-id=\"4179\" src=\"https:\/\/ecg.berlin\/wp-content\/uploads\/2022\/03\/WhatsApp-Image-2022-03-25-at-12.30.57-3.jpeg\" alt=\"\" class=\"wp-image-4179\" srcset=\"https:\/\/ecg.berlin\/wp-content\/uploads\/2022\/03\/WhatsApp-Image-2022-03-25-at-12.30.57-3.jpeg 1024w, https:\/\/ecg.berlin\/wp-content\/uploads\/2022\/03\/WhatsApp-Image-2022-03-25-at-12.30.57-3-300x225.jpeg 300w, https:\/\/ecg.berlin\/wp-content\/uploads\/2022\/03\/WhatsApp-Image-2022-03-25-at-12.30.57-3-768x576.jpeg 768w\" sizes=\"auto, (max-width: 1024px) 100vw, 1024px\" \/><\/figure>\n\n\n\n<figure class=\"wp-block-image size-large\"><img loading=\"lazy\" decoding=\"async\" width=\"768\" height=\"1024\" data-id=\"4175\" src=\"https:\/\/ecg.berlin\/wp-content\/uploads\/2022\/03\/WhatsApp-Image-2022-03-25-at-12.30.57-4.jpeg\" alt=\"\" class=\"wp-image-4175\" srcset=\"https:\/\/ecg.berlin\/wp-content\/uploads\/2022\/03\/WhatsApp-Image-2022-03-25-at-12.30.57-4.jpeg 768w, https:\/\/ecg.berlin\/wp-content\/uploads\/2022\/03\/WhatsApp-Image-2022-03-25-at-12.30.57-4-225x300.jpeg 225w\" sizes=\"auto, (max-width: 768px) 100vw, 768px\" \/><\/figure>\n\n\n\n<figure class=\"wp-block-image size-large\"><img loading=\"lazy\" decoding=\"async\" width=\"1024\" height=\"768\" data-id=\"4181\" src=\"https:\/\/ecg.berlin\/wp-content\/uploads\/2022\/03\/WhatsApp-Image-2022-03-25-at-12.30.57-6.jpeg\" alt=\"\" class=\"wp-image-4181\" srcset=\"https:\/\/ecg.berlin\/wp-content\/uploads\/2022\/03\/WhatsApp-Image-2022-03-25-at-12.30.57-6.jpeg 1024w, https:\/\/ecg.berlin\/wp-content\/uploads\/2022\/03\/WhatsApp-Image-2022-03-25-at-12.30.57-6-300x225.jpeg 300w, https:\/\/ecg.berlin\/wp-content\/uploads\/2022\/03\/WhatsApp-Image-2022-03-25-at-12.30.57-6-768x576.jpeg 768w\" sizes=\"auto, (max-width: 1024px) 100vw, 1024px\" \/><\/figure>\n\n\n\n<figure class=\"wp-block-image size-large\"><img loading=\"lazy\" decoding=\"async\" width=\"1024\" height=\"768\" data-id=\"4183\" src=\"https:\/\/ecg.berlin\/wp-content\/uploads\/2022\/03\/WhatsApp-Image-2022-03-25-at-12.30.57-7.jpeg\" alt=\"\" class=\"wp-image-4183\" srcset=\"https:\/\/ecg.berlin\/wp-content\/uploads\/2022\/03\/WhatsApp-Image-2022-03-25-at-12.30.57-7.jpeg 1024w, https:\/\/ecg.berlin\/wp-content\/uploads\/2022\/03\/WhatsApp-Image-2022-03-25-at-12.30.57-7-300x225.jpeg 300w, https:\/\/ecg.berlin\/wp-content\/uploads\/2022\/03\/WhatsApp-Image-2022-03-25-at-12.30.57-7-768x576.jpeg 768w\" sizes=\"auto, (max-width: 1024px) 100vw, 1024px\" \/><\/figure>\n\n\n\n<figure class=\"wp-block-image size-large\"><img loading=\"lazy\" decoding=\"async\" width=\"1024\" height=\"768\" data-id=\"4185\" src=\"https:\/\/ecg.berlin\/wp-content\/uploads\/2022\/03\/WhatsApp-Image-2022-03-25-at-12.30.57.jpeg\" alt=\"\" class=\"wp-image-4185\" srcset=\"https:\/\/ecg.berlin\/wp-content\/uploads\/2022\/03\/WhatsApp-Image-2022-03-25-at-12.30.57.jpeg 1024w, https:\/\/ecg.berlin\/wp-content\/uploads\/2022\/03\/WhatsApp-Image-2022-03-25-at-12.30.57-300x225.jpeg 300w, https:\/\/ecg.berlin\/wp-content\/uploads\/2022\/03\/WhatsApp-Image-2022-03-25-at-12.30.57-768x576.jpeg 768w\" sizes=\"auto, (max-width: 1024px) 100vw, 1024px\" \/><\/figure>\n<\/figure>\n\n\n\n<figure class=\"wp-block-video\"><video height=\"1280\" style=\"aspect-ratio: 720 \/ 1280;\" width=\"720\" controls src=\"https:\/\/ecg.berlin\/wp-content\/uploads\/2022\/03\/WhatsApp-Video-2022-03-25-at-13.17.34.mp4\"><\/video><figcaption class=\"wp-element-caption\">\u00dcbersetzung: Danke liebe Geschwister f\u00fcr die B\u00fccher, wir werden es selbst lesen und weitergeben.<\/figcaption><\/figure>\n\n\n\n<p>Gestern Abend 23 Uhr ging ein weiterer Transport mit zwei <a href=\"https:\/\/www.ebtc.org\/blog\/updates-und-aktuelle-gebetsanliegen-betet-fuer-die-ukraine\">EBTC<\/a> Sprintern nach Ivano Frankivsk. Aktuell sind sie bereits ca. 130 km bis Liev. Unser Sprinter kam gegen 20 Uhr in Kiew, nach der Reparatur gut an.<\/p>\n\n\n\n<figure class=\"wp-block-gallery has-nested-images columns-2 is-cropped wp-block-gallery-21 is-layout-flex wp-block-gallery-is-layout-flex\">\n<figure class=\"wp-block-image size-large\"><img loading=\"lazy\" decoding=\"async\" width=\"768\" height=\"1024\" data-id=\"4158\" src=\"https:\/\/ecg.berlin\/wp-content\/uploads\/2022\/03\/WhatsApp-Image-2022-03-25-at-07.32.22.jpeg\" alt=\"\" class=\"wp-image-4158\" srcset=\"https:\/\/ecg.berlin\/wp-content\/uploads\/2022\/03\/WhatsApp-Image-2022-03-25-at-07.32.22.jpeg 768w, https:\/\/ecg.berlin\/wp-content\/uploads\/2022\/03\/WhatsApp-Image-2022-03-25-at-07.32.22-225x300.jpeg 225w\" sizes=\"auto, (max-width: 768px) 100vw, 768px\" \/><\/figure>\n\n\n\n<figure class=\"wp-block-image size-large\"><img loading=\"lazy\" decoding=\"async\" width=\"1024\" height=\"768\" data-id=\"4160\" src=\"https:\/\/ecg.berlin\/wp-content\/uploads\/2022\/03\/WhatsApp-Image-2022-03-25-at-07.32.22-2-1.jpeg\" alt=\"\" class=\"wp-image-4160\" srcset=\"https:\/\/ecg.berlin\/wp-content\/uploads\/2022\/03\/WhatsApp-Image-2022-03-25-at-07.32.22-2-1.jpeg 1024w, https:\/\/ecg.berlin\/wp-content\/uploads\/2022\/03\/WhatsApp-Image-2022-03-25-at-07.32.22-2-1-300x225.jpeg 300w, https:\/\/ecg.berlin\/wp-content\/uploads\/2022\/03\/WhatsApp-Image-2022-03-25-at-07.32.22-2-1-768x576.jpeg 768w\" sizes=\"auto, (max-width: 1024px) 100vw, 1024px\" \/><figcaption class=\"wp-element-caption\">Ein neuer Transporter f\u00fcr die Fahrten<\/figcaption><\/figure>\n\n\n\n<figure class=\"wp-block-image size-large\"><img loading=\"lazy\" decoding=\"async\" width=\"576\" height=\"1024\" data-id=\"4164\" src=\"https:\/\/ecg.berlin\/wp-content\/uploads\/2022\/03\/WhatsApp-Image-2022-03-25-at-07.32.21.jpeg\" alt=\"\" class=\"wp-image-4164\" srcset=\"https:\/\/ecg.berlin\/wp-content\/uploads\/2022\/03\/WhatsApp-Image-2022-03-25-at-07.32.21.jpeg 576w, https:\/\/ecg.berlin\/wp-content\/uploads\/2022\/03\/WhatsApp-Image-2022-03-25-at-07.32.21-169x300.jpeg 169w\" sizes=\"auto, (max-width: 576px) 100vw, 576px\" \/><\/figure>\n\n\n\n<figure class=\"wp-block-image size-large\"><img loading=\"lazy\" decoding=\"async\" width=\"768\" height=\"1024\" data-id=\"4162\" src=\"https:\/\/ecg.berlin\/wp-content\/uploads\/2022\/03\/WhatsApp-Image-2022-03-25-at-07.32.22-1.jpeg\" alt=\"\" class=\"wp-image-4162\" srcset=\"https:\/\/ecg.berlin\/wp-content\/uploads\/2022\/03\/WhatsApp-Image-2022-03-25-at-07.32.22-1.jpeg 768w, https:\/\/ecg.berlin\/wp-content\/uploads\/2022\/03\/WhatsApp-Image-2022-03-25-at-07.32.22-1-225x300.jpeg 225w\" sizes=\"auto, (max-width: 768px) 100vw, 768px\" \/><\/figure>\n\n\n\n<figure class=\"wp-block-image size-full\"><img loading=\"lazy\" decoding=\"async\" width=\"1024\" height=\"768\" data-id=\"4168\" src=\"https:\/\/ecg.berlin\/wp-content\/uploads\/2022\/03\/WhatsApp-Image-2022-03-25-at-07.32.22-4.jpeg\" alt=\"\" class=\"wp-image-4168\" srcset=\"https:\/\/ecg.berlin\/wp-content\/uploads\/2022\/03\/WhatsApp-Image-2022-03-25-at-07.32.22-4.jpeg 1024w, https:\/\/ecg.berlin\/wp-content\/uploads\/2022\/03\/WhatsApp-Image-2022-03-25-at-07.32.22-4-300x225.jpeg 300w, https:\/\/ecg.berlin\/wp-content\/uploads\/2022\/03\/WhatsApp-Image-2022-03-25-at-07.32.22-4-768x576.jpeg 768w\" sizes=\"auto, (max-width: 1024px) 100vw, 1024px\" \/><\/figure>\n<\/figure>\n\n\n\n<p><strong>24. M\u00e4rz 2022<\/strong><\/p>\n\n\n\n<p><a href=\"https:\/\/ecg.berlin\/kindermissionarin-svetlana-rabokon\/\" data-type=\"post\" data-id=\"377\">Svetlana<\/a>: Der Tag ist immer noch mit reichlich Segen gef\u00fcllt. Abholung der Lebensmittel und weiter Transport in den folgenden Tagen dorthin, wo es nichts mehr gibt. Preis Gott f\u00fcr all die M\u00f6glichkeiten! Danke euch!<\/p>\n\n\n\n<p><a href=\"https:\/\/ecg.berlin\/hilfe-fuer-fluechtlinge-aus-ukraine\/\" data-type=\"post\" data-id=\"3749\">Bei uns<\/a>: Der Sprinter vom <a href=\"https:\/\/www.ebtc.org\/blog\/updates-und-aktuelle-gebetsanliegen-betet-fuer-die-ukraine\" data-type=\"URL\" data-id=\"https:\/\/www.ebtc.org\/blog\/updates-und-aktuelle-gebetsanliegen-betet-fuer-die-ukraine\">EBTC<\/a> (berichtet her\u00fcber ausf\u00fchrlich) ist nach der Ausladung bei der Gemeinde in Iwano Frankiwsk unterwegs nach Hause.<br>Bei unserem Sprinter hat die Lichtmaschine versagt bei Rowno auf dem Weg nach Kiew. Der wird grade repariert. Das Ersatzteil sollte morgen fr\u00fch geliefert werden, damit sie gegen Mittag weiter fahren k\u00f6nnen. <\/p>\n\n\n\n<p><strong>22. M\u00e4rz 2022<\/strong> <\/p>\n\n\n\n<p><a href=\"https:\/\/ecg.berlin\/kindermissionarin-svetlana-rabokon\/\" data-type=\"post\" data-id=\"377\">Svetlana<\/a>: Gr\u00fc\u00dfe an alle! Einige Fotos von gestern Abend und heute\u2026 Nachts im Keller haben die Kinder Papierfiguren ausgeschnitten und mit einer Taschenlampe ein Spiel \u00fcber die Erschaffung der Welt gemacht\u2026 Heute habe ich es geschafft, meine Kiste mit Neuen Testamenten und Kinderbibeln zu f\u00fcllen! 25 St\u00fcck!!! Heutzutage ist es viel wert &#8212; nicht weniger als Lebensmittel!<\/p>\n\n\n\n<figure class=\"wp-block-gallery has-nested-images columns-default is-cropped wp-block-gallery-22 is-layout-flex wp-block-gallery-is-layout-flex\">\n<figure class=\"wp-block-image size-large\"><img loading=\"lazy\" decoding=\"async\" width=\"1024\" height=\"1024\" data-id=\"4143\" src=\"https:\/\/ecg.berlin\/wp-content\/uploads\/2022\/03\/47933AF3-3962-40DB-9BE4-E3D851C4338B-1024x1024.jpg\" alt=\"\" class=\"wp-image-4143\" srcset=\"https:\/\/ecg.berlin\/wp-content\/uploads\/2022\/03\/47933AF3-3962-40DB-9BE4-E3D851C4338B-1024x1024.jpg 1024w, https:\/\/ecg.berlin\/wp-content\/uploads\/2022\/03\/47933AF3-3962-40DB-9BE4-E3D851C4338B-300x300.jpg 300w, https:\/\/ecg.berlin\/wp-content\/uploads\/2022\/03\/47933AF3-3962-40DB-9BE4-E3D851C4338B-150x150.jpg 150w, https:\/\/ecg.berlin\/wp-content\/uploads\/2022\/03\/47933AF3-3962-40DB-9BE4-E3D851C4338B-768x768.jpg 768w, https:\/\/ecg.berlin\/wp-content\/uploads\/2022\/03\/47933AF3-3962-40DB-9BE4-E3D851C4338B-60x60.jpg 60w, https:\/\/ecg.berlin\/wp-content\/uploads\/2022\/03\/47933AF3-3962-40DB-9BE4-E3D851C4338B.jpg 1200w\" sizes=\"auto, (max-width: 1024px) 100vw, 1024px\" \/><\/figure>\n<\/figure>\n\n\n\n<p><a href=\"https:\/\/ecg.berlin\/hilfe-fuer-fluechtlinge-aus-ukraine\/\" data-type=\"post\" data-id=\"3749\">Bei uns:<\/a> Die Lebensmittel und Sachspenden von dem Transport am Sa. wurden heute morgen ausgeladen in Lutzk. Morgen geht die Spende nach Charkow und Kiew.<\/p>\n\n\n\n<figure class=\"wp-block-video\"><video height=\"368\" style=\"aspect-ratio: 640 \/ 368;\" width=\"640\" controls src=\"https:\/\/ecg.berlin\/wp-content\/uploads\/2022\/03\/921cb19a-a51d-422d-95db-c9406d6ab625.mp4\"><\/video><\/figure>\n\n\n\n<figure class=\"wp-block-video\"><video height=\"848\" style=\"aspect-ratio: 480 \/ 848;\" width=\"480\" controls src=\"https:\/\/ecg.berlin\/wp-content\/uploads\/2022\/03\/8f098358-71b3-47bb-a80b-b9a442faa58a.mp4\"><\/video><\/figure>\n\n\n\n<p>Heute wurden 2 Sprinter mit jeweils 1.200 kg Nahrung, ca 550 Jesus unser Schicksal von <a href=\"http:\/\/www.ebtc.org\">EBTC<\/a> und <a href=\"https:\/\/bibelgemeinde-berlin.de\" data-type=\"URL\" data-id=\"https:\/\/bibelgemeinde-berlin.de\">Bibelgemeinde Berlin<\/a>, sowie anderen Spendern geladen. Morgen fr\u00fch geht es bis zur Grenze zu UA.<\/p>\n\n\n\n<figure class=\"wp-block-gallery has-nested-images columns-default is-cropped wp-block-gallery-23 is-layout-flex wp-block-gallery-is-layout-flex\">\n<figure class=\"wp-block-image\"><img loading=\"lazy\" decoding=\"async\" width=\"768\" height=\"1024\" data-id=\"4123\" src=\"https:\/\/ecg.berlin\/wp-content\/uploads\/2022\/03\/ccab4724-386d-4b04-8687-1a9e46355284.jpg\" alt=\"\" class=\"wp-image-4123\" srcset=\"https:\/\/ecg.berlin\/wp-content\/uploads\/2022\/03\/ccab4724-386d-4b04-8687-1a9e46355284.jpg 768w, https:\/\/ecg.berlin\/wp-content\/uploads\/2022\/03\/ccab4724-386d-4b04-8687-1a9e46355284-225x300.jpg 225w\" sizes=\"auto, (max-width: 768px) 100vw, 768px\" \/><\/figure>\n\n\n\n<figure class=\"wp-block-image\"><img loading=\"lazy\" decoding=\"async\" width=\"768\" height=\"1024\" data-id=\"4129\" src=\"https:\/\/ecg.berlin\/wp-content\/uploads\/2022\/03\/004048dd-45cc-48e5-afed-edc0b75f72ff.jpg\" alt=\"\" class=\"wp-image-4129\" srcset=\"https:\/\/ecg.berlin\/wp-content\/uploads\/2022\/03\/004048dd-45cc-48e5-afed-edc0b75f72ff.jpg 768w, https:\/\/ecg.berlin\/wp-content\/uploads\/2022\/03\/004048dd-45cc-48e5-afed-edc0b75f72ff-225x300.jpg 225w\" sizes=\"auto, (max-width: 768px) 100vw, 768px\" \/><\/figure>\n\n\n\n<figure class=\"wp-block-image\"><img loading=\"lazy\" decoding=\"async\" width=\"1024\" height=\"768\" data-id=\"4127\" src=\"https:\/\/ecg.berlin\/wp-content\/uploads\/2022\/03\/81f69e47-1e48-41e8-9d8b-56ad83e54c16.jpg\" alt=\"\" class=\"wp-image-4127\" srcset=\"https:\/\/ecg.berlin\/wp-content\/uploads\/2022\/03\/81f69e47-1e48-41e8-9d8b-56ad83e54c16.jpg 1024w, https:\/\/ecg.berlin\/wp-content\/uploads\/2022\/03\/81f69e47-1e48-41e8-9d8b-56ad83e54c16-300x225.jpg 300w, https:\/\/ecg.berlin\/wp-content\/uploads\/2022\/03\/81f69e47-1e48-41e8-9d8b-56ad83e54c16-768x576.jpg 768w\" sizes=\"auto, (max-width: 1024px) 100vw, 1024px\" \/><\/figure>\n\n\n\n<figure class=\"wp-block-image\"><img loading=\"lazy\" decoding=\"async\" width=\"766\" height=\"1024\" data-id=\"4125\" src=\"https:\/\/ecg.berlin\/wp-content\/uploads\/2022\/03\/c3ef4e84-c93e-4458-84e9-5464f4da4dc2.jpg\" alt=\"\" class=\"wp-image-4125\" srcset=\"https:\/\/ecg.berlin\/wp-content\/uploads\/2022\/03\/c3ef4e84-c93e-4458-84e9-5464f4da4dc2.jpg 766w, https:\/\/ecg.berlin\/wp-content\/uploads\/2022\/03\/c3ef4e84-c93e-4458-84e9-5464f4da4dc2-224x300.jpg 224w\" sizes=\"auto, (max-width: 766px) 100vw, 766px\" \/><\/figure>\n\n\n\n<figure class=\"wp-block-image\"><img loading=\"lazy\" decoding=\"async\" width=\"1024\" height=\"768\" data-id=\"4134\" src=\"https:\/\/ecg.berlin\/wp-content\/uploads\/2022\/03\/6711e7a2-4b56-48e4-bf37-30c253a3b40a.jpg\" alt=\"\" class=\"wp-image-4134\" srcset=\"https:\/\/ecg.berlin\/wp-content\/uploads\/2022\/03\/6711e7a2-4b56-48e4-bf37-30c253a3b40a.jpg 1024w, https:\/\/ecg.berlin\/wp-content\/uploads\/2022\/03\/6711e7a2-4b56-48e4-bf37-30c253a3b40a-300x225.jpg 300w, https:\/\/ecg.berlin\/wp-content\/uploads\/2022\/03\/6711e7a2-4b56-48e4-bf37-30c253a3b40a-768x576.jpg 768w\" sizes=\"auto, (max-width: 1024px) 100vw, 1024px\" \/><\/figure>\n<figcaption class=\"blocks-gallery-caption wp-element-caption\">Die 2 Sprinter sind seid ca 09:00 unterwegs mit ca. 2500 kg Lebensmittel in die UA <\/figcaption><\/figure>\n\n\n\n<p><strong>20. M\u00e4rz 2022<\/strong> <\/p>\n\n\n\n<p>Nach der bewahrten Fahrt und Ankunft gestern Nacht wird der Sprinter vorbereitet f\u00fcr den n\u00e4chsten Transport mit Lebensmitteln in die Ukraine.<\/p>\n\n\n<div class=\"wp-block-image\">\n<figure class=\"aligncenter size-full is-resized\"><img loading=\"lazy\" decoding=\"async\" src=\"https:\/\/ecg.berlin\/wp-content\/uploads\/2022\/03\/WhatsApp-Image-2022-03-19-at-14.39.56.jpeg\" alt=\"\" class=\"wp-image-4090\" width=\"512\" height=\"384\" srcset=\"https:\/\/ecg.berlin\/wp-content\/uploads\/2022\/03\/WhatsApp-Image-2022-03-19-at-14.39.56.jpeg 1024w, https:\/\/ecg.berlin\/wp-content\/uploads\/2022\/03\/WhatsApp-Image-2022-03-19-at-14.39.56-300x225.jpeg 300w, https:\/\/ecg.berlin\/wp-content\/uploads\/2022\/03\/WhatsApp-Image-2022-03-19-at-14.39.56-768x576.jpeg 768w\" sizes=\"auto, (max-width: 512px) 100vw, 512px\" \/><\/figure>\n<\/div>\n\n\n<p>Rechtzeitig kamen Lebensmittel aus der <a href=\"https:\/\/www.leben-aus-gnade.de\" data-type=\"URL\" data-id=\"https:\/\/www.leben-aus-gnade.de\">Bibelgemeinde Meine<\/a> bei uns an um sie gleich in den Bus f\u00fcr den weiteren Transport in die Ukraine umzuladen. Der Hilfstransport mit Lebensmitteln, Hygieneartikeln, 3 Stromgeneratoren, Kleidung und Schuhe sind seit paar Stunden unterwegs nach Luzk und dann in weitere St\u00e4dte der Ukraine. Der n\u00e4chste Transport mit unserem Gemeindebus ist f\u00fcr Dienstag geplant.<\/p>\n\n\n\n<figure class=\"wp-block-gallery has-nested-images columns-default is-cropped wp-block-gallery-24 is-layout-flex wp-block-gallery-is-layout-flex\">\n<figure class=\"wp-block-image size-large\"><img loading=\"lazy\" decoding=\"async\" width=\"1024\" height=\"768\" data-id=\"4094\" src=\"https:\/\/ecg.berlin\/wp-content\/uploads\/2022\/03\/WhatsApp-Image-2022-03-19-at-22.26.18.jpeg\" alt=\"\" class=\"wp-image-4094\" srcset=\"https:\/\/ecg.berlin\/wp-content\/uploads\/2022\/03\/WhatsApp-Image-2022-03-19-at-22.26.18.jpeg 1024w, https:\/\/ecg.berlin\/wp-content\/uploads\/2022\/03\/WhatsApp-Image-2022-03-19-at-22.26.18-300x225.jpeg 300w, https:\/\/ecg.berlin\/wp-content\/uploads\/2022\/03\/WhatsApp-Image-2022-03-19-at-22.26.18-768x576.jpeg 768w\" sizes=\"auto, (max-width: 1024px) 100vw, 1024px\" \/><\/figure>\n\n\n\n<figure class=\"wp-block-image size-large\"><img loading=\"lazy\" decoding=\"async\" width=\"1024\" height=\"768\" data-id=\"4096\" src=\"https:\/\/ecg.berlin\/wp-content\/uploads\/2022\/03\/WhatsApp-Image-2022-03-19-at-22.26.19.jpeg\" alt=\"\" class=\"wp-image-4096\" srcset=\"https:\/\/ecg.berlin\/wp-content\/uploads\/2022\/03\/WhatsApp-Image-2022-03-19-at-22.26.19.jpeg 1024w, https:\/\/ecg.berlin\/wp-content\/uploads\/2022\/03\/WhatsApp-Image-2022-03-19-at-22.26.19-300x225.jpeg 300w, https:\/\/ecg.berlin\/wp-content\/uploads\/2022\/03\/WhatsApp-Image-2022-03-19-at-22.26.19-768x576.jpeg 768w\" sizes=\"auto, (max-width: 1024px) 100vw, 1024px\" \/><\/figure>\n\n\n\n<figure class=\"wp-block-image size-large\"><img loading=\"lazy\" decoding=\"async\" width=\"1024\" height=\"768\" data-id=\"4098\" src=\"https:\/\/ecg.berlin\/wp-content\/uploads\/2022\/03\/WhatsApp-Image-2022-03-19-at-22.26.19-1.jpeg\" alt=\"\" class=\"wp-image-4098\" srcset=\"https:\/\/ecg.berlin\/wp-content\/uploads\/2022\/03\/WhatsApp-Image-2022-03-19-at-22.26.19-1.jpeg 1024w, https:\/\/ecg.berlin\/wp-content\/uploads\/2022\/03\/WhatsApp-Image-2022-03-19-at-22.26.19-1-300x225.jpeg 300w, https:\/\/ecg.berlin\/wp-content\/uploads\/2022\/03\/WhatsApp-Image-2022-03-19-at-22.26.19-1-768x576.jpeg 768w\" sizes=\"auto, (max-width: 1024px) 100vw, 1024px\" \/><\/figure>\n\n\n\n<figure class=\"wp-block-image size-large\"><img loading=\"lazy\" decoding=\"async\" width=\"1024\" height=\"768\" data-id=\"4100\" src=\"https:\/\/ecg.berlin\/wp-content\/uploads\/2022\/03\/WhatsApp-Image-2022-03-19-at-22.26.20.jpeg\" alt=\"\" class=\"wp-image-4100\" srcset=\"https:\/\/ecg.berlin\/wp-content\/uploads\/2022\/03\/WhatsApp-Image-2022-03-19-at-22.26.20.jpeg 1024w, https:\/\/ecg.berlin\/wp-content\/uploads\/2022\/03\/WhatsApp-Image-2022-03-19-at-22.26.20-300x225.jpeg 300w, https:\/\/ecg.berlin\/wp-content\/uploads\/2022\/03\/WhatsApp-Image-2022-03-19-at-22.26.20-768x576.jpeg 768w\" sizes=\"auto, (max-width: 1024px) 100vw, 1024px\" \/><\/figure>\n\n\n\n<figure class=\"wp-block-image size-large\"><img loading=\"lazy\" decoding=\"async\" width=\"768\" height=\"1024\" data-id=\"4106\" src=\"https:\/\/ecg.berlin\/wp-content\/uploads\/2022\/03\/WhatsApp-Image-2022-03-19-at-22.34.55.jpeg\" alt=\"\" class=\"wp-image-4106\" srcset=\"https:\/\/ecg.berlin\/wp-content\/uploads\/2022\/03\/WhatsApp-Image-2022-03-19-at-22.34.55.jpeg 768w, https:\/\/ecg.berlin\/wp-content\/uploads\/2022\/03\/WhatsApp-Image-2022-03-19-at-22.34.55-225x300.jpeg 225w\" sizes=\"auto, (max-width: 768px) 100vw, 768px\" \/><\/figure>\n\n\n\n<figure class=\"wp-block-image size-large\"><img loading=\"lazy\" decoding=\"async\" width=\"1024\" height=\"768\" data-id=\"4102\" src=\"https:\/\/ecg.berlin\/wp-content\/uploads\/2022\/03\/WhatsApp-Image-2022-03-19-at-22.34.55-1.jpeg\" alt=\"\" class=\"wp-image-4102\" srcset=\"https:\/\/ecg.berlin\/wp-content\/uploads\/2022\/03\/WhatsApp-Image-2022-03-19-at-22.34.55-1.jpeg 1024w, https:\/\/ecg.berlin\/wp-content\/uploads\/2022\/03\/WhatsApp-Image-2022-03-19-at-22.34.55-1-300x225.jpeg 300w, https:\/\/ecg.berlin\/wp-content\/uploads\/2022\/03\/WhatsApp-Image-2022-03-19-at-22.34.55-1-768x576.jpeg 768w\" sizes=\"auto, (max-width: 1024px) 100vw, 1024px\" \/><\/figure>\n\n\n\n<figure class=\"wp-block-image size-large\"><img loading=\"lazy\" decoding=\"async\" width=\"1024\" height=\"768\" data-id=\"4103\" src=\"https:\/\/ecg.berlin\/wp-content\/uploads\/2022\/03\/WhatsApp-Image-2022-03-19-at-22.34.55-2.jpeg\" alt=\"\" class=\"wp-image-4103\" srcset=\"https:\/\/ecg.berlin\/wp-content\/uploads\/2022\/03\/WhatsApp-Image-2022-03-19-at-22.34.55-2.jpeg 1024w, https:\/\/ecg.berlin\/wp-content\/uploads\/2022\/03\/WhatsApp-Image-2022-03-19-at-22.34.55-2-300x225.jpeg 300w, https:\/\/ecg.berlin\/wp-content\/uploads\/2022\/03\/WhatsApp-Image-2022-03-19-at-22.34.55-2-768x576.jpeg 768w\" sizes=\"auto, (max-width: 1024px) 100vw, 1024px\" \/><\/figure>\n<\/figure>\n\n\n\n<p><strong>19. M\u00e4rz 2022<\/strong> <\/p>\n\n\n\n<p>Diese Lebensmittel und Stromgenerator gehen heute nach Kiew (mitunter gespendet vom <a href=\"http:\/\/www.ebtc.org\" data-type=\"URL\" data-id=\"www.ebtc.org\">EBTC<\/a>). Bitte bettet weiterhin f\u00fcr eine bewahrte Fahrt!<\/p>\n\n\n\n<figure class=\"wp-block-gallery has-nested-images columns-default is-cropped wp-block-gallery-25 is-layout-flex wp-block-gallery-is-layout-flex\">\n<figure class=\"wp-block-image size-large\"><img loading=\"lazy\" decoding=\"async\" width=\"768\" height=\"1024\" data-id=\"4083\" src=\"https:\/\/ecg.berlin\/wp-content\/uploads\/2022\/03\/WhatsApp-Image-2022-03-19-at-08.15.36-768x1024.jpeg\" alt=\"\" class=\"wp-image-4083\" srcset=\"https:\/\/ecg.berlin\/wp-content\/uploads\/2022\/03\/WhatsApp-Image-2022-03-19-at-08.15.36-768x1024.jpeg 768w, https:\/\/ecg.berlin\/wp-content\/uploads\/2022\/03\/WhatsApp-Image-2022-03-19-at-08.15.36-225x300.jpeg 225w, https:\/\/ecg.berlin\/wp-content\/uploads\/2022\/03\/WhatsApp-Image-2022-03-19-at-08.15.36.jpeg 900w\" sizes=\"auto, (max-width: 768px) 100vw, 768px\" \/><\/figure>\n\n\n\n<figure class=\"wp-block-image size-large\"><img loading=\"lazy\" decoding=\"async\" width=\"768\" height=\"1024\" data-id=\"4081\" src=\"https:\/\/ecg.berlin\/wp-content\/uploads\/2022\/03\/WhatsApp-Image-2022-03-19-at-08.17.51.jpeg\" alt=\"\" class=\"wp-image-4081\" srcset=\"https:\/\/ecg.berlin\/wp-content\/uploads\/2022\/03\/WhatsApp-Image-2022-03-19-at-08.17.51.jpeg 768w, https:\/\/ecg.berlin\/wp-content\/uploads\/2022\/03\/WhatsApp-Image-2022-03-19-at-08.17.51-225x300.jpeg 225w\" sizes=\"auto, (max-width: 768px) 100vw, 768px\" \/><\/figure>\n<\/figure>\n\n\n\n<p>Die Hilfe konnte gestern der Grenze den Br\u00fcdern \u00fcbergeben werden. Bis zum ersten Ziel ben\u00f6tigen die Br\u00fcder noch ca. 2 Stunden. Bei der Verteilung im Land ben\u00f6tigen die Geschwister weiter unser Gebet.<\/p>\n\n\n\n<figure class=\"wp-block-gallery has-nested-images columns-default is-cropped wp-block-gallery-26 is-layout-flex wp-block-gallery-is-layout-flex\">\n<figure class=\"wp-block-image size-large\"><img loading=\"lazy\" decoding=\"async\" width=\"1024\" height=\"768\" data-id=\"4070\" src=\"https:\/\/ecg.berlin\/wp-content\/uploads\/2022\/03\/WhatsApp-Image-2022-03-18-at-19.47.45-1024x768.jpeg\" alt=\"\" class=\"wp-image-4070\" srcset=\"https:\/\/ecg.berlin\/wp-content\/uploads\/2022\/03\/WhatsApp-Image-2022-03-18-at-19.47.45-1024x768.jpeg 1024w, https:\/\/ecg.berlin\/wp-content\/uploads\/2022\/03\/WhatsApp-Image-2022-03-18-at-19.47.45-300x225.jpeg 300w, https:\/\/ecg.berlin\/wp-content\/uploads\/2022\/03\/WhatsApp-Image-2022-03-18-at-19.47.45-768x576.jpeg 768w, https:\/\/ecg.berlin\/wp-content\/uploads\/2022\/03\/WhatsApp-Image-2022-03-18-at-19.47.45-1536x1152.jpeg 1536w, https:\/\/ecg.berlin\/wp-content\/uploads\/2022\/03\/WhatsApp-Image-2022-03-18-at-19.47.45.jpeg 1600w\" sizes=\"auto, (max-width: 1024px) 100vw, 1024px\" \/><figcaption class=\"wp-element-caption\">Die Zweite H\u00e4lfte geht morgen fr\u00fch nach Kiew<\/figcaption><\/figure>\n\n\n\n<figure class=\"wp-block-image size-large\"><img loading=\"lazy\" decoding=\"async\" width=\"1024\" height=\"768\" data-id=\"4072\" src=\"https:\/\/ecg.berlin\/wp-content\/uploads\/2022\/03\/WhatsApp-Image-2022-03-18-at-19.45.37.jpeg\" alt=\"\" class=\"wp-image-4072\" srcset=\"https:\/\/ecg.berlin\/wp-content\/uploads\/2022\/03\/WhatsApp-Image-2022-03-18-at-19.45.37.jpeg 1024w, https:\/\/ecg.berlin\/wp-content\/uploads\/2022\/03\/WhatsApp-Image-2022-03-18-at-19.45.37-300x225.jpeg 300w, https:\/\/ecg.berlin\/wp-content\/uploads\/2022\/03\/WhatsApp-Image-2022-03-18-at-19.45.37-768x576.jpeg 768w\" sizes=\"auto, (max-width: 1024px) 100vw, 1024px\" \/><figcaption class=\"wp-element-caption\">Unter den Sitzen, damit auf dem R\u00fcckweg Leute mitgenommen werden k\u00f6nnen.<\/figcaption><\/figure>\n\n\n\n<figure class=\"wp-block-image size-large\"><img loading=\"lazy\" decoding=\"async\" width=\"1024\" height=\"768\" data-id=\"4074\" src=\"https:\/\/ecg.berlin\/wp-content\/uploads\/2022\/03\/WhatsApp-Image-2022-03-18-at-19.40.48-1024x768.jpeg\" alt=\"\" class=\"wp-image-4074\" srcset=\"https:\/\/ecg.berlin\/wp-content\/uploads\/2022\/03\/WhatsApp-Image-2022-03-18-at-19.40.48-1024x768.jpeg 1024w, https:\/\/ecg.berlin\/wp-content\/uploads\/2022\/03\/WhatsApp-Image-2022-03-18-at-19.40.48-300x225.jpeg 300w, https:\/\/ecg.berlin\/wp-content\/uploads\/2022\/03\/WhatsApp-Image-2022-03-18-at-19.40.48-768x576.jpeg 768w, https:\/\/ecg.berlin\/wp-content\/uploads\/2022\/03\/WhatsApp-Image-2022-03-18-at-19.40.48-1536x1152.jpeg 1536w, https:\/\/ecg.berlin\/wp-content\/uploads\/2022\/03\/WhatsApp-Image-2022-03-18-at-19.40.48.jpeg 1600w\" sizes=\"auto, (max-width: 1024px) 100vw, 1024px\" \/><figcaption class=\"wp-element-caption\">Die H\u00e4lfte der Ladung ca. 1150 kg ist bereits unterwegs nach Sumy<\/figcaption><\/figure>\n<\/figure>\n\n\n<div class=\"wp-block-image\">\n<figure class=\"aligncenter size-full is-resized\"><img loading=\"lazy\" decoding=\"async\" src=\"https:\/\/ecg.berlin\/wp-content\/uploads\/2022\/03\/WhatsApp-Image-2022-03-18-at-19.39.58-1.jpeg\" alt=\"\" class=\"wp-image-4076\" width=\"512\" height=\"384\" srcset=\"https:\/\/ecg.berlin\/wp-content\/uploads\/2022\/03\/WhatsApp-Image-2022-03-18-at-19.39.58-1.jpeg 1024w, https:\/\/ecg.berlin\/wp-content\/uploads\/2022\/03\/WhatsApp-Image-2022-03-18-at-19.39.58-1-300x225.jpeg 300w, https:\/\/ecg.berlin\/wp-content\/uploads\/2022\/03\/WhatsApp-Image-2022-03-18-at-19.39.58-1-768x576.jpeg 768w\" sizes=\"auto, (max-width: 512px) 100vw, 512px\" \/><figcaption class=\"wp-element-caption\">Die Lebensmittel, Hygieneartikeln, 1 Stromgenerator, \u2026sind heute in Iwano Frankiwsk angekommen!<\/figcaption><\/figure>\n<\/div>\n\n\n<p><strong>18. M\u00e4rz 2022<\/strong> <\/p>\n\n\n\n<p><a href=\"https:\/\/ecg.berlin\/hilfe-fuer-fluechtlinge-aus-ukraine\/\" data-type=\"post\" data-id=\"3749\">Bei uns<\/a>: Der Sprinter + Anh\u00e4nger mit Lebensmitteln, 300 Exemplare auf ukrainisch &#171;Jesus unser Schicksal&#187;, steht aktuell an der Grenze zur Ukraine. Bitte bettet, dass die \u00dcbergabe an die Br\u00fcder mit den n\u00f6tigen Autos gut abl\u00e4uft und die Hilfe zur Ehre Gottes dient.<\/p>\n\n\n\n<figure class=\"wp-block-embed is-type-video is-provider-youtube wp-block-embed-youtube wp-embed-aspect-4-3 wp-has-aspect-ratio\"><div class=\"wp-block-embed__wrapper\">\n\t\t<div class=\"embed-privacy-container is-disabled embed-youtube\" data-embed-id=\"oembed_dd6761aaa628bf5a0a9f5133f3557867\" data-embed-provider=\"youtube\" style=\"background-image: url(https:\/\/ecg.berlin\/wp-content\/uploads\/embed-privacy\/thumbnails\/youtube-Ck2dE2IWVPs-maxresdefault.jpg?ver=1.12.3); aspect-ratio: 770\/578;\">\t\t\t\t\t\t<button type=\"button\" class=\"embed-privacy-enable screen-reader-text\">Display &quot;Transport von Literatur und Nahrung zu Geschwistern in der Ukraine&quot; from YouTube<\/button>\t\t\t\t\t\t<div class=\"embed-privacy-overlay\">\t\t\t\t<div class=\"embed-privacy-inner\">\t\t\t\t\t<div class=\"embed-privacy-logo\" style=\"background-image: url(https:\/\/ecg.berlin\/wp-content\/plugins\/embed-privacy\/assets\/images\/embed-youtube.png?ver=1.12.3);\"><\/div>\t\t<p>\t\tHier klicken, um den Inhalt von YouTube anzuzeigen.\t\t\t\t\t<br>\t\t\t\t\tLearn more in <a href=\"https:\/\/policies.google.com\/privacy?hl=de\" target=\"_blank\">YouTube\u2019s privacy policy<\/a>.\t\t<\/p>\t\t<p class=\"embed-privacy-input-wrapper\">\t\t\t<input id=\"embed-privacy-store-youtube-dd6761aaa628bf5a0a9f5133f3557867\" type=\"checkbox\" value=\"1\" class=\"embed-privacy-input\" data-embed-provider=\"youtube\">\t\t\t<label for=\"embed-privacy-store-youtube-dd6761aaa628bf5a0a9f5133f3557867\" class=\"embed-privacy-label\" data-embed-provider=\"youtube\">\t\t\t\tAlways display content from YouTube\t\t\t<\/label>\t\t<\/p>\t\t\t\t\t\t<\/div>\t\t\t\t\t\t\t\t<div class=\"embed-privacy-footer\"><span class=\"embed-privacy-url\"><a href=\"https:\/\/youtu.be\/Ck2dE2IWVPs\">Open &quot;Transport von Literatur und Nahrung zu Geschwistern in der Ukraine&quot; directly<\/a><\/span><\/div>\t\t\t<\/div>\t\t\t\t\t\t<div class=\"embed-privacy-content\">\t\t\t\t<script>var _oembed_dd6761aaa628bf5a0a9f5133f3557867 = '{\\\"embed\\\":\\\"&lt;iframe title=&quot;Transport von Literatur und Nahrung zu Geschwistern in der Ukraine&quot; width=&quot;770&quot; height=&quot;578&quot; src=&quot;https:\\\\\/\\\\\/www.youtube-nocookie.com\\\\\/embed\\\\\/Ck2dE2IWVPs?feature=oembed&quot; frameborder=&quot;0&quot; allow=&quot;accelerometer; autoplay; clipboard-write; encrypted-media; gyroscope; picture-in-picture; web-share&quot; allowfullscreen&gt;&lt;\\\\\/iframe&gt;\\\"}';<\/script>\t\t\t<\/div>\t\t<\/div>\t\t\n<\/div><\/figure>\n\n\n\n<p><a href=\"https:\/\/ecg.berlin\/kindermissionarin-svetlana-rabokon\/\" data-type=\"post\" data-id=\"377\">Svetlana<\/a>: Guten Morgen! Preist den Herrn f\u00fcr das Licht und die Freude in der Seele. Lasst uns weiter flei\u00dfig sein! Mit Gottes Schutz, Gottes Hilfe und Gottes F\u00fchrung. Heute sind wir noch dabei, unsere Lebensmittelpakete zu schn\u00fcren. Es sind neue Bed\u00fcrfnisse hinzugekommen &#8212; die Hygiene. Deshalb kaufe ich zus\u00e4tzlich Reinigungsmittel ein! M\u00f6ge Gott, jeden der hilft, segnen!<\/p>\n\n\n\n<figure class=\"wp-block-gallery has-nested-images columns-default is-cropped wp-block-gallery-27 is-layout-flex wp-block-gallery-is-layout-flex\">\n<figure class=\"wp-block-image size-large\"><img loading=\"lazy\" decoding=\"async\" width=\"768\" height=\"1024\" data-id=\"4053\" src=\"https:\/\/ecg.berlin\/wp-content\/uploads\/2022\/03\/WhatsApp-Image-2022-03-18-at-08.02.39-768x1024.jpeg\" alt=\"\" class=\"wp-image-4053\" srcset=\"https:\/\/ecg.berlin\/wp-content\/uploads\/2022\/03\/WhatsApp-Image-2022-03-18-at-08.02.39-768x1024.jpeg 768w, https:\/\/ecg.berlin\/wp-content\/uploads\/2022\/03\/WhatsApp-Image-2022-03-18-at-08.02.39-225x300.jpeg 225w, https:\/\/ecg.berlin\/wp-content\/uploads\/2022\/03\/WhatsApp-Image-2022-03-18-at-08.02.39.jpeg 900w\" sizes=\"auto, (max-width: 768px) 100vw, 768px\" \/><\/figure>\n\n\n\n<figure class=\"wp-block-image size-large\"><img loading=\"lazy\" decoding=\"async\" width=\"768\" height=\"1024\" data-id=\"4055\" src=\"https:\/\/ecg.berlin\/wp-content\/uploads\/2022\/03\/WhatsApp-Image-2022-03-18-at-08.03.11-768x1024.jpeg\" alt=\"\" class=\"wp-image-4055\" srcset=\"https:\/\/ecg.berlin\/wp-content\/uploads\/2022\/03\/WhatsApp-Image-2022-03-18-at-08.03.11-768x1024.jpeg 768w, https:\/\/ecg.berlin\/wp-content\/uploads\/2022\/03\/WhatsApp-Image-2022-03-18-at-08.03.11-225x300.jpeg 225w, https:\/\/ecg.berlin\/wp-content\/uploads\/2022\/03\/WhatsApp-Image-2022-03-18-at-08.03.11.jpeg 900w\" sizes=\"auto, (max-width: 768px) 100vw, 768px\" \/><\/figure>\n<\/figure>\n\n\n<div class=\"wp-block-image\">\n<figure class=\"aligncenter size-full is-resized\"><img loading=\"lazy\" decoding=\"async\" src=\"https:\/\/ecg.berlin\/wp-content\/uploads\/2022\/03\/WhatsApp-Image-2022-03-18-at-21.09.20.jpeg\" alt=\"\" class=\"wp-image-4078\" width=\"512\" height=\"384\" srcset=\"https:\/\/ecg.berlin\/wp-content\/uploads\/2022\/03\/WhatsApp-Image-2022-03-18-at-21.09.20.jpeg 1024w, https:\/\/ecg.berlin\/wp-content\/uploads\/2022\/03\/WhatsApp-Image-2022-03-18-at-21.09.20-300x225.jpeg 300w, https:\/\/ecg.berlin\/wp-content\/uploads\/2022\/03\/WhatsApp-Image-2022-03-18-at-21.09.20-768x576.jpeg 768w\" sizes=\"auto, (max-width: 512px) 100vw, 512px\" \/><figcaption class=\"wp-element-caption\">Bei uns: Hilfe bei der Registrierung in Berlin<\/figcaption><\/figure>\n<\/div>\n\n\n<p><strong>17. M\u00e4rz 2022<\/strong> <\/p>\n\n\n\n<p><a href=\"https:\/\/ecg.berlin\/hilfe-fuer-fluechtlinge-aus-ukraine\/\" data-type=\"post\" data-id=\"3749\">Bei uns<\/a>: Der Sprinter ist heute morgen zum dritten Mal los gefahren mit Lebensmitteln und Literatur.<\/p>\n\n\n\n<p><a href=\"https:\/\/ecg.berlin\/kindermissionarin-svetlana-rabokon\/\">Svetlana<\/a>: Die Nacht konnte man wegen des st\u00e4ndigen Alarms kaum schlafen. Ich wollte eigentlich nicht runter in den Keller gehen. Aber Gott gibt immer das Bewusstsein, dass viele M\u00f6glichkeiten im Keller bestehen, \u00fcber Gott mit den Menschen dort zu sprechen. Wenn wir im Keller sitzen, sehe ich die N\u00f6te der Menschen und kann sie auf Gott hinweisen. Ich darf gerade viel \u00fcber das Gebet lernen. Ich lese derzeit eine Biografie von Bonhoeffer. Er schreibt, dass das Beten ein Lernprozess ist. Wie ein Kind durch das Reden mit seinem Vater das Reden lernt. Ich merke aber auch, dass sich die Kr\u00e4fte nach so einer langen Zeit des Krieges sich dem Ende zu neigen. Ich darf aber immer und immer wieder die Kraft im Herrn und in Ihm allein sch\u00f6pfen. Ich sch\u00f6pfte Kraft in seinen Verhei\u00dfungen, in seinem Wort.&nbsp;<br>Zu Ostern hatte ich eigentlich vor, unter euch zu sein. Ich hatte Tickets. Aber der Himmel ist gerade nicht f\u00fcr Flugzeuge verf\u00fcgbar. Mir zerrei\u00dft es besonders das Herz, dass einige Kinder in den Waisenh\u00e4usern wegen dieser Lage leiden m\u00fcssen. Die Lebensmittelkosten verdoppeln sich von Woche zu Woche. Ich freue mich aber sehr, dass ich euch habe. Ich bin sehr dankbar f\u00fcr die Unterst\u00fctzung. Gerne w\u00e4re ich unter euch. Aber ich merke auch, dass wir uns gerade in dieser Situation so nahe sind, wie nie zuvor.&nbsp;<\/p>\n\n\n\n<p><a href=\"https:\/\/ecg.berlin\/freizeitheim-wollin\/\" data-type=\"post\" data-id=\"1902\">Freizeitheim<\/a> <a href=\"https:\/\/ecg.berlin\/freizeitheim-wollin\/\">Wollin<\/a>: Die Waschmaschinen wurden f\u00fcr die zuk\u00fcnftige Wohnung gespendet und wurden eben abgeschlossen. Der Abschiedsbrief ist von den zwei jungen M\u00fcttern und ihren Kindern, die weiter gereist sind.<\/p>\n\n\n\n<figure class=\"wp-block-gallery has-nested-images columns-default is-cropped wp-block-gallery-28 is-layout-flex wp-block-gallery-is-layout-flex\">\n<figure class=\"wp-block-image size-large\"><img loading=\"lazy\" decoding=\"async\" width=\"576\" height=\"1024\" data-id=\"4047\" src=\"https:\/\/ecg.berlin\/wp-content\/uploads\/2022\/03\/WhatsApp-Image-2022-03-17-at-09.56.02-1-576x1024.jpeg\" alt=\"\" class=\"wp-image-4047\" srcset=\"https:\/\/ecg.berlin\/wp-content\/uploads\/2022\/03\/WhatsApp-Image-2022-03-17-at-09.56.02-1-576x1024.jpeg 576w, https:\/\/ecg.berlin\/wp-content\/uploads\/2022\/03\/WhatsApp-Image-2022-03-17-at-09.56.02-1-169x300.jpeg 169w, https:\/\/ecg.berlin\/wp-content\/uploads\/2022\/03\/WhatsApp-Image-2022-03-17-at-09.56.02-1.jpeg 675w\" sizes=\"auto, (max-width: 576px) 100vw, 576px\" \/><\/figure>\n\n\n\n<figure class=\"wp-block-image size-large\"><img loading=\"lazy\" decoding=\"async\" width=\"576\" height=\"1024\" data-id=\"4045\" src=\"https:\/\/ecg.berlin\/wp-content\/uploads\/2022\/03\/WhatsApp-Image-2022-03-17-at-09.56.02-576x1024.jpeg\" alt=\"\" class=\"wp-image-4045\" srcset=\"https:\/\/ecg.berlin\/wp-content\/uploads\/2022\/03\/WhatsApp-Image-2022-03-17-at-09.56.02-576x1024.jpeg 576w, https:\/\/ecg.berlin\/wp-content\/uploads\/2022\/03\/WhatsApp-Image-2022-03-17-at-09.56.02-169x300.jpeg 169w, https:\/\/ecg.berlin\/wp-content\/uploads\/2022\/03\/WhatsApp-Image-2022-03-17-at-09.56.02.jpeg 675w\" sizes=\"auto, (max-width: 576px) 100vw, 576px\" \/><\/figure>\n<\/figure>\n\n\n<div class=\"wp-block-image\">\n<figure class=\"aligncenter size-large is-resized\"><img loading=\"lazy\" decoding=\"async\" src=\"https:\/\/ecg.berlin\/wp-content\/uploads\/2022\/03\/WhatsApp-Image-2022-03-17-at-21.26.12-1024x576.jpeg\" alt=\"\" class=\"wp-image-4057\" width=\"512\" height=\"288\" srcset=\"https:\/\/ecg.berlin\/wp-content\/uploads\/2022\/03\/WhatsApp-Image-2022-03-17-at-21.26.12-1024x576.jpeg 1024w, https:\/\/ecg.berlin\/wp-content\/uploads\/2022\/03\/WhatsApp-Image-2022-03-17-at-21.26.12-300x169.jpeg 300w, https:\/\/ecg.berlin\/wp-content\/uploads\/2022\/03\/WhatsApp-Image-2022-03-17-at-21.26.12-768x432.jpeg 768w, https:\/\/ecg.berlin\/wp-content\/uploads\/2022\/03\/WhatsApp-Image-2022-03-17-at-21.26.12.jpeg 1280w\" sizes=\"auto, (max-width: 512px) 100vw, 512px\" \/><figcaption class=\"wp-element-caption\">Frau Seeger von der Caritas \u00fcbernimmt mit ihrer \u00dcbersetzerin die Anmeldung unserer G\u00e4ste im <a href=\"https:\/\/ecg.berlin\/freizeitheim-wollin\/\" data-type=\"post\" data-id=\"1902\">Freizeitheim<\/a> am sp\u00e4ten Abend<\/figcaption><\/figure>\n<\/div>\n\n\n<p><strong>16. M\u00e4rz 2022<\/strong> von <a href=\"https:\/\/ecg.berlin\/kindermissionarin-svetlana-rabokon\/\" data-type=\"post\" data-id=\"377\">Svetlana<\/a><\/p>\n\n\n\n<p>Wir sind einsatzbereit! &#171;Wenn wir Gutes tun, lassen wir uns nicht entmutigen\u2026&#187; 30 neue Lebensmittelpakete wurden vorbereitet und verteilt.<\/p>\n\n\n<div class=\"wp-block-image\">\n<figure class=\"aligncenter size-large is-resized\"><img loading=\"lazy\" decoding=\"async\" src=\"https:\/\/ecg.berlin\/wp-content\/uploads\/2022\/03\/WhatsApp-Image-2022-03-16-at-10.15.14-768x1024.jpeg\" alt=\"\" class=\"wp-image-4006\" width=\"384\" height=\"512\" srcset=\"https:\/\/ecg.berlin\/wp-content\/uploads\/2022\/03\/WhatsApp-Image-2022-03-16-at-10.15.14-768x1024.jpeg 768w, https:\/\/ecg.berlin\/wp-content\/uploads\/2022\/03\/WhatsApp-Image-2022-03-16-at-10.15.14-225x300.jpeg 225w, https:\/\/ecg.berlin\/wp-content\/uploads\/2022\/03\/WhatsApp-Image-2022-03-16-at-10.15.14.jpeg 900w\" sizes=\"auto, (max-width: 384px) 100vw, 384px\" \/><figcaption class=\"wp-element-caption\">Svetlana Rabokon in der Ukraine<\/figcaption><\/figure>\n<\/div>\n\n\n<figure class=\"wp-block-gallery has-nested-images columns-default is-cropped wp-block-gallery-29 is-layout-flex wp-block-gallery-is-layout-flex\">\n<figure class=\"wp-block-image size-large\"><img loading=\"lazy\" decoding=\"async\" width=\"768\" height=\"1024\" data-id=\"4024\" src=\"https:\/\/ecg.berlin\/wp-content\/uploads\/2022\/03\/275700936_4724385624356351_1945329456580694138_n-768x1024.jpg\" alt=\"\" class=\"wp-image-4024\" srcset=\"https:\/\/ecg.berlin\/wp-content\/uploads\/2022\/03\/275700936_4724385624356351_1945329456580694138_n-768x1024.jpg 768w, https:\/\/ecg.berlin\/wp-content\/uploads\/2022\/03\/275700936_4724385624356351_1945329456580694138_n-225x300.jpg 225w, https:\/\/ecg.berlin\/wp-content\/uploads\/2022\/03\/275700936_4724385624356351_1945329456580694138_n.jpg 900w\" sizes=\"auto, (max-width: 768px) 100vw, 768px\" \/><\/figure>\n\n\n\n<figure class=\"wp-block-image size-large\"><img loading=\"lazy\" decoding=\"async\" width=\"768\" height=\"1024\" data-id=\"4026\" src=\"https:\/\/ecg.berlin\/wp-content\/uploads\/2022\/03\/275991911_4724386317689615_5174923395089561978_n-768x1024.jpg\" alt=\"\" class=\"wp-image-4026\" srcset=\"https:\/\/ecg.berlin\/wp-content\/uploads\/2022\/03\/275991911_4724386317689615_5174923395089561978_n-768x1024.jpg 768w, https:\/\/ecg.berlin\/wp-content\/uploads\/2022\/03\/275991911_4724386317689615_5174923395089561978_n-225x300.jpg 225w, https:\/\/ecg.berlin\/wp-content\/uploads\/2022\/03\/275991911_4724386317689615_5174923395089561978_n.jpg 900w\" sizes=\"auto, (max-width: 768px) 100vw, 768px\" \/><\/figure>\n\n\n\n<figure class=\"wp-block-image size-large\"><img loading=\"lazy\" decoding=\"async\" width=\"768\" height=\"1024\" data-id=\"4038\" src=\"https:\/\/ecg.berlin\/wp-content\/uploads\/2022\/03\/276036034_4724385984356315_6807407803994857523_n-768x1024.jpg\" alt=\"\" class=\"wp-image-4038\" srcset=\"https:\/\/ecg.berlin\/wp-content\/uploads\/2022\/03\/276036034_4724385984356315_6807407803994857523_n-768x1024.jpg 768w, https:\/\/ecg.berlin\/wp-content\/uploads\/2022\/03\/276036034_4724385984356315_6807407803994857523_n-225x300.jpg 225w, https:\/\/ecg.berlin\/wp-content\/uploads\/2022\/03\/276036034_4724385984356315_6807407803994857523_n.jpg 900w\" sizes=\"auto, (max-width: 768px) 100vw, 768px\" \/><\/figure>\n\n\n\n<figure class=\"wp-block-image size-large\"><img loading=\"lazy\" decoding=\"async\" width=\"1024\" height=\"768\" data-id=\"4034\" src=\"https:\/\/ecg.berlin\/wp-content\/uploads\/2022\/03\/275969503_4724386581022922_6270088262389737406_n-1024x768.jpg\" alt=\"\" class=\"wp-image-4034\" srcset=\"https:\/\/ecg.berlin\/wp-content\/uploads\/2022\/03\/275969503_4724386581022922_6270088262389737406_n-1024x768.jpg 1024w, https:\/\/ecg.berlin\/wp-content\/uploads\/2022\/03\/275969503_4724386581022922_6270088262389737406_n-300x225.jpg 300w, https:\/\/ecg.berlin\/wp-content\/uploads\/2022\/03\/275969503_4724386581022922_6270088262389737406_n-768x576.jpg 768w, https:\/\/ecg.berlin\/wp-content\/uploads\/2022\/03\/275969503_4724386581022922_6270088262389737406_n-1536x1152.jpg 1536w, https:\/\/ecg.berlin\/wp-content\/uploads\/2022\/03\/275969503_4724386581022922_6270088262389737406_n.jpg 1600w\" sizes=\"auto, (max-width: 1024px) 100vw, 1024px\" \/><\/figure>\n\n\n\n<figure class=\"wp-block-image size-large\"><img loading=\"lazy\" decoding=\"async\" width=\"768\" height=\"1024\" data-id=\"4030\" src=\"https:\/\/ecg.berlin\/wp-content\/uploads\/2022\/03\/275730355_4724386721022908_575476240191901632_n-768x1024.jpg\" alt=\"\" class=\"wp-image-4030\" srcset=\"https:\/\/ecg.berlin\/wp-content\/uploads\/2022\/03\/275730355_4724386721022908_575476240191901632_n-768x1024.jpg 768w, https:\/\/ecg.berlin\/wp-content\/uploads\/2022\/03\/275730355_4724386721022908_575476240191901632_n-225x300.jpg 225w, https:\/\/ecg.berlin\/wp-content\/uploads\/2022\/03\/275730355_4724386721022908_575476240191901632_n.jpg 900w\" sizes=\"auto, (max-width: 768px) 100vw, 768px\" \/><\/figure>\n\n\n\n<figure class=\"wp-block-image size-large\"><img loading=\"lazy\" decoding=\"async\" width=\"918\" height=\"1024\" data-id=\"4036\" src=\"https:\/\/ecg.berlin\/wp-content\/uploads\/2022\/03\/275845761_4724387204356193_7884128627089102132_n-918x1024.jpg\" alt=\"\" class=\"wp-image-4036\" srcset=\"https:\/\/ecg.berlin\/wp-content\/uploads\/2022\/03\/275845761_4724387204356193_7884128627089102132_n-918x1024.jpg 918w, https:\/\/ecg.berlin\/wp-content\/uploads\/2022\/03\/275845761_4724387204356193_7884128627089102132_n-269x300.jpg 269w, https:\/\/ecg.berlin\/wp-content\/uploads\/2022\/03\/275845761_4724387204356193_7884128627089102132_n-768x857.jpg 768w, https:\/\/ecg.berlin\/wp-content\/uploads\/2022\/03\/275845761_4724387204356193_7884128627089102132_n.jpg 1076w\" sizes=\"auto, (max-width: 918px) 100vw, 918px\" \/><\/figure>\n\n\n\n<figure class=\"wp-block-image size-large\"><img loading=\"lazy\" decoding=\"async\" width=\"1024\" height=\"768\" data-id=\"4040\" src=\"https:\/\/ecg.berlin\/wp-content\/uploads\/2022\/03\/275924639_4724386247689622_5549801909601347451_n-1024x768.jpg\" alt=\"\" class=\"wp-image-4040\" srcset=\"https:\/\/ecg.berlin\/wp-content\/uploads\/2022\/03\/275924639_4724386247689622_5549801909601347451_n-1024x768.jpg 1024w, https:\/\/ecg.berlin\/wp-content\/uploads\/2022\/03\/275924639_4724386247689622_5549801909601347451_n-300x225.jpg 300w, https:\/\/ecg.berlin\/wp-content\/uploads\/2022\/03\/275924639_4724386247689622_5549801909601347451_n-768x576.jpg 768w, https:\/\/ecg.berlin\/wp-content\/uploads\/2022\/03\/275924639_4724386247689622_5549801909601347451_n-1536x1152.jpg 1536w, https:\/\/ecg.berlin\/wp-content\/uploads\/2022\/03\/275924639_4724386247689622_5549801909601347451_n.jpg 1600w\" sizes=\"auto, (max-width: 1024px) 100vw, 1024px\" \/><\/figure>\n\n\n\n<figure class=\"wp-block-image size-large\"><img loading=\"lazy\" decoding=\"async\" width=\"1024\" height=\"768\" data-id=\"4032\" src=\"https:\/\/ecg.berlin\/wp-content\/uploads\/2022\/03\/275668879_4724386697689577_9173148845653423504_n-1024x768.jpg\" alt=\"\" class=\"wp-image-4032\" srcset=\"https:\/\/ecg.berlin\/wp-content\/uploads\/2022\/03\/275668879_4724386697689577_9173148845653423504_n-1024x768.jpg 1024w, https:\/\/ecg.berlin\/wp-content\/uploads\/2022\/03\/275668879_4724386697689577_9173148845653423504_n-300x225.jpg 300w, https:\/\/ecg.berlin\/wp-content\/uploads\/2022\/03\/275668879_4724386697689577_9173148845653423504_n-768x576.jpg 768w, https:\/\/ecg.berlin\/wp-content\/uploads\/2022\/03\/275668879_4724386697689577_9173148845653423504_n-1536x1152.jpg 1536w, https:\/\/ecg.berlin\/wp-content\/uploads\/2022\/03\/275668879_4724386697689577_9173148845653423504_n.jpg 1600w\" sizes=\"auto, (max-width: 1024px) 100vw, 1024px\" \/><\/figure>\n\n\n\n<figure class=\"wp-block-image size-large\"><img loading=\"lazy\" decoding=\"async\" width=\"768\" height=\"1024\" data-id=\"4027\" src=\"https:\/\/ecg.berlin\/wp-content\/uploads\/2022\/03\/275559102_4724386624356251_2063282098341970_n-768x1024.jpg\" alt=\"\" class=\"wp-image-4027\" srcset=\"https:\/\/ecg.berlin\/wp-content\/uploads\/2022\/03\/275559102_4724386624356251_2063282098341970_n-768x1024.jpg 768w, https:\/\/ecg.berlin\/wp-content\/uploads\/2022\/03\/275559102_4724386624356251_2063282098341970_n-225x300.jpg 225w, https:\/\/ecg.berlin\/wp-content\/uploads\/2022\/03\/275559102_4724386624356251_2063282098341970_n.jpg 900w\" sizes=\"auto, (max-width: 768px) 100vw, 768px\" \/><\/figure>\n<\/figure>\n\n\n\n<figure class=\"wp-block-gallery has-nested-images columns-default is-cropped wp-block-gallery-30 is-layout-flex wp-block-gallery-is-layout-flex\">\n<figure class=\"wp-block-image size-large\"><img loading=\"lazy\" decoding=\"async\" width=\"1024\" height=\"484\" data-id=\"4012\" src=\"https:\/\/ecg.berlin\/wp-content\/uploads\/2022\/03\/F9FF7CBF-CAE7-45A8-BEA4-10C0C0C422B4-1024x484.jpeg\" alt=\"\" class=\"wp-image-4012\" srcset=\"https:\/\/ecg.berlin\/wp-content\/uploads\/2022\/03\/F9FF7CBF-CAE7-45A8-BEA4-10C0C0C422B4-1024x484.jpeg 1024w, https:\/\/ecg.berlin\/wp-content\/uploads\/2022\/03\/F9FF7CBF-CAE7-45A8-BEA4-10C0C0C422B4-300x142.jpeg 300w, https:\/\/ecg.berlin\/wp-content\/uploads\/2022\/03\/F9FF7CBF-CAE7-45A8-BEA4-10C0C0C422B4-768x363.jpeg 768w, https:\/\/ecg.berlin\/wp-content\/uploads\/2022\/03\/F9FF7CBF-CAE7-45A8-BEA4-10C0C0C422B4-1536x727.jpeg 1536w, https:\/\/ecg.berlin\/wp-content\/uploads\/2022\/03\/F9FF7CBF-CAE7-45A8-BEA4-10C0C0C422B4.jpeg 1600w\" sizes=\"auto, (max-width: 1024px) 100vw, 1024px\" \/><figcaption class=\"wp-element-caption\">Diesen Menschen konnten wir heute dienen.<\/figcaption><\/figure>\n\n\n\n<figure class=\"wp-block-image size-large\"><img loading=\"lazy\" decoding=\"async\" width=\"1024\" height=\"484\" data-id=\"4010\" src=\"https:\/\/ecg.berlin\/wp-content\/uploads\/2022\/03\/136E08BB-0965-44A8-B206-CDA3B47156F8-1024x484.jpeg\" alt=\"\" class=\"wp-image-4010\" srcset=\"https:\/\/ecg.berlin\/wp-content\/uploads\/2022\/03\/136E08BB-0965-44A8-B206-CDA3B47156F8-1024x484.jpeg 1024w, https:\/\/ecg.berlin\/wp-content\/uploads\/2022\/03\/136E08BB-0965-44A8-B206-CDA3B47156F8-300x142.jpeg 300w, https:\/\/ecg.berlin\/wp-content\/uploads\/2022\/03\/136E08BB-0965-44A8-B206-CDA3B47156F8-768x363.jpeg 768w, https:\/\/ecg.berlin\/wp-content\/uploads\/2022\/03\/136E08BB-0965-44A8-B206-CDA3B47156F8-1536x727.jpeg 1536w, https:\/\/ecg.berlin\/wp-content\/uploads\/2022\/03\/136E08BB-0965-44A8-B206-CDA3B47156F8.jpeg 1600w\" sizes=\"auto, (max-width: 1024px) 100vw, 1024px\" \/><\/figure>\n\n\n\n<figure class=\"wp-block-image size-large\"><img loading=\"lazy\" decoding=\"async\" width=\"768\" height=\"1024\" data-id=\"4018\" src=\"https:\/\/ecg.berlin\/wp-content\/uploads\/2022\/03\/BE753912-C081-4C44-AA31-7DF708A63661-768x1024.jpeg\" alt=\"\" class=\"wp-image-4018\" srcset=\"https:\/\/ecg.berlin\/wp-content\/uploads\/2022\/03\/BE753912-C081-4C44-AA31-7DF708A63661-768x1024.jpeg 768w, https:\/\/ecg.berlin\/wp-content\/uploads\/2022\/03\/BE753912-C081-4C44-AA31-7DF708A63661-225x300.jpeg 225w, https:\/\/ecg.berlin\/wp-content\/uploads\/2022\/03\/BE753912-C081-4C44-AA31-7DF708A63661.jpeg 900w\" sizes=\"auto, (max-width: 768px) 100vw, 768px\" \/><\/figure>\n<\/figure>\n\n\n\n<p><strong>15. M\u00e4rz 2022<\/strong> von <a href=\"https:\/\/ecg.berlin\/kindermissionarin-svetlana-rabokon\/\" data-type=\"post\" data-id=\"377\">Svetlana<\/a><\/p>\n\n\n\n<p>Guten Morgen von uns aus der Ukraine. Warum sage ich &#171;von uns&#187;? Weil ich mich zuallererst im Namen der Leute bedanken m\u00f6chte, mit denen ich hier zusammenarbeite. Wir danken euch allen f\u00fcr die Ressourcen, die wir jetzt von euch bekommen und die ihr dort einsetzt, damit wir diese Hilfe f\u00fcr Kinder in so schwierigen Umst\u00e4nden f\u00fcr ihre Familien leisten k\u00f6nnen, die nirgendwo hingehen\/nicht evakuiert werden k\u00f6nnen. Sie sind in abgelegenen D\u00f6rfern und k\u00f6nnen nicht einmal das n\u00e4chste Ortszentrum erreichen. Und seit letzter Woche gab es F\u00e4lle, dass einige Menschen von dieser Hilfe erfuhren und 12 Kilometer zu Fu\u00df gingen, um die Lebensmittelpakete zu erhalten.&nbsp;W\u00e4hrend ich dieses Video aufnehme, bin ich gerade aus einer solchen Siedlung zur\u00fcckgekehrt, die sich immer noch im Grenzgebiet zu Transnistrien befindet. Ich bin gerade hier angekommen und jetzt ist der Alarm losgegangen, aber ich bin nicht in den Keller gegangen, weil das immer sehr schwierig ist und wir schon zu m\u00fcde sind, um hierhin und dorthin zu laufen. Ich habe gemerkt, dass sich die Leute an den Alarm gew\u00f6hnen und manchmal gar nicht auf die Signale reagieren. Das Leben geht weiter, die Gesch\u00e4fte und verschiedenen Beh\u00f6rden arbeiten weiter und der Alltag geht aktiv weiter, obwohl der Bombenalarm ert\u00f6nt.&nbsp;<\/p>\n\n\n\n<p>Ich konnte wichtige Dinge erledigen: Zuerst konnte ich \u00fcber das Evangelium und \u00fcber Gott sprechen. In letzter Zeit h\u00f6re ich sehr oft die Frage: &#171;Wo ist Gott und was macht er?&#187; Und in diesem Fall stelle ich den Leuten einfach eine Gegenfrage, bevor ich antworte, wo Gott ist. Ich sage, dass mein Gott an seinem Platz ist. \u201eEr ist bei mir und ich habe eine Frage an dich: &#171;Von welchem Gott sprichst du? Vielleicht haben wir ein unterschiedliches Verst\u00e4ndnis von der Gegenwart Gottes in unserem Leben, vielleicht hast du einen anderen Namen f\u00fcr diesen Gott.&#187;\u201c Und diese Frage versetzt die Menschen in einen sehr n\u00fcchternen Zustand, wenn sie erkennen, dass sie im Grunde genommen gar keinen Gott haben.<\/p>\n\n\n\n<p>Ich bin dankbar, dass wir reden k\u00f6nnen. Wir waren heute gerade in einem Dorf \u2013 ich kann dir nicht alle Bilder zeigen \u2013 aber es waren dort 20 Leute, mit denen wir reden konnten, und Personen von der \u00f6rtlichen Verwaltung. Die Menschen sind offen, sie wollen beten, sie wollen das Wort Gottes h\u00f6ren und es richtig in ihrem Leben anwenden. Weil Gott nicht nur will, dass wir die Schrift lesen oder uns mit dem Text und dem Inhalt vertraut machen, sondern er will, dass uns dieser Inhalt erf\u00fcllt und uns ver\u00e4ndert.&nbsp;<\/p>\n\n\n\n<p>Wir hatten auch die Gelegenheit, ein paar Kinder zu treffen und mit ihnen zu reden.&nbsp; Und hier, um es kurz zusammenzufassen, reicht das Video nicht aus, um ein richtiges Bild von der Arbeit hier zu \u00fcbermitteln. Und ich bin sehr dankbar, dass ihr diese Informationen nutzt, sie verbreitet und so &nbsp;Menschen wissen lasst, was vor sich geht. Ich bete f\u00fcr euch. Ich bete auch f\u00fcr die Menschen in Deutschland, die jetzt mit Fl\u00fcchtlingen arbeiten, denn es kostet euch jetzt etwas und es ist hart. Ihr werdet vielleicht mit Undankbarkeit konfrontiert werden.&nbsp;<\/p>\n\n\n\n<p>Aber ich m\u00f6chte sagen, dass wir Menschen begegnen, die durch diesen Krieg traumatisiert sind und nicht wissen, wie sie Gott danken sollen. Wir m\u00fcssen mit Geduld und Verst\u00e4ndnis auf alle Fragen reagieren, wenn jemand unzufrieden ist, dass er in einem Gemeinschaftsraum oder etwas anderem leben soll. Lasst uns einen Wischmopp in die Hand nehmen, still darauf reagieren, ins Gebet gehen und etwas dagegen tun.&nbsp;<\/p>\n\n\n\n<p>Danke f\u00fcr alles, Br\u00fcder und Schwestern, ich umarme euch alle und liebe euch. Ich wei\u00df, dass ihr mit mir und den Menschen in der Ukraine seid, und ich wei\u00df, dass Gott jede Situation beherrscht. Ich hoffe, dass wir diese Arbeit fortsetzen werden und dass die Dinge, die wir jetzt tun, die Situation f\u00fcr einige Menschen oder zumindest f\u00fcr ihre Familien ver\u00e4ndern. Das tut es auf jeden Fall und ich bin froh dar\u00fcber. Gott sei mit euch. <a href=\"https:\/\/ecg.berlin\/kindermissionarin-svetlana-rabokon\/\" data-type=\"post\" data-id=\"377\">Svetlana<\/a><\/p>\n\n\n\n<figure class=\"wp-block-gallery has-nested-images columns-default is-cropped wp-block-gallery-31 is-layout-flex wp-block-gallery-is-layout-flex\">\n<figure class=\"wp-block-image size-large\"><img loading=\"lazy\" decoding=\"async\" width=\"1024\" height=\"768\" data-id=\"3950\" src=\"https:\/\/ecg.berlin\/wp-content\/uploads\/2022\/03\/WhatsApp-Image-2022-03-15-at-16.08.20.jpeg\" alt=\"\" class=\"wp-image-3950\" srcset=\"https:\/\/ecg.berlin\/wp-content\/uploads\/2022\/03\/WhatsApp-Image-2022-03-15-at-16.08.20.jpeg 1024w, https:\/\/ecg.berlin\/wp-content\/uploads\/2022\/03\/WhatsApp-Image-2022-03-15-at-16.08.20-300x225.jpeg 300w, https:\/\/ecg.berlin\/wp-content\/uploads\/2022\/03\/WhatsApp-Image-2022-03-15-at-16.08.20-768x576.jpeg 768w\" sizes=\"auto, (max-width: 1024px) 100vw, 1024px\" \/><\/figure>\n\n\n\n<figure class=\"wp-block-image size-large\"><img loading=\"lazy\" decoding=\"async\" width=\"768\" height=\"1024\" data-id=\"3952\" src=\"https:\/\/ecg.berlin\/wp-content\/uploads\/2022\/03\/WhatsApp-Image-2022-03-15-at-16.08.23-3.jpeg\" alt=\"\" class=\"wp-image-3952\" srcset=\"https:\/\/ecg.berlin\/wp-content\/uploads\/2022\/03\/WhatsApp-Image-2022-03-15-at-16.08.23-3.jpeg 768w, https:\/\/ecg.berlin\/wp-content\/uploads\/2022\/03\/WhatsApp-Image-2022-03-15-at-16.08.23-3-225x300.jpeg 225w\" sizes=\"auto, (max-width: 768px) 100vw, 768px\" \/><\/figure>\n\n\n\n<figure class=\"wp-block-image size-large\"><img loading=\"lazy\" decoding=\"async\" width=\"768\" height=\"1024\" data-id=\"3960\" src=\"https:\/\/ecg.berlin\/wp-content\/uploads\/2022\/03\/WhatsApp-Image-2022-03-15-at-16.08.23.jpeg\" alt=\"\" class=\"wp-image-3960\" srcset=\"https:\/\/ecg.berlin\/wp-content\/uploads\/2022\/03\/WhatsApp-Image-2022-03-15-at-16.08.23.jpeg 768w, https:\/\/ecg.berlin\/wp-content\/uploads\/2022\/03\/WhatsApp-Image-2022-03-15-at-16.08.23-225x300.jpeg 225w\" sizes=\"auto, (max-width: 768px) 100vw, 768px\" \/><\/figure>\n\n\n\n<figure class=\"wp-block-image size-large\"><img loading=\"lazy\" decoding=\"async\" width=\"768\" height=\"1024\" data-id=\"3975\" src=\"https:\/\/ecg.berlin\/wp-content\/uploads\/2022\/03\/WhatsApp-Image-2022-03-15-at-16.08.22-4.jpeg\" alt=\"\" class=\"wp-image-3975\" srcset=\"https:\/\/ecg.berlin\/wp-content\/uploads\/2022\/03\/WhatsApp-Image-2022-03-15-at-16.08.22-4.jpeg 768w, https:\/\/ecg.berlin\/wp-content\/uploads\/2022\/03\/WhatsApp-Image-2022-03-15-at-16.08.22-4-225x300.jpeg 225w\" sizes=\"auto, (max-width: 768px) 100vw, 768px\" \/><\/figure>\n\n\n\n<figure class=\"wp-block-image size-large\"><img loading=\"lazy\" decoding=\"async\" width=\"768\" height=\"1024\" data-id=\"3962\" src=\"https:\/\/ecg.berlin\/wp-content\/uploads\/2022\/03\/WhatsApp-Image-2022-03-15-at-16.08.22-3.jpeg\" alt=\"\" class=\"wp-image-3962\" srcset=\"https:\/\/ecg.berlin\/wp-content\/uploads\/2022\/03\/WhatsApp-Image-2022-03-15-at-16.08.22-3.jpeg 768w, https:\/\/ecg.berlin\/wp-content\/uploads\/2022\/03\/WhatsApp-Image-2022-03-15-at-16.08.22-3-225x300.jpeg 225w\" sizes=\"auto, (max-width: 768px) 100vw, 768px\" \/><\/figure>\n\n\n\n<figure class=\"wp-block-image size-large\"><img loading=\"lazy\" decoding=\"async\" width=\"768\" height=\"1024\" data-id=\"3958\" src=\"https:\/\/ecg.berlin\/wp-content\/uploads\/2022\/03\/WhatsApp-Image-2022-03-15-at-16.08.22-1.jpeg\" alt=\"\" class=\"wp-image-3958\" srcset=\"https:\/\/ecg.berlin\/wp-content\/uploads\/2022\/03\/WhatsApp-Image-2022-03-15-at-16.08.22-1.jpeg 768w, https:\/\/ecg.berlin\/wp-content\/uploads\/2022\/03\/WhatsApp-Image-2022-03-15-at-16.08.22-1-225x300.jpeg 225w\" sizes=\"auto, (max-width: 768px) 100vw, 768px\" \/><\/figure>\n\n\n\n<figure class=\"wp-block-image size-large\"><img loading=\"lazy\" decoding=\"async\" width=\"768\" height=\"1024\" data-id=\"3968\" src=\"https:\/\/ecg.berlin\/wp-content\/uploads\/2022\/03\/WhatsApp-Image-2022-03-15-at-16.08.22.jpeg\" alt=\"\" class=\"wp-image-3968\" srcset=\"https:\/\/ecg.berlin\/wp-content\/uploads\/2022\/03\/WhatsApp-Image-2022-03-15-at-16.08.22.jpeg 768w, https:\/\/ecg.berlin\/wp-content\/uploads\/2022\/03\/WhatsApp-Image-2022-03-15-at-16.08.22-225x300.jpeg 225w\" sizes=\"auto, (max-width: 768px) 100vw, 768px\" \/><\/figure>\n\n\n\n<figure class=\"wp-block-image size-large\"><img loading=\"lazy\" decoding=\"async\" width=\"768\" height=\"1024\" data-id=\"3964\" src=\"https:\/\/ecg.berlin\/wp-content\/uploads\/2022\/03\/WhatsApp-Image-2022-03-15-at-16.08.21-5.jpeg\" alt=\"\" class=\"wp-image-3964\" srcset=\"https:\/\/ecg.berlin\/wp-content\/uploads\/2022\/03\/WhatsApp-Image-2022-03-15-at-16.08.21-5.jpeg 768w, https:\/\/ecg.berlin\/wp-content\/uploads\/2022\/03\/WhatsApp-Image-2022-03-15-at-16.08.21-5-225x300.jpeg 225w\" sizes=\"auto, (max-width: 768px) 100vw, 768px\" \/><\/figure>\n\n\n\n<figure class=\"wp-block-image size-large\"><img loading=\"lazy\" decoding=\"async\" width=\"768\" height=\"1024\" data-id=\"3954\" src=\"https:\/\/ecg.berlin\/wp-content\/uploads\/2022\/03\/WhatsApp-Image-2022-03-15-at-16.08.21-4.jpeg\" alt=\"\" class=\"wp-image-3954\" srcset=\"https:\/\/ecg.berlin\/wp-content\/uploads\/2022\/03\/WhatsApp-Image-2022-03-15-at-16.08.21-4.jpeg 768w, https:\/\/ecg.berlin\/wp-content\/uploads\/2022\/03\/WhatsApp-Image-2022-03-15-at-16.08.21-4-225x300.jpeg 225w\" sizes=\"auto, (max-width: 768px) 100vw, 768px\" \/><\/figure>\n\n\n\n<figure class=\"wp-block-image size-full\"><img loading=\"lazy\" decoding=\"async\" width=\"768\" height=\"1024\" data-id=\"3978\" src=\"https:\/\/ecg.berlin\/wp-content\/uploads\/2022\/03\/WhatsApp-Image-2022-03-15-at-16.08.21-3.jpeg\" alt=\"\" class=\"wp-image-3978\" srcset=\"https:\/\/ecg.berlin\/wp-content\/uploads\/2022\/03\/WhatsApp-Image-2022-03-15-at-16.08.21-3.jpeg 768w, https:\/\/ecg.berlin\/wp-content\/uploads\/2022\/03\/WhatsApp-Image-2022-03-15-at-16.08.21-3-225x300.jpeg 225w\" sizes=\"auto, (max-width: 768px) 100vw, 768px\" \/><\/figure>\n\n\n\n<figure class=\"wp-block-image size-large\"><img loading=\"lazy\" decoding=\"async\" width=\"768\" height=\"1024\" data-id=\"3977\" src=\"https:\/\/ecg.berlin\/wp-content\/uploads\/2022\/03\/WhatsApp-Image-2022-03-15-at-16.08.21-1.jpeg\" alt=\"\" class=\"wp-image-3977\" srcset=\"https:\/\/ecg.berlin\/wp-content\/uploads\/2022\/03\/WhatsApp-Image-2022-03-15-at-16.08.21-1.jpeg 768w, https:\/\/ecg.berlin\/wp-content\/uploads\/2022\/03\/WhatsApp-Image-2022-03-15-at-16.08.21-1-225x300.jpeg 225w\" sizes=\"auto, (max-width: 768px) 100vw, 768px\" \/><\/figure>\n\n\n\n<figure class=\"wp-block-image size-full\"><img loading=\"lazy\" decoding=\"async\" width=\"768\" height=\"1024\" data-id=\"3969\" src=\"https:\/\/ecg.berlin\/wp-content\/uploads\/2022\/03\/WhatsApp-Image-2022-03-15-at-16.08.21.jpeg\" alt=\"\" class=\"wp-image-3969\" srcset=\"https:\/\/ecg.berlin\/wp-content\/uploads\/2022\/03\/WhatsApp-Image-2022-03-15-at-16.08.21.jpeg 768w, https:\/\/ecg.berlin\/wp-content\/uploads\/2022\/03\/WhatsApp-Image-2022-03-15-at-16.08.21-225x300.jpeg 225w\" sizes=\"auto, (max-width: 768px) 100vw, 768px\" \/><\/figure>\n\n\n\n<figure class=\"wp-block-image size-large\"><img loading=\"lazy\" decoding=\"async\" width=\"768\" height=\"1024\" data-id=\"3956\" src=\"https:\/\/ecg.berlin\/wp-content\/uploads\/2022\/03\/WhatsApp-Image-2022-03-15-at-16.08.20-3.jpeg\" alt=\"\" class=\"wp-image-3956\" srcset=\"https:\/\/ecg.berlin\/wp-content\/uploads\/2022\/03\/WhatsApp-Image-2022-03-15-at-16.08.20-3.jpeg 768w, https:\/\/ecg.berlin\/wp-content\/uploads\/2022\/03\/WhatsApp-Image-2022-03-15-at-16.08.20-3-225x300.jpeg 225w\" sizes=\"auto, (max-width: 768px) 100vw, 768px\" \/><\/figure>\n\n\n\n<figure class=\"wp-block-image size-large\"><img loading=\"lazy\" decoding=\"async\" width=\"768\" height=\"1024\" data-id=\"3972\" src=\"https:\/\/ecg.berlin\/wp-content\/uploads\/2022\/03\/WhatsApp-Image-2022-03-15-at-16.08.20-2.jpeg\" alt=\"\" class=\"wp-image-3972\" srcset=\"https:\/\/ecg.berlin\/wp-content\/uploads\/2022\/03\/WhatsApp-Image-2022-03-15-at-16.08.20-2.jpeg 768w, https:\/\/ecg.berlin\/wp-content\/uploads\/2022\/03\/WhatsApp-Image-2022-03-15-at-16.08.20-2-225x300.jpeg 225w\" sizes=\"auto, (max-width: 768px) 100vw, 768px\" \/><\/figure>\n<\/figure>\n\n\n\n<p><strong>14. M\u00e4rz 2022<\/strong><\/p>\n\n\n\n<p>Die Familie im linken Bild, ist derzeit im <a href=\"https:\/\/ecg.berlin\/freizeitheim-wollin\/\" data-type=\"post\" data-id=\"1902\">Freizeitheim Wollin<\/a>. Sie sind dankbar und f\u00fchlen sich wohl. Wir wollen wir jetzt eine Wohnung in Friedefeld, Mecklenburg-Vorpommern organisieren.<\/p>\n\n\n\n<figure class=\"wp-block-gallery has-nested-images columns-default is-cropped wp-block-gallery-32 is-layout-flex wp-block-gallery-is-layout-flex\">\n<figure class=\"wp-block-image size-large\"><img loading=\"lazy\" decoding=\"async\" width=\"1024\" height=\"768\" data-id=\"3941\" src=\"https:\/\/ecg.berlin\/wp-content\/uploads\/2022\/03\/WhatsApp-Image-2022-03-14-at-17.09.44-1024x768.jpeg\" alt=\"\" class=\"wp-image-3941\" srcset=\"https:\/\/ecg.berlin\/wp-content\/uploads\/2022\/03\/WhatsApp-Image-2022-03-14-at-17.09.44-1024x768.jpeg 1024w, https:\/\/ecg.berlin\/wp-content\/uploads\/2022\/03\/WhatsApp-Image-2022-03-14-at-17.09.44-300x225.jpeg 300w, https:\/\/ecg.berlin\/wp-content\/uploads\/2022\/03\/WhatsApp-Image-2022-03-14-at-17.09.44-768x576.jpeg 768w, https:\/\/ecg.berlin\/wp-content\/uploads\/2022\/03\/WhatsApp-Image-2022-03-14-at-17.09.44-1536x1152.jpeg 1536w, https:\/\/ecg.berlin\/wp-content\/uploads\/2022\/03\/WhatsApp-Image-2022-03-14-at-17.09.44.jpeg 1600w\" sizes=\"auto, (max-width: 1024px) 100vw, 1024px\" \/><\/figure>\n\n\n\n<figure class=\"wp-block-image size-full\"><img loading=\"lazy\" decoding=\"async\" width=\"900\" height=\"1200\" data-id=\"3943\" src=\"https:\/\/ecg.berlin\/wp-content\/uploads\/2022\/03\/WhatsApp-Image-2022-03-14-at-12.30.51-1.jpeg\" alt=\"\" class=\"wp-image-3943\" srcset=\"https:\/\/ecg.berlin\/wp-content\/uploads\/2022\/03\/WhatsApp-Image-2022-03-14-at-12.30.51-1.jpeg 900w, https:\/\/ecg.berlin\/wp-content\/uploads\/2022\/03\/WhatsApp-Image-2022-03-14-at-12.30.51-1-225x300.jpeg 225w, https:\/\/ecg.berlin\/wp-content\/uploads\/2022\/03\/WhatsApp-Image-2022-03-14-at-12.30.51-1-768x1024.jpeg 768w\" sizes=\"auto, (max-width: 900px) 100vw, 900px\" \/><\/figure>\n<\/figure>\n\n\n<div class=\"wp-block-image\">\n<figure class=\"aligncenter size-large is-resized\"><img loading=\"lazy\" decoding=\"async\" src=\"https:\/\/ecg.berlin\/wp-content\/uploads\/2022\/03\/WhatsApp-Image-2022-03-15-at-21.13.58-1024x576.jpeg\" alt=\"\" class=\"wp-image-3988\" width=\"768\" height=\"432\" srcset=\"https:\/\/ecg.berlin\/wp-content\/uploads\/2022\/03\/WhatsApp-Image-2022-03-15-at-21.13.58-1024x576.jpeg 1024w, https:\/\/ecg.berlin\/wp-content\/uploads\/2022\/03\/WhatsApp-Image-2022-03-15-at-21.13.58-300x169.jpeg 300w, https:\/\/ecg.berlin\/wp-content\/uploads\/2022\/03\/WhatsApp-Image-2022-03-15-at-21.13.58-768x432.jpeg 768w, https:\/\/ecg.berlin\/wp-content\/uploads\/2022\/03\/WhatsApp-Image-2022-03-15-at-21.13.58.jpeg 1280w\" sizes=\"auto, (max-width: 768px) 100vw, 768px\" \/><figcaption class=\"wp-element-caption\">Unsere aktuellen G\u00e4ste im <a href=\"https:\/\/ecg.berlin\/freizeitheim-wollin\/\" data-type=\"post\" data-id=\"1902\">Freizeitheim Wollin<\/a> I Rechts die engagierte B\u00fcrgermeisterin <a href=\"http:\/\/www.penkun.de\/stadt.htm\" data-type=\"URL\" data-id=\"http:\/\/www.penkun.de\/stadt.htm\">Antje Zibell <\/a>in Wollin bei Penkun<\/figcaption><\/figure>\n<\/div>\n\n\n<p><strong>13. M\u00e4rz 2022<\/strong><\/p>\n\n\n\n<p>Aktuelles von <a href=\"https:\/\/ecg.berlin\/kindermissionarin-svetlana-rabokon\/\" data-type=\"post\" data-id=\"377\">Svetlana<\/a>:<br>Hallo! Es ist 03:48\u2026 Wir sind im Keller\u2026  Signale! Das passiert in letzter Zeit mehr als einmal am Tag. Aber trotz all dieser Umst\u00e4nde gibt der Herr immer noch Kraft und M\u00f6glichkeiten zu dienen. Preist Ihn f\u00fcr alles! Wir machen die Einkaufst\u00fcten immer noch fast jeden Tag. Zu Beginn dieser Woche haben wir bereits eine Liste mit bed\u00fcrftigen Menschen. Au\u00dferdem kommen immer mehr Fl\u00fcchtlinge in Podolsk an.<br>Ich habe immer noch Bibeln und Neue Testamente. Vor ein paar Tagen wusch ich mein Auto, und als ich den Kofferraum absaugte, nahm ich eine Schachtel heraus und stellte sie neben mich. Es waren noch andere Leute in der Waschanlage. Und ein Mann, der dort war, sah, was in meiner Schachtel war. fragte er skeptisch: &#171;Ist das deine Schutzausr\u00fcstung?&#187; Ich sagte, ja! Und nicht nur eine R\u00fcstung, sondern auch ein Schild und ein Helm! Als ich mein Auto fertig gewaschen hatte und wegfuhr, wusch der Mann immer noch sein Auto\u2026 Als er mich kommen sah, winkte er mit den Armen, um mich aufzuhalten. Ich trat auf die Bremse und kurbelte das Fenster herunter, um zu h\u00f6ren, was er wollte. Er kam auf mich zu und sagte: Kannst du mir deine R\u00fcstung geben?&#187; Er nahm ein paar Dinge mit\u2026 Ich freue mich, dienen zu k\u00f6nnen! Obwohl es weiterhin M\u00fcdigkeit gibt\u2026 Gr\u00fc\u00dfe an unsere ganze Kirche!<br>P.S. Meine Bekannte Lera dient in Winnyzja. Sie hilft bei der Essensausgabe und arbeitet mit Fl\u00fcchtlingen. Die gr\u00f6\u00dfte Freude f\u00fcr mich ist, dass sie gemeinsam mit dem Herrn dient!<\/p>\n\n\n\n<p><strong>Aktuelles aus unserer Gemeinde:<\/strong><\/p>\n\n\n\n<p>Am 12. M\u00e4rz 2022 sind zwei M\u00fctter und 4 Kinder bei <a href=\"https:\/\/ecg.berlin\/ueber-uns\/unsere-geschichte\/\" data-type=\"page\" data-id=\"38\">Johann<\/a> kurzzeitig untergekommen. <\/p>\n\n\n\n<figure class=\"wp-block-gallery has-nested-images columns-default is-cropped wp-block-gallery-33 is-layout-flex wp-block-gallery-is-layout-flex\">\n<figure class=\"wp-block-image size-large\"><img loading=\"lazy\" decoding=\"async\" width=\"485\" height=\"1024\" data-id=\"3920\" src=\"https:\/\/ecg.berlin\/wp-content\/uploads\/2022\/03\/WhatsApp-Image-2022-03-12-at-21.26.54-485x1024.jpeg\" alt=\"\" class=\"wp-image-3920\" srcset=\"https:\/\/ecg.berlin\/wp-content\/uploads\/2022\/03\/WhatsApp-Image-2022-03-12-at-21.26.54-485x1024.jpeg 485w, https:\/\/ecg.berlin\/wp-content\/uploads\/2022\/03\/WhatsApp-Image-2022-03-12-at-21.26.54-142x300.jpeg 142w, https:\/\/ecg.berlin\/wp-content\/uploads\/2022\/03\/WhatsApp-Image-2022-03-12-at-21.26.54.jpeg 568w\" sizes=\"auto, (max-width: 485px) 100vw, 485px\" \/><\/figure>\n\n\n\n<figure class=\"wp-block-image size-large\"><img loading=\"lazy\" decoding=\"async\" width=\"768\" height=\"1024\" data-id=\"3924\" src=\"https:\/\/ecg.berlin\/wp-content\/uploads\/2022\/03\/WhatsApp-Image-2022-03-13-at-07.21.34.jpeg\" alt=\"\" class=\"wp-image-3924\" srcset=\"https:\/\/ecg.berlin\/wp-content\/uploads\/2022\/03\/WhatsApp-Image-2022-03-13-at-07.21.34.jpeg 768w, https:\/\/ecg.berlin\/wp-content\/uploads\/2022\/03\/WhatsApp-Image-2022-03-13-at-07.21.34-225x300.jpeg 225w\" sizes=\"auto, (max-width: 768px) 100vw, 768px\" \/><\/figure>\n\n\n\n<figure class=\"wp-block-image size-large\"><img loading=\"lazy\" decoding=\"async\" width=\"768\" height=\"1024\" data-id=\"3922\" src=\"https:\/\/ecg.berlin\/wp-content\/uploads\/2022\/03\/WhatsApp-Image-2022-03-13-at-07.20.41.jpeg\" alt=\"\" class=\"wp-image-3922\" srcset=\"https:\/\/ecg.berlin\/wp-content\/uploads\/2022\/03\/WhatsApp-Image-2022-03-13-at-07.20.41.jpeg 768w, https:\/\/ecg.berlin\/wp-content\/uploads\/2022\/03\/WhatsApp-Image-2022-03-13-at-07.20.41-225x300.jpeg 225w\" sizes=\"auto, (max-width: 768px) 100vw, 768px\" \/><\/figure>\n\n\n\n<figure class=\"wp-block-image size-large\"><img loading=\"lazy\" decoding=\"async\" width=\"1024\" height=\"768\" data-id=\"3925\" src=\"https:\/\/ecg.berlin\/wp-content\/uploads\/2022\/03\/WhatsApp-Image-2022-03-13-at-07.22.52.jpeg\" alt=\"\" class=\"wp-image-3925\" srcset=\"https:\/\/ecg.berlin\/wp-content\/uploads\/2022\/03\/WhatsApp-Image-2022-03-13-at-07.22.52.jpeg 1024w, https:\/\/ecg.berlin\/wp-content\/uploads\/2022\/03\/WhatsApp-Image-2022-03-13-at-07.22.52-300x225.jpeg 300w, https:\/\/ecg.berlin\/wp-content\/uploads\/2022\/03\/WhatsApp-Image-2022-03-13-at-07.22.52-768x576.jpeg 768w\" sizes=\"auto, (max-width: 1024px) 100vw, 1024px\" \/><\/figure>\n\n\n\n<figure class=\"wp-block-image size-large\"><img loading=\"lazy\" decoding=\"async\" width=\"1024\" height=\"484\" data-id=\"3928\" src=\"https:\/\/ecg.berlin\/wp-content\/uploads\/2022\/03\/WhatsApp-Image-2022-03-12-at-21.26.37-1024x484.jpeg\" alt=\"\" class=\"wp-image-3928\" srcset=\"https:\/\/ecg.berlin\/wp-content\/uploads\/2022\/03\/WhatsApp-Image-2022-03-12-at-21.26.37-1024x484.jpeg 1024w, https:\/\/ecg.berlin\/wp-content\/uploads\/2022\/03\/WhatsApp-Image-2022-03-12-at-21.26.37-300x142.jpeg 300w, https:\/\/ecg.berlin\/wp-content\/uploads\/2022\/03\/WhatsApp-Image-2022-03-12-at-21.26.37-768x363.jpeg 768w, https:\/\/ecg.berlin\/wp-content\/uploads\/2022\/03\/WhatsApp-Image-2022-03-12-at-21.26.37-1536x727.jpeg 1536w, https:\/\/ecg.berlin\/wp-content\/uploads\/2022\/03\/WhatsApp-Image-2022-03-12-at-21.26.37.jpeg 1600w\" sizes=\"auto, (max-width: 1024px) 100vw, 1024px\" \/><\/figure>\n<\/figure>\n\n\n<div class=\"wp-block-image\">\n<figure class=\"aligncenter size-large is-resized\"><img loading=\"lazy\" decoding=\"async\" src=\"https:\/\/ecg.berlin\/wp-content\/uploads\/2022\/03\/WhatsApp-Image-2022-03-12-at-21.49.14-1024x576.jpeg\" alt=\"\" class=\"wp-image-3918\" width=\"512\" height=\"288\" srcset=\"https:\/\/ecg.berlin\/wp-content\/uploads\/2022\/03\/WhatsApp-Image-2022-03-12-at-21.49.14-1024x576.jpeg 1024w, https:\/\/ecg.berlin\/wp-content\/uploads\/2022\/03\/WhatsApp-Image-2022-03-12-at-21.49.14-300x169.jpeg 300w, https:\/\/ecg.berlin\/wp-content\/uploads\/2022\/03\/WhatsApp-Image-2022-03-12-at-21.49.14-768x432.jpeg 768w, https:\/\/ecg.berlin\/wp-content\/uploads\/2022\/03\/WhatsApp-Image-2022-03-12-at-21.49.14-1536x864.jpeg 1536w\" sizes=\"auto, (max-width: 512px) 100vw, 512px\" \/><figcaption class=\"wp-element-caption\">Das ist eine Statistik, wie viele Menschen am 12. M\u00e4rz entgegen genommen und an ihr Zielort weitergeleitet werden konnten<\/figcaption><\/figure>\n<\/div>\n\n\n<p><strong>12. M\u00e4rz 2022<\/strong><\/p>\n\n\n\n<figure class=\"wp-block-embed is-type-video is-provider-youtube wp-block-embed-youtube wp-embed-aspect-16-9 wp-has-aspect-ratio\"><div class=\"wp-block-embed__wrapper\">\n\t\t<div class=\"embed-privacy-container is-disabled embed-youtube\" data-embed-id=\"oembed_748955f5ebda002e82f60fffb1893b1b\" data-embed-provider=\"youtube\" style=\"background-image: url(https:\/\/ecg.berlin\/wp-content\/uploads\/embed-privacy\/thumbnails\/youtube-wH4_cbejaMc-maxresdefault.jpg?ver=1.12.3); aspect-ratio: 770\/433;\">\t\t\t\t\t\t<button type=\"button\" class=\"embed-privacy-enable screen-reader-text\">Display &quot;\ud83c\udf99\ufe0f\ud83c\uddfa\ud83c\udde6 Berichte von Fl\u00fcchtlingen aus der Ukraine&quot; from YouTube<\/button>\t\t\t\t\t\t<div class=\"embed-privacy-overlay\">\t\t\t\t<div class=\"embed-privacy-inner\">\t\t\t\t\t<div class=\"embed-privacy-logo\" style=\"background-image: url(https:\/\/ecg.berlin\/wp-content\/plugins\/embed-privacy\/assets\/images\/embed-youtube.png?ver=1.12.3);\"><\/div>\t\t<p>\t\tHier klicken, um den Inhalt von YouTube anzuzeigen.\t\t\t\t\t<br>\t\t\t\t\tLearn more in <a href=\"https:\/\/policies.google.com\/privacy?hl=de\" target=\"_blank\">YouTube\u2019s privacy policy<\/a>.\t\t<\/p>\t\t<p class=\"embed-privacy-input-wrapper\">\t\t\t<input id=\"embed-privacy-store-youtube-748955f5ebda002e82f60fffb1893b1b\" type=\"checkbox\" value=\"1\" class=\"embed-privacy-input\" data-embed-provider=\"youtube\">\t\t\t<label for=\"embed-privacy-store-youtube-748955f5ebda002e82f60fffb1893b1b\" class=\"embed-privacy-label\" data-embed-provider=\"youtube\">\t\t\t\tAlways display content from YouTube\t\t\t<\/label>\t\t<\/p>\t\t\t\t\t\t<\/div>\t\t\t\t\t\t\t\t<div class=\"embed-privacy-footer\"><span class=\"embed-privacy-url\"><a href=\"https:\/\/youtu.be\/wH4_cbejaMc\">Open &quot;\ud83c\udf99\ufe0f\ud83c\uddfa\ud83c\udde6 Berichte von Fl\u00fcchtlingen aus der Ukraine&quot; directly<\/a><\/span><\/div>\t\t\t<\/div>\t\t\t\t\t\t<div class=\"embed-privacy-content\">\t\t\t\t<script>var _oembed_748955f5ebda002e82f60fffb1893b1b = '{\\\"embed\\\":\\\"&lt;iframe title=&quot;\\\\ud83c\\\\udf99\\\\ufe0f\\\\ud83c\\\\uddfa\\\\ud83c\\\\udde6 Berichte von Fl&uuml;chtlingen aus der Ukraine&quot; width=&quot;770&quot; height=&quot;433&quot; src=&quot;https:\\\\\/\\\\\/www.youtube-nocookie.com\\\\\/embed\\\\\/wH4_cbejaMc?feature=oembed&quot; frameborder=&quot;0&quot; allow=&quot;accelerometer; autoplay; clipboard-write; encrypted-media; gyroscope; picture-in-picture; web-share&quot; referrerpolicy=&quot;strict-origin-when-cross-origin&quot; allowfullscreen&gt;&lt;\\\\\/iframe&gt;\\\"}';<\/script>\t\t\t<\/div>\t\t<\/div>\t\t\n<\/div><\/figure>\n\n\n\n<p><strong>11. M\u00e4rz 2022<\/strong><\/p>\n\n\n\n<p>Der Transport mit Lebensmitteln durfte gestern zu sp\u00e4ter Stunde an der ukrainischen Grenze ankommen und wird nun dort an die Menschen \u00fcbergeben.<\/p>\n\n\n\n<p>Im <a href=\"https:\/\/ecg.berlin\/freizeitheim-wollin\/\" data-type=\"post\" data-id=\"1902\">Freizeitheim Wollin<\/a> sind heute 11 Fl\u00fcchtlinge angekommen, wo sie die n\u00e4chsten Tage versorgt werden.<\/p>\n\n\n<div class=\"wp-block-image\">\n<figure class=\"aligncenter size-full is-resized\"><img loading=\"lazy\" decoding=\"async\" src=\"https:\/\/ecg.berlin\/wp-content\/uploads\/2022\/03\/WhatsApp-Image-2022-03-11-at-14.08.02.jpeg\" alt=\"\" class=\"wp-image-3884\" width=\"512\" height=\"384\" srcset=\"https:\/\/ecg.berlin\/wp-content\/uploads\/2022\/03\/WhatsApp-Image-2022-03-11-at-14.08.02.jpeg 1024w, https:\/\/ecg.berlin\/wp-content\/uploads\/2022\/03\/WhatsApp-Image-2022-03-11-at-14.08.02-300x225.jpeg 300w, https:\/\/ecg.berlin\/wp-content\/uploads\/2022\/03\/WhatsApp-Image-2022-03-11-at-14.08.02-768x576.jpeg 768w\" sizes=\"auto, (max-width: 512px) 100vw, 512px\" \/><\/figure>\n<\/div>\n\n<div class=\"wp-block-image\">\n<figure class=\"aligncenter size-large is-resized\"><img loading=\"lazy\" decoding=\"async\" src=\"https:\/\/ecg.berlin\/wp-content\/uploads\/2022\/03\/98AE4292-0D03-41B7-A073-DB4D774363CF-1024x576.jpeg\" alt=\"\" class=\"wp-image-3889\" width=\"512\" height=\"288\" srcset=\"https:\/\/ecg.berlin\/wp-content\/uploads\/2022\/03\/98AE4292-0D03-41B7-A073-DB4D774363CF-1024x576.jpeg 1024w, https:\/\/ecg.berlin\/wp-content\/uploads\/2022\/03\/98AE4292-0D03-41B7-A073-DB4D774363CF-300x169.jpeg 300w, https:\/\/ecg.berlin\/wp-content\/uploads\/2022\/03\/98AE4292-0D03-41B7-A073-DB4D774363CF-768x432.jpeg 768w, https:\/\/ecg.berlin\/wp-content\/uploads\/2022\/03\/98AE4292-0D03-41B7-A073-DB4D774363CF.jpeg 1280w\" sizes=\"auto, (max-width: 512px) 100vw, 512px\" \/><\/figure>\n<\/div>\n\n\n<p><strong>10. M\u00e4rz 2022<\/strong><\/p>\n\n\n\n<p>Ein weiterer Transport mit Lebensmitteln, Hygieneartikeln und Kleidung ist unterwegs in die Ukraine. Bitte betet f\u00fcr den Fahrer Bogdan, eine sichere Fahrt und \u00dcbergabe in der helfenden Gemeinde vor Ort in Lviv.<\/p>\n\n\n<div class=\"wp-block-image\">\n<figure class=\"aligncenter size-large is-resized\"><img loading=\"lazy\" decoding=\"async\" src=\"https:\/\/ecg.berlin\/wp-content\/uploads\/2022\/03\/WhatsApp-Image-2022-03-10-at-12.32.34-1024x1024.jpeg\" alt=\"\" class=\"wp-image-3790\" width=\"512\" height=\"512\" srcset=\"https:\/\/ecg.berlin\/wp-content\/uploads\/2022\/03\/WhatsApp-Image-2022-03-10-at-12.32.34-1024x1024.jpeg 1024w, https:\/\/ecg.berlin\/wp-content\/uploads\/2022\/03\/WhatsApp-Image-2022-03-10-at-12.32.34-300x300.jpeg 300w, https:\/\/ecg.berlin\/wp-content\/uploads\/2022\/03\/WhatsApp-Image-2022-03-10-at-12.32.34-150x150.jpeg 150w, https:\/\/ecg.berlin\/wp-content\/uploads\/2022\/03\/WhatsApp-Image-2022-03-10-at-12.32.34-768x768.jpeg 768w, https:\/\/ecg.berlin\/wp-content\/uploads\/2022\/03\/WhatsApp-Image-2022-03-10-at-12.32.34-60x60.jpeg 60w, https:\/\/ecg.berlin\/wp-content\/uploads\/2022\/03\/WhatsApp-Image-2022-03-10-at-12.32.34.jpeg 1200w\" sizes=\"auto, (max-width: 512px) 100vw, 512px\" \/><\/figure>\n<\/div>\n\n\n<p><strong>9. M\u00e4rz 2022<\/strong><\/p>\n\n\n\n<p>Unsere <a href=\"https:\/\/ecg.berlin\/kindermissionarin-svetlana-rabokon\/\" data-type=\"post\" data-id=\"377\">Missionarin Svetlana Rabokon<\/a> berichtet aus Odessa: &#171;Gr\u00fc\u00dfe auch alle! Der Morgen ist in der Tat gut. Ich konnte gut schlafen, mindestens sechs Stunden, und ich musste zwar ein paar Mal in den Keller gehen, aber gleichzeitig bei all den Umst\u00e4nden, wenn man im Dienst ist, hei\u00dft es, einfach weitermachen, was ich gestern und auch an den vorherigen Tagen getan habe. Danke f\u00fcr die Gebete und danke an alle, die uns finanziell unterst\u00fctzen. Jetzt zu diesem Zeitpunkt kann ich nicht sagen, dass sich die Situation stabilisiert. Im Gegenteil, es wird immer dramatischer und tragischer, weil ich verstehe, wie ich aus einigen Berichten erfahre, die die Verwaltung mit mir teilt, dass Menschen in der Ukraine aauf verschiedene Weisen blockiert sind. [&#8230;] Ich wei\u00df heute nicht, welcher Tag des Krieges ist. Bis heute, meine lieben Br\u00fcder und Schwestern, kann ich nicht sagen, wie viele Lebensmittelpakete verteilt wurden. Aber ich freue mich, dass wir dies gemeinsam tun k\u00f6nnen, dass f\u00fcr das Leben der Menschen gesorgt wird. [..] Es ist auch ein Wunder. Es ist auch ein absolutes Wunder. Ich habe gesehen, dass der Laden, in dem ich fr\u00fcher Kaffee gekauft habe, ge\u00f6ffnet war. Und als ich reinkam, kannte ich diese Leute schon und ich sagte, dass es so einen Bedarf an Thermokleidung gibt. Nirgends ist diese zu finden. Sie sagte, dass sie eine Zeit lang geschlossen hatten, aber jetzt sind sie wieder da und wollen helfen. 22 Garnituren W\u00e4sche konnte ich kaufen, um weiteren Menschen damit zu dienen. Ich bin dankbar, dass ihr an mich denkt, mich unterst\u00fctzt. Ich habe jetzt ein wenig freie Zeit. Ich r\u00e4ume auf und bete und suche irgendwo nach neuen Testamenten, weil ich ein paar \u00fcbrig habe, und anklopfen werde und fragen muss, wer noch welche hat. Vielleicht hat jemand eine \u00fcbrig. Ich kenne einige Gl\u00e4ubige hier, die einige Exemplare des Neuen Testaments und verschiedene christliche Literatur zu Hause haben, und das ist hier und jetzt sehr wichtig.<\/p>\n\n\n\n<p>Meine Bitte ist, f\u00fcr mich zu beten und mich weiterhin so gut wie m\u00f6glich zu unterst\u00fctzen. Ich danke alle, die finanzielle Unterst\u00fctzung zukommen lassen, oder auch einfach mit Worten und Gebeten. Ich entschuldige mich, wenn ich nicht in der Lage bin, allen zu antworten. Das Internet ist aus irgendeinem Grund jeden Tag schlechter. Ich liebe euch alle sehr und ihr seid mir alle sehr kostbar! Ich bin kein starker Mensch, kein Mensch aus Stein. Manchmal weine ich. Aber es hilft mir, mich neu aufzustellen und weiterhin sehr wichtige Dinge zu tun. Dem Herrn befohlen, meine Lieben.<\/p>\n\n\n<div class=\"wp-block-image\">\n<figure class=\"aligncenter size-large is-resized\"><img loading=\"lazy\" decoding=\"async\" src=\"https:\/\/ecg.berlin\/wp-content\/uploads\/2022\/03\/WhatsApp-Image-2022-03-09-at-19.54.24-1024x1024.jpeg\" alt=\"\" class=\"wp-image-3792\" width=\"512\" height=\"512\" srcset=\"https:\/\/ecg.berlin\/wp-content\/uploads\/2022\/03\/WhatsApp-Image-2022-03-09-at-19.54.24-1024x1024.jpeg 1024w, https:\/\/ecg.berlin\/wp-content\/uploads\/2022\/03\/WhatsApp-Image-2022-03-09-at-19.54.24-300x300.jpeg 300w, https:\/\/ecg.berlin\/wp-content\/uploads\/2022\/03\/WhatsApp-Image-2022-03-09-at-19.54.24-150x150.jpeg 150w, https:\/\/ecg.berlin\/wp-content\/uploads\/2022\/03\/WhatsApp-Image-2022-03-09-at-19.54.24-768x768.jpeg 768w, https:\/\/ecg.berlin\/wp-content\/uploads\/2022\/03\/WhatsApp-Image-2022-03-09-at-19.54.24-60x60.jpeg 60w, https:\/\/ecg.berlin\/wp-content\/uploads\/2022\/03\/WhatsApp-Image-2022-03-09-at-19.54.24.jpeg 1200w\" sizes=\"auto, (max-width: 512px) 100vw, 512px\" \/><figcaption class=\"wp-element-caption\">Svetlana Rabokon in der Ukraine<\/figcaption><\/figure>\n<\/div>\n\n<div class=\"wp-block-image\">\n<figure class=\"aligncenter size-large is-resized\"><img loading=\"lazy\" decoding=\"async\" src=\"https:\/\/ecg.berlin\/wp-content\/uploads\/2022\/03\/WhatsApp-Image-2022-03-11-at-07.55.54-768x1024.jpeg\" alt=\"\" class=\"wp-image-3854\" width=\"384\" height=\"512\" srcset=\"https:\/\/ecg.berlin\/wp-content\/uploads\/2022\/03\/WhatsApp-Image-2022-03-11-at-07.55.54-768x1024.jpeg 768w, https:\/\/ecg.berlin\/wp-content\/uploads\/2022\/03\/WhatsApp-Image-2022-03-11-at-07.55.54-225x300.jpeg 225w, https:\/\/ecg.berlin\/wp-content\/uploads\/2022\/03\/WhatsApp-Image-2022-03-11-at-07.55.54.jpeg 900w\" sizes=\"auto, (max-width: 384px) 100vw, 384px\" \/><figcaption class=\"wp-element-caption\">Diese Menschen durften am Mittwoch in Berlin ankommen<\/figcaption><\/figure>\n<\/div>\n\n\n<p><strong>8. M\u00e4rz 2022<\/strong><\/p>\n\n\n\n<p>Vielen Dank an alle, die bereits durch Gebet, Tat oder Gabe unterst\u00fctzt haben oder dies immer noch tun. Gestern war unser Gemeindebus an der ukrainischen Grenze mit 1,2 Tonnen Lebensmitteln. Zur\u00fcck fuhr der Bus mit 7 Fl\u00fcchtlingen nach Krakau und von dort mit 7 anderen Menschen nach Berlin.<\/p>\n\n\n\n<p>Derzeit wohnen viele neue Menschen in der Gemeinde. Betet, dass Gott uns als Gemeinde Weisheit, Kraft und die richtigen Menschen auf den Weg schickt. Unterst\u00fctzung ist weiterhin willkommen!<\/p>\n\n\n<div class=\"wp-block-image\">\n<figure class=\"aligncenter size-large is-resized\"><img loading=\"lazy\" decoding=\"async\" src=\"https:\/\/ecg.berlin\/wp-content\/uploads\/2022\/03\/WhatsApp-Image-2022-03-09-at-16.56.36-1-1024x1024.jpeg\" alt=\"\" class=\"wp-image-3794\" width=\"512\" height=\"512\" srcset=\"https:\/\/ecg.berlin\/wp-content\/uploads\/2022\/03\/WhatsApp-Image-2022-03-09-at-16.56.36-1-1024x1024.jpeg 1024w, https:\/\/ecg.berlin\/wp-content\/uploads\/2022\/03\/WhatsApp-Image-2022-03-09-at-16.56.36-1-300x300.jpeg 300w, https:\/\/ecg.berlin\/wp-content\/uploads\/2022\/03\/WhatsApp-Image-2022-03-09-at-16.56.36-1-150x150.jpeg 150w, https:\/\/ecg.berlin\/wp-content\/uploads\/2022\/03\/WhatsApp-Image-2022-03-09-at-16.56.36-1-768x768.jpeg 768w, https:\/\/ecg.berlin\/wp-content\/uploads\/2022\/03\/WhatsApp-Image-2022-03-09-at-16.56.36-1-60x60.jpeg 60w, https:\/\/ecg.berlin\/wp-content\/uploads\/2022\/03\/WhatsApp-Image-2022-03-09-at-16.56.36-1.jpeg 1200w\" sizes=\"auto, (max-width: 512px) 100vw, 512px\" \/><figcaption class=\"wp-element-caption\">In der ECG Berlin Hellersdorf \/ Unser Gemeindebus auf dem Weg an die Grenze<\/figcaption><\/figure>\n<\/div>\n\n\n<figure class=\"wp-block-gallery has-nested-images columns-default is-cropped wp-block-gallery-34 is-layout-flex wp-block-gallery-is-layout-flex\">\n<figure class=\"wp-block-image size-large\"><img loading=\"lazy\" decoding=\"async\" width=\"1024\" height=\"768\" data-id=\"3841\" src=\"https:\/\/ecg.berlin\/wp-content\/uploads\/2022\/03\/IMG_6984-1024x768.jpg\" alt=\"\" class=\"wp-image-3841\" srcset=\"https:\/\/ecg.berlin\/wp-content\/uploads\/2022\/03\/IMG_6984-1024x768.jpg 1024w, https:\/\/ecg.berlin\/wp-content\/uploads\/2022\/03\/IMG_6984-300x225.jpg 300w, https:\/\/ecg.berlin\/wp-content\/uploads\/2022\/03\/IMG_6984-768x576.jpg 768w, https:\/\/ecg.berlin\/wp-content\/uploads\/2022\/03\/IMG_6984-1536x1152.jpg 1536w, https:\/\/ecg.berlin\/wp-content\/uploads\/2022\/03\/IMG_6984.jpg 1600w\" sizes=\"auto, (max-width: 1024px) 100vw, 1024px\" \/><\/figure>\n\n\n\n<figure class=\"wp-block-image size-large\"><img loading=\"lazy\" decoding=\"async\" width=\"1024\" height=\"768\" data-id=\"3837\" src=\"https:\/\/ecg.berlin\/wp-content\/uploads\/2022\/03\/IMG_6978-1024x768.jpg\" alt=\"\" class=\"wp-image-3837\" srcset=\"https:\/\/ecg.berlin\/wp-content\/uploads\/2022\/03\/IMG_6978-1024x768.jpg 1024w, https:\/\/ecg.berlin\/wp-content\/uploads\/2022\/03\/IMG_6978-300x225.jpg 300w, https:\/\/ecg.berlin\/wp-content\/uploads\/2022\/03\/IMG_6978-768x576.jpg 768w, https:\/\/ecg.berlin\/wp-content\/uploads\/2022\/03\/IMG_6978-1536x1152.jpg 1536w, https:\/\/ecg.berlin\/wp-content\/uploads\/2022\/03\/IMG_6978.jpg 1600w\" sizes=\"auto, (max-width: 1024px) 100vw, 1024px\" \/><\/figure>\n\n\n\n<figure class=\"wp-block-image size-large\"><img loading=\"lazy\" decoding=\"async\" width=\"1024\" height=\"768\" data-id=\"3839\" src=\"https:\/\/ecg.berlin\/wp-content\/uploads\/2022\/03\/IMG_6983-1024x768.jpg\" alt=\"\" class=\"wp-image-3839\" srcset=\"https:\/\/ecg.berlin\/wp-content\/uploads\/2022\/03\/IMG_6983-1024x768.jpg 1024w, https:\/\/ecg.berlin\/wp-content\/uploads\/2022\/03\/IMG_6983-300x225.jpg 300w, https:\/\/ecg.berlin\/wp-content\/uploads\/2022\/03\/IMG_6983-768x576.jpg 768w, https:\/\/ecg.berlin\/wp-content\/uploads\/2022\/03\/IMG_6983-1536x1152.jpg 1536w, https:\/\/ecg.berlin\/wp-content\/uploads\/2022\/03\/IMG_6983.jpg 1600w\" sizes=\"auto, (max-width: 1024px) 100vw, 1024px\" \/><\/figure>\n\n\n\n<figure class=\"wp-block-image size-large\"><img loading=\"lazy\" decoding=\"async\" width=\"1024\" height=\"768\" data-id=\"3833\" src=\"https:\/\/ecg.berlin\/wp-content\/uploads\/2022\/03\/IMG_6982-1024x768.jpg\" alt=\"\" class=\"wp-image-3833\" srcset=\"https:\/\/ecg.berlin\/wp-content\/uploads\/2022\/03\/IMG_6982-1024x768.jpg 1024w, https:\/\/ecg.berlin\/wp-content\/uploads\/2022\/03\/IMG_6982-300x225.jpg 300w, https:\/\/ecg.berlin\/wp-content\/uploads\/2022\/03\/IMG_6982-768x576.jpg 768w, https:\/\/ecg.berlin\/wp-content\/uploads\/2022\/03\/IMG_6982-1536x1152.jpg 1536w, https:\/\/ecg.berlin\/wp-content\/uploads\/2022\/03\/IMG_6982.jpg 1600w\" sizes=\"auto, (max-width: 1024px) 100vw, 1024px\" \/><\/figure>\n\n\n\n<figure class=\"wp-block-image size-large\"><img loading=\"lazy\" decoding=\"async\" width=\"1024\" height=\"576\" data-id=\"3835\" src=\"https:\/\/ecg.berlin\/wp-content\/uploads\/2022\/03\/IMG_6986-1024x576.jpg\" alt=\"\" class=\"wp-image-3835\" srcset=\"https:\/\/ecg.berlin\/wp-content\/uploads\/2022\/03\/IMG_6986-1024x576.jpg 1024w, https:\/\/ecg.berlin\/wp-content\/uploads\/2022\/03\/IMG_6986-300x169.jpg 300w, https:\/\/ecg.berlin\/wp-content\/uploads\/2022\/03\/IMG_6986-768x432.jpg 768w, https:\/\/ecg.berlin\/wp-content\/uploads\/2022\/03\/IMG_6986-1536x864.jpg 1536w\" sizes=\"auto, (max-width: 1024px) 100vw, 1024px\" \/><\/figure>\n<\/figure>\n\n\n\n<p><strong>7. M\u00e4rz 2022<\/strong><\/p>\n\n\n\n<p>Unsere <a href=\"https:\/\/ecg.berlin\/kindermissionarin-svetlana-rabokon\/\" data-type=\"post\" data-id=\"377\">Missionarin Svetlana Rabokon<\/a> berichtet aus Odessa: Heute haben wir eine Botschaft an die Menschen in der Region aufgenommen, dass Gott immer Kraft gibt, wenn wir ihn um alles bitten, was wir zum Leben brauchen! Auf dem Foto ist der Leiter der Verwaltung von Podolsk.<\/p>\n\n\n\n<p>18:12 Uhr war ein weiterer Alarm. Die Sirene ert\u00f6nte 1 Stunde und 40 Minuten lang. Gottes G\u00fcte h\u00f6rt nie auf! Ich konnte vor dem Alarm tanken. Es sind sehr lange Warteschlangen an den Tankstellen.<br>Im Allgemeinen gibt es nur ein Limit von 20 Litern &#8212; nicht mehr &#8212; aber was soll ich sagen &#8212; Gott ist f\u00fcr uns! Der Tankwart war durch einen anderen in der Schlange abgelenkt und hat mich deshalb bis zum letzten Tropfen vollgetankt! Nur Gott kann in Zeiten des Krieges f\u00fcr so viel Gl\u00fcck sorgen. Und wir haben es geschafft, die Eink\u00e4ufe f\u00fcr morgen zu besorgen.<\/p>\n\n\n<div class=\"wp-block-image\">\n<figure class=\"aligncenter size-large is-resized\"><img loading=\"lazy\" decoding=\"async\" src=\"https:\/\/ecg.berlin\/wp-content\/uploads\/2022\/03\/Bildschirmfoto-2022-03-20-um-19.16.51-1024x1020.png\" alt=\"\" class=\"wp-image-4117\" width=\"512\" height=\"510\" srcset=\"https:\/\/ecg.berlin\/wp-content\/uploads\/2022\/03\/Bildschirmfoto-2022-03-20-um-19.16.51-1024x1020.png 1024w, https:\/\/ecg.berlin\/wp-content\/uploads\/2022\/03\/Bildschirmfoto-2022-03-20-um-19.16.51-300x300.png 300w, https:\/\/ecg.berlin\/wp-content\/uploads\/2022\/03\/Bildschirmfoto-2022-03-20-um-19.16.51-150x150.png 150w, https:\/\/ecg.berlin\/wp-content\/uploads\/2022\/03\/Bildschirmfoto-2022-03-20-um-19.16.51-768x765.png 768w, https:\/\/ecg.berlin\/wp-content\/uploads\/2022\/03\/Bildschirmfoto-2022-03-20-um-19.16.51-60x60.png 60w, https:\/\/ecg.berlin\/wp-content\/uploads\/2022\/03\/Bildschirmfoto-2022-03-20-um-19.16.51.png 1028w\" sizes=\"auto, (max-width: 512px) 100vw, 512px\" \/><figcaption class=\"wp-element-caption\">Unsere Missionarin in der Ukraine in Odessa<\/figcaption><\/figure>\n<\/div>\n\n\n<p><strong>6. M\u00e4rz 2022<\/strong><\/p>\n\n\n\n<p>Guten Morgen! Es ist ein sehr guter Morgen f\u00fcr die Menschen in der Stadt Podolsk (Ukraine bei Odessa), wo auch ich bin. In der Nacht gab es kein einziges &#171;Alarmsignal&#187;. Wir konnten schlafen\u2026 Ich danke Gott, dass letzte Nacht 700 Kinder aus den Internaten und Waisenh\u00e4usern in Odessa sicher schlafen konnten! Gott sei Dank f\u00fcr alle, die alles tun, um die Kinder in Sicherheit zu bringen! Preis den Herrn f\u00fcr alles! Lasst uns weiter beten! Lasst weiterhin Salz sein! Lasst uns leuchten! (<a href=\"https:\/\/ecg.berlin\/kindermissionarin-svetlana-rabokon\/\" data-type=\"post\" data-id=\"377\">Svetlana<\/a>)<\/p>\n\n\n<div class=\"wp-block-image\">\n<figure class=\"aligncenter size-large is-resized\"><img loading=\"lazy\" decoding=\"async\" src=\"https:\/\/ecg.berlin\/wp-content\/uploads\/2022\/03\/8657217B-8418-4ECE-9117-993F1229CF83-1024x1024.jpg\" alt=\"\" class=\"wp-image-3800\" width=\"512\" height=\"512\" srcset=\"https:\/\/ecg.berlin\/wp-content\/uploads\/2022\/03\/8657217B-8418-4ECE-9117-993F1229CF83-1024x1024.jpg 1024w, https:\/\/ecg.berlin\/wp-content\/uploads\/2022\/03\/8657217B-8418-4ECE-9117-993F1229CF83-300x300.jpg 300w, https:\/\/ecg.berlin\/wp-content\/uploads\/2022\/03\/8657217B-8418-4ECE-9117-993F1229CF83-150x150.jpg 150w, https:\/\/ecg.berlin\/wp-content\/uploads\/2022\/03\/8657217B-8418-4ECE-9117-993F1229CF83-768x768.jpg 768w, https:\/\/ecg.berlin\/wp-content\/uploads\/2022\/03\/8657217B-8418-4ECE-9117-993F1229CF83-60x60.jpg 60w, https:\/\/ecg.berlin\/wp-content\/uploads\/2022\/03\/8657217B-8418-4ECE-9117-993F1229CF83.jpg 1200w\" sizes=\"auto, (max-width: 512px) 100vw, 512px\" \/><figcaption class=\"wp-element-caption\">Ein Waisenheim wird zum Bahnhof Podolsk evakuiert<\/figcaption><\/figure>\n<\/div>\n\n\n<p><strong>5. M\u00e4rz 2022<\/strong><\/p>\n\n\n\n<p>Vladislav Rudenko kommt mit seiner Familie aus Saporischschja in der N\u00e4he von Donezk und Luhansk. Sie durften vor ihrer Weiterfahrt nach D\u00fcren in unseren R\u00e4umlichkeiten \u00fcbernachten. Sie waren mehrere Tage in einem kleinen Bus mit insgesamt 9 Personen unterwegs. In einem Video berichtet er von den Lektionen, die Gott sie w\u00e4hrend der Zeit der Flucht gelehrt hat.<\/p>\n\n\n\n<figure class=\"wp-block-embed is-type-video is-provider-youtube wp-block-embed-youtube wp-embed-aspect-16-9 wp-has-aspect-ratio\"><div class=\"wp-block-embed__wrapper\">\n\t\t<div class=\"embed-privacy-container is-disabled embed-youtube\" data-embed-id=\"oembed_ab9daf79098850afef0ec21e3233bb59\" data-embed-provider=\"youtube\" style=\"background-image: url(https:\/\/ecg.berlin\/wp-content\/uploads\/embed-privacy\/thumbnails\/youtube-kA9g3qeB18g-maxresdefault.jpg?ver=1.12.3); aspect-ratio: 770\/433;\">\t\t\t\t\t\t<button type=\"button\" class=\"embed-privacy-enable screen-reader-text\">Display &quot;Flucht aus der Ukraine\ud83c\uddfa\ud83c\udde6 Welche Lektionen lernt man? I Vladislav Rudenko&quot; from YouTube<\/button>\t\t\t\t\t\t<div class=\"embed-privacy-overlay\">\t\t\t\t<div class=\"embed-privacy-inner\">\t\t\t\t\t<div class=\"embed-privacy-logo\" style=\"background-image: url(https:\/\/ecg.berlin\/wp-content\/plugins\/embed-privacy\/assets\/images\/embed-youtube.png?ver=1.12.3);\"><\/div>\t\t<p>\t\tHier klicken, um den Inhalt von YouTube anzuzeigen.\t\t\t\t\t<br>\t\t\t\t\tLearn more in <a href=\"https:\/\/policies.google.com\/privacy?hl=de\" target=\"_blank\">YouTube\u2019s privacy policy<\/a>.\t\t<\/p>\t\t<p class=\"embed-privacy-input-wrapper\">\t\t\t<input id=\"embed-privacy-store-youtube-ab9daf79098850afef0ec21e3233bb59\" type=\"checkbox\" value=\"1\" class=\"embed-privacy-input\" data-embed-provider=\"youtube\">\t\t\t<label for=\"embed-privacy-store-youtube-ab9daf79098850afef0ec21e3233bb59\" class=\"embed-privacy-label\" data-embed-provider=\"youtube\">\t\t\t\tAlways display content from YouTube\t\t\t<\/label>\t\t<\/p>\t\t\t\t\t\t<\/div>\t\t\t\t\t\t\t\t<div class=\"embed-privacy-footer\"><span class=\"embed-privacy-url\"><a href=\"https:\/\/youtu.be\/kA9g3qeB18g\">Open &quot;Flucht aus der Ukraine\ud83c\uddfa\ud83c\udde6 Welche Lektionen lernt man? I Vladislav Rudenko&quot; directly<\/a><\/span><\/div>\t\t\t<\/div>\t\t\t\t\t\t<div class=\"embed-privacy-content\">\t\t\t\t<script>var _oembed_ab9daf79098850afef0ec21e3233bb59 = '{\\\"embed\\\":\\\"&lt;iframe title=&quot;Flucht aus der Ukraine\\\\ud83c\\\\uddfa\\\\ud83c\\\\udde6 Welche Lektionen lernt man? I Vladislav Rudenko&quot; width=&quot;770&quot; height=&quot;433&quot; src=&quot;https:\\\\\/\\\\\/www.youtube-nocookie.com\\\\\/embed\\\\\/kA9g3qeB18g?feature=oembed&quot; frameborder=&quot;0&quot; allow=&quot;accelerometer; autoplay; clipboard-write; encrypted-media; gyroscope; picture-in-picture; web-share&quot; referrerpolicy=&quot;strict-origin-when-cross-origin&quot; allowfullscreen&gt;&lt;\\\\\/iframe&gt;\\\"}';<\/script>\t\t\t<\/div>\t\t<\/div>\t\t\n<\/div><figcaption class=\"wp-element-caption\">Bericht aus dem Gottesdienst<\/figcaption><\/figure>\n\n\n\n<figure class=\"wp-block-gallery has-nested-images columns-default is-cropped wp-block-gallery-35 is-layout-flex wp-block-gallery-is-layout-flex\">\n<figure class=\"wp-block-image size-large\"><img loading=\"lazy\" decoding=\"async\" width=\"1024\" height=\"769\" data-id=\"3872\" src=\"https:\/\/ecg.berlin\/wp-content\/uploads\/2022\/03\/WhatsApp-Image-2022-03-06-at-09.48.03-1-1024x769.jpeg\" alt=\"\" class=\"wp-image-3872\" srcset=\"https:\/\/ecg.berlin\/wp-content\/uploads\/2022\/03\/WhatsApp-Image-2022-03-06-at-09.48.03-1-1024x769.jpeg 1024w, https:\/\/ecg.berlin\/wp-content\/uploads\/2022\/03\/WhatsApp-Image-2022-03-06-at-09.48.03-1-300x225.jpeg 300w, https:\/\/ecg.berlin\/wp-content\/uploads\/2022\/03\/WhatsApp-Image-2022-03-06-at-09.48.03-1-768x576.jpeg 768w, https:\/\/ecg.berlin\/wp-content\/uploads\/2022\/03\/WhatsApp-Image-2022-03-06-at-09.48.03-1-1536x1153.jpeg 1536w, https:\/\/ecg.berlin\/wp-content\/uploads\/2022\/03\/WhatsApp-Image-2022-03-06-at-09.48.03-1.jpeg 1600w\" sizes=\"auto, (max-width: 1024px) 100vw, 1024px\" \/><\/figure>\n\n\n\n<figure class=\"wp-block-image size-large\"><img loading=\"lazy\" decoding=\"async\" width=\"1024\" height=\"769\" data-id=\"3870\" src=\"https:\/\/ecg.berlin\/wp-content\/uploads\/2022\/03\/WhatsApp-Image-2022-03-06-at-09.48.03-1024x769.jpeg\" alt=\"\" class=\"wp-image-3870\" srcset=\"https:\/\/ecg.berlin\/wp-content\/uploads\/2022\/03\/WhatsApp-Image-2022-03-06-at-09.48.03-1024x769.jpeg 1024w, https:\/\/ecg.berlin\/wp-content\/uploads\/2022\/03\/WhatsApp-Image-2022-03-06-at-09.48.03-300x225.jpeg 300w, https:\/\/ecg.berlin\/wp-content\/uploads\/2022\/03\/WhatsApp-Image-2022-03-06-at-09.48.03-768x576.jpeg 768w, https:\/\/ecg.berlin\/wp-content\/uploads\/2022\/03\/WhatsApp-Image-2022-03-06-at-09.48.03-1536x1153.jpeg 1536w, https:\/\/ecg.berlin\/wp-content\/uploads\/2022\/03\/WhatsApp-Image-2022-03-06-at-09.48.03.jpeg 1600w\" sizes=\"auto, (max-width: 1024px) 100vw, 1024px\" \/><\/figure>\n\n\n\n<figure class=\"wp-block-image size-large\"><img loading=\"lazy\" decoding=\"async\" width=\"1024\" height=\"767\" data-id=\"3878\" src=\"https:\/\/ecg.berlin\/wp-content\/uploads\/2022\/03\/WhatsApp-Image-2022-03-06-at-09.48.04-3-1024x767.jpeg\" alt=\"\" class=\"wp-image-3878\" srcset=\"https:\/\/ecg.berlin\/wp-content\/uploads\/2022\/03\/WhatsApp-Image-2022-03-06-at-09.48.04-3-1024x767.jpeg 1024w, https:\/\/ecg.berlin\/wp-content\/uploads\/2022\/03\/WhatsApp-Image-2022-03-06-at-09.48.04-3-300x225.jpeg 300w, https:\/\/ecg.berlin\/wp-content\/uploads\/2022\/03\/WhatsApp-Image-2022-03-06-at-09.48.04-3-768x575.jpeg 768w, https:\/\/ecg.berlin\/wp-content\/uploads\/2022\/03\/WhatsApp-Image-2022-03-06-at-09.48.04-3.jpeg 1440w\" sizes=\"auto, (max-width: 1024px) 100vw, 1024px\" \/><\/figure>\n\n\n\n<figure class=\"wp-block-image size-large\"><img loading=\"lazy\" decoding=\"async\" width=\"1024\" height=\"767\" data-id=\"3876\" src=\"https:\/\/ecg.berlin\/wp-content\/uploads\/2022\/03\/WhatsApp-Image-2022-03-06-at-09.48.04-1024x767.jpeg\" alt=\"\" class=\"wp-image-3876\" srcset=\"https:\/\/ecg.berlin\/wp-content\/uploads\/2022\/03\/WhatsApp-Image-2022-03-06-at-09.48.04-1024x767.jpeg 1024w, https:\/\/ecg.berlin\/wp-content\/uploads\/2022\/03\/WhatsApp-Image-2022-03-06-at-09.48.04-300x225.jpeg 300w, https:\/\/ecg.berlin\/wp-content\/uploads\/2022\/03\/WhatsApp-Image-2022-03-06-at-09.48.04-768x575.jpeg 768w, https:\/\/ecg.berlin\/wp-content\/uploads\/2022\/03\/WhatsApp-Image-2022-03-06-at-09.48.04.jpeg 1440w\" sizes=\"auto, (max-width: 1024px) 100vw, 1024px\" \/><\/figure>\n\n\n\n<figure class=\"wp-block-image size-large\"><img loading=\"lazy\" decoding=\"async\" width=\"1024\" height=\"767\" data-id=\"3874\" src=\"https:\/\/ecg.berlin\/wp-content\/uploads\/2022\/03\/WhatsApp-Image-2022-03-06-at-09.48.04-2-1024x767.jpeg\" alt=\"\" class=\"wp-image-3874\" srcset=\"https:\/\/ecg.berlin\/wp-content\/uploads\/2022\/03\/WhatsApp-Image-2022-03-06-at-09.48.04-2-1024x767.jpeg 1024w, https:\/\/ecg.berlin\/wp-content\/uploads\/2022\/03\/WhatsApp-Image-2022-03-06-at-09.48.04-2-300x225.jpeg 300w, https:\/\/ecg.berlin\/wp-content\/uploads\/2022\/03\/WhatsApp-Image-2022-03-06-at-09.48.04-2-768x575.jpeg 768w, https:\/\/ecg.berlin\/wp-content\/uploads\/2022\/03\/WhatsApp-Image-2022-03-06-at-09.48.04-2.jpeg 1440w\" sizes=\"auto, (max-width: 1024px) 100vw, 1024px\" \/><\/figure>\n<\/figure>\n\n\n\n<p><a href=\"https:\/\/ecg.berlin\/kindermissionarin-svetlana-rabokon\/\" data-type=\"post\" data-id=\"377\">Svetlana Rabokon<\/a> berichtet vom neunten Tag des Krieges\u2026<br>Es gibt bereits einige ge\u00fcbte F\u00e4higkeiten, die wir vorher noch nie nutzen mussten. Das Leben in Kriegszeiten verlangt von uns, dass wir Erfahrungen sammeln, um uns und andere am Leben zu erhalten.<br>Meine wertvollsten Gegenst\u00e4nde sind, die ich immer dabei habe, passen in einen kleinen Rucksack: <strong>Meine Dokumente, mein Personalausweis und meine Bibel! <\/strong>Ich habe unbewusst meine Garderobe in zwei Kategorien eingeteilt- Kleidung f\u00fcr die Arbeit und Kleidung f\u00fcr den Keller, wenn es einen Alarm gibt\u2026 Gestern wurden alle Internate, in denen ich t\u00e4tig bin, nach Polen evakuiert.<br>Wir hoffen, dass die Trennung nicht lange dauern wird. Ich diene weiterhin unter den \u00c4rmsten. Gro\u00dfe Familien, \u00e4ltere Menschen, die allein in Siedlungen leben, in denen es keine Lieferungen an Lebensmitteln gibt. Mein Herz quillt \u00fcber vor Freude dar\u00fcber, dass es unter meinen Br\u00fcdern und Schwestern keine stillen Freunde gibt, die nicht auf diese schreckliche Situation in der Ukraine reagiert haben.<br>Heute hat der Herr es m\u00f6glich gemacht, 35 weitere Lebensmittelpakete f\u00fcr diejenigen fertigzustellen, die bereits f\u00fcr sie beten \u2026 24 wurden heute und 11 morgen an Familien mit Kindern verteilt.<br>Wenn ich Menschen das Gebet der Bekehrung anbiete, bitten viele neben Vergebung und Gnade auch um Nahrung &#8212; Brot. Ich danke Gott, dass ich wei\u00df, wie wichtig es ist, in jeder Situation bereits im HIMMEL zu leben. Wir als Christen k\u00f6nnen unseren Glauben nicht wie Raketen und milit\u00e4rische Ausr\u00fcstung jemanden ausleihen, aber wir k\u00f6nnen unseren Glauben zeigen, indem wir Liebe und Freundlichkeit aus der F\u00fclle unseres Herzens weitergeben und das t\u00e4gliche Brot mit denen teilen, die jetzt hungern und um ihr Leben f\u00fcrchten. Ich danke euch! Mit einem dankbaren Herz eure <a href=\"https:\/\/ecg.berlin\/kindermissionarin-svetlana-rabokon\/\" data-type=\"post\" data-id=\"377\">Svetlana Rabokon<\/a><\/p>\n\n\n<div class=\"wp-block-image\">\n<figure class=\"aligncenter size-large is-resized\"><img loading=\"lazy\" decoding=\"async\" src=\"https:\/\/ecg.berlin\/wp-content\/uploads\/2022\/03\/26BB5AB4-2668-4339-84F3-68C5C6037C7D-1024x1024.jpg\" alt=\"\" class=\"wp-image-3806\" width=\"512\" height=\"512\" srcset=\"https:\/\/ecg.berlin\/wp-content\/uploads\/2022\/03\/26BB5AB4-2668-4339-84F3-68C5C6037C7D-1024x1024.jpg 1024w, https:\/\/ecg.berlin\/wp-content\/uploads\/2022\/03\/26BB5AB4-2668-4339-84F3-68C5C6037C7D-300x300.jpg 300w, https:\/\/ecg.berlin\/wp-content\/uploads\/2022\/03\/26BB5AB4-2668-4339-84F3-68C5C6037C7D-150x150.jpg 150w, https:\/\/ecg.berlin\/wp-content\/uploads\/2022\/03\/26BB5AB4-2668-4339-84F3-68C5C6037C7D-768x768.jpg 768w, https:\/\/ecg.berlin\/wp-content\/uploads\/2022\/03\/26BB5AB4-2668-4339-84F3-68C5C6037C7D-60x60.jpg 60w, https:\/\/ecg.berlin\/wp-content\/uploads\/2022\/03\/26BB5AB4-2668-4339-84F3-68C5C6037C7D.jpg 1200w\" sizes=\"auto, (max-width: 512px) 100vw, 512px\" \/><figcaption class=\"wp-element-caption\">Hilfe an Bed\u00fcrftigen durch unsere Missionarin<\/figcaption><\/figure>\n<\/div>\n\n\n<p><strong>4. M\u00e4rz 2022<\/strong><\/p>\n\n\n\n<p>Liebe Freunde, wir sind jetzt unterwegs zu einer Lebensmittelverteilung f\u00fcr die Armen und f\u00fcr sozial schwache Familien mit Kindern, um die wir uns k\u00fcmmern m\u00fcssen. Bitte betet, denn wir werden einen sehr schwierigen und sehr m\u00fchsamen Weg haben. Die Verteilung ist eher in Richtung Grenze zu Transnistrien und da k\u00f6nnen verschiedene Dinge auftreten. Wir hoffen auf Gottes Schutz. Zusammen mit dem Leiter des Kinderdienstes in meinem Bezirk Podolski werden wir uns auf den Weg begeben. Bitte bete auch f\u00fcr die morgige Evakuierung der Kinder und Internate, in denen ich arbeite. Eine Anordnung ist bereits unterzeichnet, alle Listen sind erstellt und die Evakuierung wird stattfinden. <a href=\"https:\/\/ecg.berlin\/kindermissionarin-svetlana-rabokon\/\" data-type=\"post\" data-id=\"377\">Svetlana<\/a><\/p>\n\n\n<div class=\"wp-block-image\">\n<figure class=\"aligncenter size-full is-resized\"><img loading=\"lazy\" decoding=\"async\" src=\"https:\/\/ecg.berlin\/wp-content\/uploads\/2022\/03\/WhatsApp-Image-2022-03-02-at-17.43.00.jpeg\" alt=\"\" class=\"wp-image-3814\" width=\"384\" height=\"512\" srcset=\"https:\/\/ecg.berlin\/wp-content\/uploads\/2022\/03\/WhatsApp-Image-2022-03-02-at-17.43.00.jpeg 768w, https:\/\/ecg.berlin\/wp-content\/uploads\/2022\/03\/WhatsApp-Image-2022-03-02-at-17.43.00-225x300.jpeg 225w\" sizes=\"auto, (max-width: 384px) 100vw, 384px\" \/><\/figure>\n<\/div>\n\n\n<p><strong>3. M\u00e4rz 2022<\/strong><\/p>\n\n\n\n<p>Es ist jetzt sehr wichtig, mutig zu sein. Angesichts dessen, dass ich letzte Nacht wegen des Luftalarms zweimal f\u00fcr jeweils 3 Stunden in den Keller gehen musste, habe ich nicht genug geschlafen. Aber Gott sei Dank, dass ich heute wieder das Licht sehen darf und wieder bereit bin, zu handeln und zu helfen, was wir auch in die letzten Tagen getan haben. Ich bin unendlich dankbar f\u00fcr die <a href=\"https:\/\/ecg.berlin\/hilfe-fuer-fluechtlinge-aus-ukraine\/\" data-type=\"post\" data-id=\"3749\">Spenden<\/a>. In den letzten Tagen wurden mir mehr als<em> 6.000\u20ac<\/em> \u00fcberwiesen, von denen schon die H\u00e4lfte f\u00fcr Lebensmittel, Medikamente und mehr ausgegeben wurde. <a href=\"https:\/\/ecg.berlin\/kindermissionarin-svetlana-rabokon\/\" data-type=\"post\" data-id=\"377\">Svetlana<\/a><\/p>\n\n\n<div class=\"wp-block-image\">\n<figure class=\"aligncenter size-large is-resized\"><img loading=\"lazy\" decoding=\"async\" src=\"https:\/\/ecg.berlin\/wp-content\/uploads\/2022\/03\/WhatsApp-Image-2022-03-07-at-19.39.48-1-768x1024.jpeg\" alt=\"\" class=\"wp-image-3810\" width=\"384\" height=\"512\" srcset=\"https:\/\/ecg.berlin\/wp-content\/uploads\/2022\/03\/WhatsApp-Image-2022-03-07-at-19.39.48-1-768x1024.jpeg 768w, https:\/\/ecg.berlin\/wp-content\/uploads\/2022\/03\/WhatsApp-Image-2022-03-07-at-19.39.48-1-225x300.jpeg 225w, https:\/\/ecg.berlin\/wp-content\/uploads\/2022\/03\/WhatsApp-Image-2022-03-07-at-19.39.48-1.jpeg 900w\" sizes=\"auto, (max-width: 384px) 100vw, 384px\" \/><figcaption class=\"wp-element-caption\">Durch Spenden durften viele Lebensmittelpakete gepackt und verteilt werden<\/figcaption><\/figure>\n<\/div>","protected":false},"excerpt":{"rendered":"<p>Aktuelle Hilfe an Fl\u00fcchtlingen aus der Ukraine<\/p>\n","protected":false},"author":11,"featured_media":4664,"comment_status":"closed","ping_status":"closed","sticky":false,"template":"","format":"standard","meta":{"footnotes":""},"categories":[22],"tags":[],"class_list":{"0":"post-3785","1":"post","2":"type-post","3":"status-publish","4":"format-standard","5":"has-post-thumbnail","7":"category-neuigkeiten"},"_links":{"self":[{"href":"https:\/\/ecg.berlin\/ru\/wp-json\/wp\/v2\/posts\/3785","targetHints":{"allow":["GET"]}}],"collection":[{"href":"https:\/\/ecg.berlin\/ru\/wp-json\/wp\/v2\/posts"}],"about":[{"href":"https:\/\/ecg.berlin\/ru\/wp-json\/wp\/v2\/types\/post"}],"author":[{"embeddable":true,"href":"https:\/\/ecg.berlin\/ru\/wp-json\/wp\/v2\/users\/11"}],"replies":[{"embeddable":true,"href":"https:\/\/ecg.berlin\/ru\/wp-json\/wp\/v2\/comments?post=3785"}],"version-history":[{"count":172,"href":"https:\/\/ecg.berlin\/ru\/wp-json\/wp\/v2\/posts\/3785\/revisions"}],"predecessor-version":[{"id":4704,"href":"https:\/\/ecg.berlin\/ru\/wp-json\/wp\/v2\/posts\/3785\/revisions\/4704"}],"wp:featuredmedia":[{"embeddable":true,"href":"https:\/\/ecg.berlin\/ru\/wp-json\/wp\/v2\/media\/4664"}],"wp:attachment":[{"href":"https:\/\/ecg.berlin\/ru\/wp-json\/wp\/v2\/media?parent=3785"}],"wp:term":[{"taxonomy":"category","embeddable":true,"href":"https:\/\/ecg.berlin\/ru\/wp-json\/wp\/v2\/categories?post=3785"},{"taxonomy":"post_tag","embeddable":true,"href":"https:\/\/ecg.berlin\/ru\/wp-json\/wp\/v2\/tags?post=3785"}],"curies":[{"name":"wp","href":"https:\/\/api.w.org\/{rel}","templated":true}]}}