{"id":3638,"date":"2021-10-04T16:09:49","date_gmt":"2021-10-04T14:09:49","guid":{"rendered":"https:\/\/ecg.berlin\/?p=3638"},"modified":"2021-10-04T16:11:51","modified_gmt":"2021-10-04T14:11:51","slug":"kreatikon","status":"publish","type":"post","link":"https:\/\/ecg.berlin\/ru\/kreatikon\/","title":{"rendered":"Kreatikon"},"content":{"rendered":"\n<p>Die Kreatikon ist eine Konferenz zum Thema Sch\u00f6pfung. Diese wird 2021 an unterschiedlichen Standorten als ein Livestream gemeinsam geschaut. Ein Standort ist hier in Berlin-Hellersdorf. <\/p>\n\n\n\n<p>Eine Anmeldung ist notwendig f\u00fcr die Planung und Vorbereitung. Der Eintritt ist kostenlos.<\/p>\n\n\n\n<div class=\"wp-block-buttons is-layout-flex wp-block-buttons-is-layout-flex\">\n<div class=\"wp-block-button\"><a class=\"wp-block-button__link has-luminous-vivid-orange-to-vivid-red-gradient-background has-background\" href=\"https:\/\/docs.google.com\/forms\/d\/e\/1FAIpQLSfBLAzoAMCX2qKrP7KUH1KvjDSU-uc5gk24AboV3wnvDHpG8Q\/viewform?usp=sf_link\" target=\"_blank\" rel=\"noreferrer noopener\">Anmeldung<\/a><\/div>\n\n\n\n<div class=\"wp-block-button\"><a class=\"wp-block-button__link has-background\" href=\"https:\/\/kreatikon.de\/\" style=\"background:linear-gradient(135deg,rgb(57,57,57) 0%,rgb(98,108,115) 100%)\"><em>Zu Hause den Livestream schauen<\/em><\/a><\/div>\n<\/div>\n\n\n\n<h2 class=\"wp-block-heading\">Ablaufplan<\/h2>\n\n\n\n<h3 class=\"wp-block-heading\"><strong>Freitag<\/strong><\/h3>\n\n\n\n<figure class=\"wp-block-table\"><table class=\"has-fixed-layout\"><thead><tr><th>Uhrzeit<\/th><th>Hauptstream<\/th><th>Nebenstream<\/th><\/tr><\/thead><tbody><tr><td>14:00 \u2013 14:15<\/td><td>Er\u00f6ffnung<\/td><td><\/td><\/tr><tr><td>14:15 \u2013 15:00<\/td><td>H. Jaeger \u2013 Ursprung und Ziel \u2013 wer wei\u00df,&nbsp; wo er herkommt, wei\u00df auch, wo er hingeht! Zukunft braucht Herkunft<\/td><td><\/td><\/tr><tr><td>15:15 \u2013 16:15<\/td><td>Prof. W. Gitt \u2013 Philosophische, mathematische und naturgesetzlich basierte Gottesbeweise<\/td><td><\/td><\/tr><tr><td>16:15 \u201316:45<\/td><td>Kaffeepause<\/td><td><\/td><\/tr><tr><td>16:45 \u2013 17:45<\/td><td>Dr. P. Borger \u2013 K\u00f6nnen wir Einfluss auf unsere Gene nehmen?<\/td><td>Kurzvortr\u00e4ge von \u201eUnbekannten\u201c<\/td><\/tr><tr><td>18:00 \u2013 19:00<\/td><td>A. v. Stein \u2013 Gott redet mit Hiob<\/td><td>Dr. B. Schmidtgall \u2013 Jedes nach seiner Art? \u00dcber die Grenzen der Evolution und das Grundtypenmodell der Sch\u00f6pfungslehre<\/td><\/tr><tr><td>19:00 \u2013 19:30<\/td><td>Kaffeepause<\/td><td><\/td><\/tr><tr><td>19:30 \u2013 21:00<\/td><td>Prof. A. MacIntosh &#8212; Das au\u00dfergew\u00f6hnliche Design des Bombardier-k\u00e4fers<\/td><td>Dr. M. Blietz \u2013 Droht uns ein Klima-Kollaps?<\/td><\/tr><\/tbody><\/table><\/figure>\n\n\n\n<h3 class=\"wp-block-heading\"><strong>Samstag<\/strong><\/h3>\n\n\n\n<figure class=\"wp-block-table\"><table class=\"has-fixed-layout\"><thead><tr><th>Uhrzeit<\/th><th>Hauptstream<\/th><th>Nebenstream<\/th><\/tr><\/thead><tbody><tr><td>10:00 \u2013 10:15<\/td><td>Er\u00f6ffnung<\/td><td><\/td><\/tr><tr><td>10:15 \u2013 11:15<\/td><td>Prof. M. Leisola \u2013 Denken f\u00fchrt zum Glauben<\/td><td>Dr. M. Blietz \u2013 Das R\u00e4tsel des Bernsteins<\/td><\/tr><tr><td>11:30 \u2013 12:30<\/td><td>Dr. B. Schmidtgall &#8212; Lasst uns Leben machen! Moderne Bioethik im Licht der biblischen Offenbarung?<\/td><td>Dr. P. Borger \u2013 Was sind Viren und wie passen sie in Gottes gute Sch\u00f6pfung?<\/td><\/tr><tr><td>12:30 \u2013 14:00<\/td><td>Mittagessen<\/td><td><\/td><\/tr><tr><td>14:00 \u2013 15:30<\/td><td>Dr. M. Blietz \u2013 Vulkanismus und die katastrophische Vergangenheit der Erde<\/td><td>Dr. S. Dr\u00fceke \u2013 Die W\u00fcste lebt<\/td><\/tr><tr><td>15:45 \u2013 16:45<\/td><td>Prof. A. MacIntosh \u2013 Wunder der Sch\u00f6pfung &#8212; die Welt der Federn<\/td><td>A. v. Stein \u2013 Wo ist Gott in dieser Welt?<\/td><\/tr><tr><td>16:45 \u2013 17:30<\/td><td>Kaffeepause<\/td><td><\/td><\/tr><tr><td>17:30 \u2013 18:15<\/td><td>H. Jaeger \u2013 Ursprung und Ziel \u2013 wer wei\u00df,&nbsp; wo er herkommt, wei\u00df auch, wo er hingeht! Unterwegs in eine herrliche Zukunft<\/td><td><\/td><\/tr><tr><td>18:15 \u2013 18:30<\/td><td>Abschluss<\/td><td><\/td><\/tr><\/tbody><\/table><\/figure>\n\n\n\n<h2 class=\"wp-block-heading\">Social<\/h2>\n\n\n\n<figure class=\"wp-block-image size-full is-resized\"><a href=\"https:\/\/ecg.berlin\/wp-content\/uploads\/2021\/10\/kreatikon-2.png\"><img loading=\"lazy\" decoding=\"async\" src=\"https:\/\/ecg.berlin\/wp-content\/uploads\/2021\/10\/kreatikon-2.png\" alt=\"\" class=\"wp-image-3656\" width=\"338\" height=\"600\" srcset=\"https:\/\/ecg.berlin\/wp-content\/uploads\/2021\/10\/kreatikon-2.png 675w, https:\/\/ecg.berlin\/wp-content\/uploads\/2021\/10\/kreatikon-2-169x300.png 169w, https:\/\/ecg.berlin\/wp-content\/uploads\/2021\/10\/kreatikon-2-576x1024.png 576w\" sizes=\"auto, (max-width: 338px) 100vw, 338px\" \/><\/a><\/figure>\n","protected":false},"excerpt":{"rendered":"<p>Die Kreatikon ist eine Konferenz zum Thema Sch\u00f6pfung. Diese wird 2021 an unterschiedlichen Standorten als ein Livestream gemeinsam geschaut. Ein Standort ist hier in Berlin-Hellersdorf. Eine Anmeldung ist notwendig f\u00fcr die Planung und Vorbereitung. Der Eintritt ist kostenlos. Ablaufplan Freitag Uhrzeit Hauptstream Nebenstream 14:00 \u2013 14:15 Er\u00f6ffnung 14:15 \u2013 15:00 H. Jaeger \u2013 Ursprung und<\/p>\n","protected":false},"author":2,"featured_media":3648,"comment_status":"closed","ping_status":"closed","sticky":false,"template":"","format":"standard","meta":{"footnotes":""},"categories":[22],"tags":[],"class_list":{"0":"post-3638","1":"post","2":"type-post","3":"status-publish","4":"format-standard","5":"has-post-thumbnail","7":"category-neuigkeiten"},"_links":{"self":[{"href":"https:\/\/ecg.berlin\/ru\/wp-json\/wp\/v2\/posts\/3638","targetHints":{"allow":["GET"]}}],"collection":[{"href":"https:\/\/ecg.berlin\/ru\/wp-json\/wp\/v2\/posts"}],"about":[{"href":"https:\/\/ecg.berlin\/ru\/wp-json\/wp\/v2\/types\/post"}],"author":[{"embeddable":true,"href":"https:\/\/ecg.berlin\/ru\/wp-json\/wp\/v2\/users\/2"}],"replies":[{"embeddable":true,"href":"https:\/\/ecg.berlin\/ru\/wp-json\/wp\/v2\/comments?post=3638"}],"version-history":[{"count":8,"href":"https:\/\/ecg.berlin\/ru\/wp-json\/wp\/v2\/posts\/3638\/revisions"}],"predecessor-version":[{"id":3658,"href":"https:\/\/ecg.berlin\/ru\/wp-json\/wp\/v2\/posts\/3638\/revisions\/3658"}],"wp:featuredmedia":[{"embeddable":true,"href":"https:\/\/ecg.berlin\/ru\/wp-json\/wp\/v2\/media\/3648"}],"wp:attachment":[{"href":"https:\/\/ecg.berlin\/ru\/wp-json\/wp\/v2\/media?parent=3638"}],"wp:term":[{"taxonomy":"category","embeddable":true,"href":"https:\/\/ecg.berlin\/ru\/wp-json\/wp\/v2\/categories?post=3638"},{"taxonomy":"post_tag","embeddable":true,"href":"https:\/\/ecg.berlin\/ru\/wp-json\/wp\/v2\/tags?post=3638"}],"curies":[{"name":"wp","href":"https:\/\/api.w.org\/{rel}","templated":true}]}}